{"id":48302,"date":"2026-03-03T21:46:12","date_gmt":"2026-03-03T21:46:12","guid":{"rendered":"https:\/\/cordoba.gob.ar\/?p=86066"},"modified":"2026-03-03T21:46:12","modified_gmt":"2026-03-03T21:46:12","slug":"este-jueves-se-presenta-el-libro-resistir-para-seguir-en-el-ccec","status":"publish","type":"post","link":"https:\/\/economiapoliticacba.com\/?p=48302","title":{"rendered":"Este jueves se presenta el libro \u201cResistir para seguir\u201d en el CCEC"},"content":{"rendered":"<div><img src=\"http:\/\/economiapoliticacba.com\/wp-content\/uploads\/2026\/03\/este-jueves-se-presenta-el-libro-resistir-para-seguir-en-el-ccec.jpg\" class=\"ff-og-image-inserted\"><\/div>\n<ul class=\"ak-ul\" data-prosemirror-content-type=\"node\" data-prosemirror-node-name=\"bulletList\" data-prosemirror-node-block=\"true\">\n<li data-prosemirror-content-type=\"node\" data-prosemirror-node-name=\"listItem\" data-prosemirror-node-block=\"true\">\n<p data-prosemirror-content-type=\"node\" data-prosemirror-node-name=\"paragraph\" data-prosemirror-node-block=\"true\"><strong>Se presenta una historia en formato novela, de la autora neuquina Beatriz Kreitman.<\/strong><\/p>\n<\/li>\n<li data-prosemirror-content-type=\"node\" data-prosemirror-node-name=\"listItem\" data-prosemirror-node-block=\"true\">\n<p data-prosemirror-content-type=\"node\" data-prosemirror-node-name=\"paragraph\" data-prosemirror-node-block=\"true\"><strong>A partir de las 19:00, con entrada libre y gratuita.<\/strong><\/p>\n<\/li>\n<\/ul>\n<hr>\n<p data-prosemirror-content-type=\"node\" data-prosemirror-node-name=\"paragraph\" data-prosemirror-node-block=\"true\">La Municipalidad de C\u00f3rdoba invita a la presentaci\u00f3n de la novela \u201cResistir para seguir\u201d, una propuesta para trascender las propias limitaciones para emerger al camino de la evoluci\u00f3n en las instalaciones del Centro Cultural Espa\u00f1a C\u00f3rdoba (Entre R\u00edos 40).<\/p>\n<p data-prosemirror-content-type=\"node\" data-prosemirror-node-name=\"paragraph\" data-prosemirror-node-block=\"true\">La novela recoge la vida de Miriam Ramona Escobar, quien vivi\u00f3 situaciones de maltrato y abuso en la ni\u00f1ez, adolescencia y juventud, inserta en una situaci\u00f3n de trata de personas. Logra a trav\u00e9s el proceso de resiliencia transformar su historia.<\/p>\n<p data-prosemirror-content-type=\"node\" data-prosemirror-node-name=\"paragraph\" data-prosemirror-node-block=\"true\">Tanto Kreitman como Escobar estar\u00e1n presentes en el evento que convoca al desaf\u00edo de superar instancias para conectar con el estado de superaci\u00f3n.<\/p>\n<p data-prosemirror-content-type=\"node\" data-prosemirror-node-name=\"paragraph\" data-prosemirror-node-block=\"true\">Una frase de la Miriam que nos coloca en eje de su empoderamiento, es: <em data-prosemirror-content-type=\"mark\" data-prosemirror-mark-name=\"em\">\u201cSi me quedo mirando al pasado, no puedo vivir\u201d.<\/em><\/p>\n<p data-prosemirror-content-type=\"node\" data-prosemirror-node-name=\"paragraph\" data-prosemirror-node-block=\"true\">La presentaci\u00f3n estar\u00e1 a cargo de Ana Colatarci y con m\u00fasica en vivo de Fran Loyola.<\/p>\n","protected":false},"excerpt":{"rendered":"<p>Se presenta una historia en formato novela, de la autora neuquina Beatriz Kreitman. A partir de las 19:00, con entrada libre y gratuita. La Municipalidad de C\u00f3rdoba invita a la presentaci\u00f3n de la novela \u201cResistir para seguir\u201d, una propuesta para trascender las propias limitaciones para emerger al camino de la evoluci\u00f3n en las instalaciones del [&hellip;]<\/p>\n","protected":false},"author":1,"featured_media":48303,"comment_status":"closed","ping_status":"closed","sticky":false,"template":"","format":"standard","meta":{"om_disable_all_campaigns":false,"_monsterinsights_skip_tracking":false,"_monsterinsights_sitenote_active":false,"_monsterinsights_sitenote_note":"","_monsterinsights_sitenote_category":0},"categories":[15],"tags":[],"aioseo_notices":[],"_links":{"self":[{"href":"https:\/\/economiapoliticacba.com\/index.php?rest_route=\/wp\/v2\/posts\/48302"}],"collection":[{"href":"https:\/\/economiapoliticacba.com\/index.php?rest_route=\/wp\/v2\/posts"}],"about":[{"href":"https:\/\/economiapoliticacba.com\/index.php?rest_route=\/wp\/v2\/types\/post"}],"author":[{"embeddable":true,"href":"https:\/\/economiapoliticacba.com\/index.php?rest_route=\/wp\/v2\/users\/1"}],"replies":[{"embeddable":true,"href":"https:\/\/economiapoliticacba.com\/index.php?rest_route=%2Fwp%2Fv2%2Fcomments&post=48302"}],"version-history":[{"count":0,"href":"https:\/\/economiapoliticacba.com\/index.php?rest_route=\/wp\/v2\/posts\/48302\/revisions"}],"wp:featuredmedia":[{"embeddable":true,"href":"https:\/\/economiapoliticacba.com\/index.php?rest_route=\/wp\/v2\/media\/48303"}],"wp:attachment":[{"href":"https:\/\/economiapoliticacba.com\/index.php?rest_route=%2Fwp%2Fv2%2Fmedia&parent=48302"}],"wp:term":[{"taxonomy":"category","embeddable":true,"href":"https:\/\/economiapoliticacba.com\/index.php?rest_route=%2Fwp%2Fv2%2Fcategories&post=48302"},{"taxonomy":"post_tag","embeddable":true,"href":"https:\/\/economiapoliticacba.com\/index.php?rest_route=%2Fwp%2Fv2%2Ftags&post=48302"}],"curies":[{"name":"wp","href":"https:\/\/api.w.org\/{rel}","templated":true}]}}