{"id":48292,"date":"2026-03-03T14:14:00","date_gmt":"2026-03-03T14:14:00","guid":{"rendered":"https:\/\/www.iprofesional.com\/negocios\/449324-crisis-de-los-supermercados-changomas-carrefour-la-anonima-y-libertad-en-rojo"},"modified":"2026-03-03T14:14:00","modified_gmt":"2026-03-03T14:14:00","slug":"crisis-de-los-supermercados-changomas-carrefour-la-anonima-y-libertad-entre-despidos-y-cierres","status":"publish","type":"post","link":"https:\/\/economiapoliticacba.com\/?p=48292","title":{"rendered":"Crisis de los supermercados: ChangoM\u00e1s, Carrefour, La An\u00f3nima y Libertad, entre despidos y cierres"},"content":{"rendered":"<div><img src=\"https:\/\/resizer.iproimg.com\/unsafe\/1280x720\/filters:format(webp):quality(75):max_bytes(102400)\/assets.iprofesional.com\/assets\/jpeg\/2023\/12\/563937_landscape.jpeg\" class=\"ff-og-image-inserted\"><\/div>\n<p>La situaci\u00f3n cr\u00edtica que atraviesa el segmento de los supermercados y autoservicios, derivada de<strong> una merma en la comercializaci\u00f3n que acumula meses sucesivos y las dificultades para afrontar los costos operativos<\/strong>, sigue complicando el horizonte de negocios de las cadenas y &#8220;peso pesado&#8221; de ese rubro. En esa l\u00ednea, la reducci\u00f3n de estructuras, los despidos y suspensiones, se han vuelto moneda corriente en ese nicho y, a la par de lo que ocurre con nombres como <a href=\"https:\/\/www.iprofesional.com\/negocios\/447525-supermercados-en-rojo-por-que-se-cae-el-negocio-de-libertad-vea-yaguar-easy-y-caromar\" target=\"_blank\" title=\"Crisis de los supermercados\" rel=\"noopener noreferrer\">Vea, Easy, Caromar y Yaguar<\/a>, en los \u00faltimos d\u00edas firmas como ChangoM\u00e1s, Libertad e incluso Carrefour, tambi\u00e9n <strong>comenzaron a achicar su presencia sobre todo en el interior de la Argentina<\/strong>. Por su parte,<strong> cadenas como La An\u00f3nima vienen de reconocer un salto multimillonario en la incobrabilidad<\/strong>, adem\u00e1s de se\u00f1alar una baja importante en sus niveles de venta.<\/p>\n<p>El achique de ChangoM\u00e1s, controlada por Grupo de Narv\u00e1ez (GDN) desde que el empresario en cuesti\u00f3n se qued\u00f3 con el negocio de Walmart en Argentina en 2020, viene haci\u00e9ndose sentir en provincias como La Pampa y San Juan. En esos distritos, se recortaron empleos tanto en Santa Rosa como en la capital sanjuanina.<\/p>\n<p>&#8220;El viernes (27 de febrero), en la ma\u00f1ana temprano, sobre las 8, tomamos conocimiento <strong>que se iban a producir despidos en el Hiper ChangoM\u00e1s e iban a ser un total de 11 personas<\/strong>. Se trata de 4 trabajadores de una sucursal, 4 de otra y 3 de una tercera sucursal&#8221;, declar\u00f3 al respecto Mirna Moral, secretaria gremial del Sindicato de Empleados de Comercio (SEC) en San Juan.<\/p>\n<p>&#8220;La empresa tuvo en cuenta lo que dice la ley: despedir a los \u00faltimos empleados que han ingresado. Ten\u00edan un a\u00f1o de antig\u00fcedad o menos y algunos, en per\u00edodo de prueba&#8221;, agreg\u00f3 la representante sindical.<\/p>\n<p><strong>La misma firma aplic\u00f3 recortes de personal en Santa Rosa<\/strong>, imitando al ajuste que en la misma capital provincial aplicaron recientemente Carrefour y La An\u00f3nima. &#8220;En las \u00faltimas horas se registraron 4 despidos en ChangoM\u00e1s. (Se) advirti\u00f3 que la empresa comenz\u00f3 a desvincular personal jer\u00e1rquico con el objetivo de reducir costos operativos&#8221;, indicaron fuentes period\u00edsticas pampeanas.<\/p>\n<p>&#8220;La situaci\u00f3n tambi\u00e9n alcanza a Carrefour, en el local de la avenida Spinetto. El Carrefour Maxi inici\u00f3 sus actividades con una estructura de 117 empleados y la intenci\u00f3n <strong>ser\u00eda reducirla a entre 60 y 70 trabajadores<\/strong>&#8220;, a\u00f1adieron.<\/p>\n<h2>La An\u00f3nima y un presente complicado<\/h2>\n<p>Se expuso, tambi\u00e9n, que La An\u00f3nima efectu\u00f3 medio centenar de despidos, tambi\u00e9n en La Pampa, durante el bienio m\u00e1s reciente. &#8220;De acuerdo a balances oficiales citados por el gremio, las unidades vendidas en Santa Rosa -desde leche hasta carne- cayeron un 25%. Esta retracci\u00f3n oblig\u00f3 a la empresa<strong> a reducir 56 puestos de trabajo entre enero de 2024 y fines de 2025<\/strong>&#8220;, informaron las fuentes.<\/p>\n<p>Las dificultades que atraviesa esa empresa fueron confirmadas recientemente por Nicol\u00e1s Braun, su gerente general.<\/p>\n<p>&#8220;Hoy a los supermercados <strong>nos est\u00e1 costando much\u00edsimo ser rentables<\/strong>. Por eso se ha ido Walmart como se fue. Somos sobrevivientes. Aunque mucha gente no lo debe creer, hoy, como cadena de supermercados que trabaja en la formalidad, es muy dif\u00edcil&#8221;, declar\u00f3.<\/p>\n<p>&#8220;Cuando compar\u00e1s en t\u00e9rminos relativos contra c\u00f3mo le va a los supermercados en Uruguay, en Chile, en Brasil, en M\u00e9xico, en el mundo, <strong>nos va muy mal<\/strong>&#8220;, sentenci\u00f3.<\/p>\n<p>Otra firma que anda de capa ca\u00edda es <a href=\"https:\/\/www.iprofesional.com\/negocios\/446750-se-derrumba-otra-cadena-de-hipermercados-despidos-al-por-mayor-y-probable-venta\" target=\"_blank\" title=\"La cadena Libertad, en problemas\" rel=\"noopener noreferrer\">Libertad<\/a>, que en Misiones recort\u00f3 alrededor de 100 empleos y hoy opera con sucursales en esa provincia donde predominan las g\u00f3ndolas vac\u00edas y la escasa clientela.<\/p>\n<p>&#8220;El hist\u00f3rico Hiper que lleg\u00f3 a Posadas en el 2001, y que durante varios a\u00f1os fue referente del consumo masivo, con clientes provenientes de toda la provincia, Corrientes e incluso Brasil y Paraguay, contin\u00faa atravesando un claro vaciamiento&#8221;, afirmaron medios misioneros.<\/p>\n<h2>Libertad y Vea, entre las firmas que bajan su presencia<\/h2>\n<p>&#8220;Si bien ahora cuenta con 120 trabajadores, de los 200 que hab\u00eda a comienzos del 2025, estiman que la empresa buscar\u00e1 reducir la planta hasta contar con 60 o 70 empleados de cara a la nueva modalidad de supermercado, por lo que no se descartan nuevos despidos&#8221;, completaron. <strong>Libertad viene de bajar la persiana a su espacio Fresh Market, en el DOT porte\u00f1o<\/strong>.<\/p>\n<p>Durante 2025 la compa\u00f1\u00eda recort\u00f3 29 puestos de trabajo en San Juan, mientras que ya en enero hubo dos nuevos despidos.<\/p>\n<p>La chilena Cencosud, due\u00f1a en la Argentina de marcas como Vea e Easy, est\u00e1 a la cabeza de <a href=\"https:\/\/www.iprofesional.com\/negocios\/443356-cierran-supermercados-y-cadenas-los-casos-de-vea-yaguar-fravega-y-el-mayorista-caromar\" target=\"_blank\" title=\"Menores ventas en supermercados\" rel=\"noopener noreferrer\">las firmas<\/a> que viene tirando el achique para sortear las menores ventas.<\/p>\n<p>En esa l\u00ednea, y tras avanzar con la decisi\u00f3n de dejar de competir por los activos de Carrefour en la Argentina, la trasandina aceler\u00f3 la pol\u00edtica de cerrar sucursales de ambas cadenas.<\/p>\n<p>En meses recientes, <strong>Cencosud cerr\u00f3 puntos de venta de Vea en el territorio bonaerense \u2014Castelar, Moreno, San Pedro y La Plata, por mencionar algunos casos<\/strong>. Y aplic\u00f3 despidos en Luj\u00e1n y Bah\u00eda Blanca\u2014, Catamarca y San Juan, y luego aplic\u00f3 la misma medida en Mendoza y Tucum\u00e1n.<\/p>\n<p>En d\u00edas recientes, tambi\u00e9n dej\u00f3 de operar un tradicional patio de comidas que funcionaba dentro del supermercado que <a href=\"https:\/\/www.iprofesional.com\/negocios\/441743-gigante-de-los-supermercados-cierra-sucursales-de-sus-cadenas-y-acentua-la-ola-de-despidos\" target=\"_blank\" title=\"Vea cierra sucursales\" rel=\"noopener noreferrer\">Vea<\/a> posee en San Juan. La medida implic\u00f3 la p\u00e9rdida de 20 puestos de trabajo directos.<\/p>\n","protected":false},"excerpt":{"rendered":"<p>La situaci\u00f3n cr\u00edtica que atraviesa el segmento de los supermercados y autoservicios, derivada de una merma en la comercializaci\u00f3n que acumula meses sucesivos y las dificultades para afrontar los costos operativos, sigue complicando el horizonte de negocios de las cadenas y &#8220;peso pesado&#8221; de ese rubro. En esa l\u00ednea, la reducci\u00f3n de estructuras, los despidos [&hellip;]<\/p>\n","protected":false},"author":1,"featured_media":0,"comment_status":"closed","ping_status":"closed","sticky":false,"template":"","format":"standard","meta":{"om_disable_all_campaigns":false,"_monsterinsights_skip_tracking":false,"_monsterinsights_sitenote_active":false,"_monsterinsights_sitenote_note":"","_monsterinsights_sitenote_category":0},"categories":[17],"tags":[],"aioseo_notices":[],"_links":{"self":[{"href":"https:\/\/economiapoliticacba.com\/index.php?rest_route=\/wp\/v2\/posts\/48292"}],"collection":[{"href":"https:\/\/economiapoliticacba.com\/index.php?rest_route=\/wp\/v2\/posts"}],"about":[{"href":"https:\/\/economiapoliticacba.com\/index.php?rest_route=\/wp\/v2\/types\/post"}],"author":[{"embeddable":true,"href":"https:\/\/economiapoliticacba.com\/index.php?rest_route=\/wp\/v2\/users\/1"}],"replies":[{"embeddable":true,"href":"https:\/\/economiapoliticacba.com\/index.php?rest_route=%2Fwp%2Fv2%2Fcomments&post=48292"}],"version-history":[{"count":0,"href":"https:\/\/economiapoliticacba.com\/index.php?rest_route=\/wp\/v2\/posts\/48292\/revisions"}],"wp:attachment":[{"href":"https:\/\/economiapoliticacba.com\/index.php?rest_route=%2Fwp%2Fv2%2Fmedia&parent=48292"}],"wp:term":[{"taxonomy":"category","embeddable":true,"href":"https:\/\/economiapoliticacba.com\/index.php?rest_route=%2Fwp%2Fv2%2Fcategories&post=48292"},{"taxonomy":"post_tag","embeddable":true,"href":"https:\/\/economiapoliticacba.com\/index.php?rest_route=%2Fwp%2Fv2%2Ftags&post=48292"}],"curies":[{"name":"wp","href":"https:\/\/api.w.org\/{rel}","templated":true}]}}