{"id":48290,"date":"2026-03-03T13:15:00","date_gmt":"2026-03-03T13:15:00","guid":{"rendered":"https:\/\/economiapoliticacba.com\/?p=48290"},"modified":"2026-03-03T13:15:00","modified_gmt":"2026-03-03T13:15:00","slug":"la-venta-de-autos-usados-tambien-cayo-en-febrero","status":"publish","type":"post","link":"https:\/\/economiapoliticacba.com\/?p=48290","title":{"rendered":"La venta de autos usados tambi\u00e9n cay\u00f3 en febrero"},"content":{"rendered":"<p><strong>\u00bfArranca o no arranca? <\/strong>El mercado del auto usado est\u00e1 por lo menos lento en el inicio de 2026. El reciente informe de la <strong>C\u00e1mara del Comercio Automotor (CCA) <\/strong>da cuenta de que en febrero se comercializaron un total de 130.229 unidades.<\/p>\n<p>Esto implica una ca\u00edda interanual del 12,6% respecto de igual mes del a\u00f1o pasado, mes en el que se comercializaron 149.004 veh\u00edculos, sino tambi\u00e9n un retroceso de 14,92% en relaci\u00f3n a enero pasado, cuando cambiaron de manos 153.070 unidades.<\/p>\n<p>De esta forma, en los dos primeros meses del a\u00f1o se vendieron 283.299 unidades, una baja del 11,2% comparado con igual per\u00edodo de 2025, en el que se concretaron 319.040 transferencias.<\/p>\n<p><mark class=\"marker-yellow\">En este comienzo dificultoso, las provincias que m\u00e1s bajaron fueron Misiones, La Rioja, Santa Cruz, Formosa y Salta. No obstante, el sector ve con buenas perspectivas los pr\u00f3ximos 10 meses y remarca que la comparaci\u00f3n con el inicio de 2025 no es del todo sana.<\/mark><\/p>\n<p>&#8220;Finaliz\u00f3 febrero y las ventas por segundo mes consecutivo muestran una baja interanual. Si bien estamos en el mes m\u00e1s flojo de ventas del a\u00f1o, (hist\u00f3ricamente es lo que sucede durante todos los febreros), creemos que factores como una financiaci\u00f3n m\u00e1s adecuada ser\u00edan muy importantes para favorecer un mercado m\u00e1s din\u00e1mico&#8221;, observ\u00f3 <strong>Alejandro Lamas<\/strong>, Secretario de la C\u00e1mara del Comercio Automotor.<\/p>\n<div class=\"rela\">\n<div class=\"pic\"> <a href=\"https:\/\/eleconomista.com.ar\/autos\/se-eliminaron-impuestos-internos-ya-hay-rebajas-precio-autos-us-26000-n92978\" title=\"Se eliminaron los Impuestos Internos y ya hay rebajas en el precio de los autos de hasta US$ 26.000\"><img src=\"http:\/\/economiapoliticacba.com\/wp-content\/uploads\/2026\/03\/la-venta-de-autos-usados-tambien-cayo-en-febrero.webp\" alt=\"Se eliminaron los Impuestos Internos y ya hay rebajas en el precio de los autos de hasta US$ 26.000\" loading=\"lazy\"><\/a> <\/div><\/div>\n<p>&#8220;Un relevamiento realizado en todo el pa\u00eds, muestra que esta baja es generalizada, incluso en provincias que vienen con un ritmo sostenido de ventas. Tambi\u00e9n, tenemos que mencionar que los vol\u00famenes comercializados en el primer bimestre de 2025 fueron at\u00edpicos&#8221;, aclar\u00f3.<\/p>\n<p><mark class=\"marker-yellow\">&#8220;De todas maneras, somos optimistas para la recuperaci\u00f3n en los pr\u00f3ximos meses, encontr\u00e1ndonos ante un mercado de oferta con mucha m\u00e1s variedad de productos para poder elegir&#8221;<\/mark>, finaliz\u00f3 el directivo.<\/p>\n<h2><strong>Ranking de los 10 autos usados m\u00e1s vendidos en febrero 2026<\/strong><\/h2>\n<ol>\n<li><strong>Volkswagen Gol y Trend: 7.311<\/strong><\/li>\n<li><strong>Toyota Hilux: 5.078<\/strong><\/li>\n<li><strong>Chevrolet Corsa y Classic: 3.703<\/strong><\/li>\n<li><strong>Volkswagen Amarok: 3.507<\/strong><\/li>\n<li><strong>Ford Ranger: 3.502<\/strong><\/li>\n<li><strong>Ford EcoSport: 2.856<\/strong><\/li>\n<li><strong>Toyota Corolla: 2.826<\/strong><\/li>\n<li><strong>Peugeot 208: 2.577<\/strong><\/li>\n<li><strong>Fiat Palio: 2.497<\/strong><\/li>\n<li><strong>Ford Ka: 2.444<\/strong>&nbsp;<\/li>\n<\/ol>\n<div class=\"rela\">\n<div class=\"pic\"> <a href=\"https:\/\/eleconomista.com.ar\/autos\/hay-acelerar-sacar-mochila-impositiva-exportar-n92901\" title=\"&quot;Hay que acelerar en sacar la mochila impositiva para exportar&quot;\"><img src=\"http:\/\/economiapoliticacba.com\/wp-content\/uploads\/2026\/03\/la-venta-de-autos-usados-tambien-cayo-en-febrero-1.webp\" alt=\"&quot;Hay que acelerar en sacar la mochila impositiva para exportar&quot;\" loading=\"lazy\"><\/a> <\/div><\/div>\n","protected":false},"excerpt":{"rendered":"<p>\u00bfArranca o no arranca? El mercado del auto usado est\u00e1 por lo menos lento en el inicio de 2026. El reciente informe de la C\u00e1mara del Comercio Automotor (CCA) da cuenta de que en febrero se comercializaron un total de 130.229 unidades. Esto implica una ca\u00edda interanual del 12,6% respecto de igual mes del a\u00f1o [&hellip;]<\/p>\n","protected":false},"author":1,"featured_media":48291,"comment_status":"closed","ping_status":"closed","sticky":false,"template":"","format":"standard","meta":{"om_disable_all_campaigns":false,"_monsterinsights_skip_tracking":false,"_monsterinsights_sitenote_active":false,"_monsterinsights_sitenote_note":"","_monsterinsights_sitenote_category":0},"categories":[17],"tags":[],"aioseo_notices":[],"_links":{"self":[{"href":"https:\/\/economiapoliticacba.com\/index.php?rest_route=\/wp\/v2\/posts\/48290"}],"collection":[{"href":"https:\/\/economiapoliticacba.com\/index.php?rest_route=\/wp\/v2\/posts"}],"about":[{"href":"https:\/\/economiapoliticacba.com\/index.php?rest_route=\/wp\/v2\/types\/post"}],"author":[{"embeddable":true,"href":"https:\/\/economiapoliticacba.com\/index.php?rest_route=\/wp\/v2\/users\/1"}],"replies":[{"embeddable":true,"href":"https:\/\/economiapoliticacba.com\/index.php?rest_route=%2Fwp%2Fv2%2Fcomments&post=48290"}],"version-history":[{"count":0,"href":"https:\/\/economiapoliticacba.com\/index.php?rest_route=\/wp\/v2\/posts\/48290\/revisions"}],"wp:featuredmedia":[{"embeddable":true,"href":"https:\/\/economiapoliticacba.com\/index.php?rest_route=\/wp\/v2\/media\/48291"}],"wp:attachment":[{"href":"https:\/\/economiapoliticacba.com\/index.php?rest_route=%2Fwp%2Fv2%2Fmedia&parent=48290"}],"wp:term":[{"taxonomy":"category","embeddable":true,"href":"https:\/\/economiapoliticacba.com\/index.php?rest_route=%2Fwp%2Fv2%2Fcategories&post=48290"},{"taxonomy":"post_tag","embeddable":true,"href":"https:\/\/economiapoliticacba.com\/index.php?rest_route=%2Fwp%2Fv2%2Ftags&post=48290"}],"curies":[{"name":"wp","href":"https:\/\/api.w.org\/{rel}","templated":true}]}}