{"id":48284,"date":"2026-03-02T23:55:00","date_gmt":"2026-03-02T23:55:00","guid":{"rendered":"https:\/\/www.clubtalleres.com.ar\/?p=205468"},"modified":"2026-03-02T23:55:00","modified_gmt":"2026-03-02T23:55:00","slug":"experiencia-y-jerarquia-para-talleres-franco-cristaldo-es-nuevo-refuerzo-albiazul","status":"publish","type":"post","link":"https:\/\/economiapoliticacba.com\/?p=48284","title":{"rendered":"Experiencia y jerarqu\u00eda para Talleres: Franco Cristaldo es nuevo refuerzo Albiazul"},"content":{"rendered":"<div><img src=\"http:\/\/economiapoliticacba.com\/wp-content\/uploads\/2026\/03\/experiencia-y-jerarquia-para-talleres-franco-cristaldo-es-nuevo-refuerzo-albiazul.jpg\" class=\"ff-og-image-inserted\"><\/div>\n<p>Franco Cristaldo es oriundo de Buenos Aires y con 29 a\u00f1os tiene una extensa e importante carrera como futbolista. Se inici\u00f3 en Boca Juniors, club en el que debut\u00f3 como profesional en el 2014. Tras disputar 10 partidos en el conjunto Xeneixe, Cristaldo fue transferido al f\u00fatbol espa\u00f1ol para defender la camiseta del Elche y Rayo Vallecano.<\/p>\n<p>En el 2017, el volante nacido en Mor\u00f3n regres\u00f3 al pa\u00eds, fue protagonista en diferentes Clubes de la liga y en la Temporada 2020 se convirti\u00f3 en refuerzo de Hurac\u00e1n, instituci\u00f3n en la que se convirti\u00f3 en figura y emblema. En el Globo, Franco jug\u00f3 91 partidos, marc\u00f3 23 goles y otorg\u00f3 21 asistencias.<\/p>\n<p>Luego de los dos a\u00f1os temporadas en la que fue figura del f\u00fatbol argentino, Franco Cristaldo fue transferido al f\u00fatbol brasilero, liga en la que jug\u00f3 de manera completa las \u00faltimas dos temporadas.<\/p>\n<p>Franco Cristaldo llega al Club Atl\u00e9tico Talleres a pr\u00e9stamo con opci\u00f3n de compra hasta el 31 de diciembre del 2026.<\/p>\n","protected":false},"excerpt":{"rendered":"<p>Franco Cristaldo es oriundo de Buenos Aires y con 29 a\u00f1os tiene una extensa e importante carrera como futbolista. Se inici\u00f3 en Boca Juniors, club en el que debut\u00f3 como profesional en el 2014. Tras disputar 10 partidos en el conjunto Xeneixe, Cristaldo fue transferido al f\u00fatbol espa\u00f1ol para defender la camiseta del Elche y [&hellip;]<\/p>\n","protected":false},"author":1,"featured_media":48285,"comment_status":"closed","ping_status":"closed","sticky":false,"template":"","format":"standard","meta":{"om_disable_all_campaigns":false,"_monsterinsights_skip_tracking":false,"_monsterinsights_sitenote_active":false,"_monsterinsights_sitenote_note":"","_monsterinsights_sitenote_category":0},"categories":[16],"tags":[],"aioseo_notices":[],"_links":{"self":[{"href":"https:\/\/economiapoliticacba.com\/index.php?rest_route=\/wp\/v2\/posts\/48284"}],"collection":[{"href":"https:\/\/economiapoliticacba.com\/index.php?rest_route=\/wp\/v2\/posts"}],"about":[{"href":"https:\/\/economiapoliticacba.com\/index.php?rest_route=\/wp\/v2\/types\/post"}],"author":[{"embeddable":true,"href":"https:\/\/economiapoliticacba.com\/index.php?rest_route=\/wp\/v2\/users\/1"}],"replies":[{"embeddable":true,"href":"https:\/\/economiapoliticacba.com\/index.php?rest_route=%2Fwp%2Fv2%2Fcomments&post=48284"}],"version-history":[{"count":0,"href":"https:\/\/economiapoliticacba.com\/index.php?rest_route=\/wp\/v2\/posts\/48284\/revisions"}],"wp:featuredmedia":[{"embeddable":true,"href":"https:\/\/economiapoliticacba.com\/index.php?rest_route=\/wp\/v2\/media\/48285"}],"wp:attachment":[{"href":"https:\/\/economiapoliticacba.com\/index.php?rest_route=%2Fwp%2Fv2%2Fmedia&parent=48284"}],"wp:term":[{"taxonomy":"category","embeddable":true,"href":"https:\/\/economiapoliticacba.com\/index.php?rest_route=%2Fwp%2Fv2%2Fcategories&post=48284"},{"taxonomy":"post_tag","embeddable":true,"href":"https:\/\/economiapoliticacba.com\/index.php?rest_route=%2Fwp%2Fv2%2Ftags&post=48284"}],"curies":[{"name":"wp","href":"https:\/\/api.w.org\/{rel}","templated":true}]}}