{"id":48271,"date":"2026-03-02T23:58:24","date_gmt":"2026-03-02T23:58:24","guid":{"rendered":"https:\/\/canalshowsport.com.ar\/?p=37126"},"modified":"2026-03-02T23:58:24","modified_gmt":"2026-03-02T23:58:24","slug":"nueva-temporada-de-formula-1-colapinto-se-estrena-este-fin-de-semana-en-el-gp-de-australia","status":"publish","type":"post","link":"https:\/\/economiapoliticacba.com\/?p=48271","title":{"rendered":"Nueva temporada de F\u00f3rmula 1: Colapinto se estrena este fin de semana en el GP de Australia"},"content":{"rendered":"<div><img src=\"http:\/\/economiapoliticacba.com\/wp-content\/uploads\/2026\/03\/nueva-temporada-de-formula-1-colapinto-se-estrena-este-fin-de-semana-en-el-gp-de-australia.webp\" class=\"ff-og-image-inserted\"><\/div>\n<div class=\"single-excerpt\" readability=\"7\">\n<p>El piloto argentino dar\u00e1 comienzo a la temporada en el circuito de Albert Park Circuit.<\/p>\n<\/div>\n<p>La F\u00f3rmula 1 2026 inicia este fin de semana con el <strong>Gran Premio de Australia<\/strong>, primera fecha del campeonato que se desarrolla en el hist\u00f3rico circuito Albert Park Circuit en Melbourne, Australia. En esta oportunidad, el piloto argentino <strong>Franco Colapinto<\/strong> se prepara para debutar oficialmente en la temporada al mando del monoplaza del equipo<strong> Alpine<\/strong>.<\/p>\n<p>La categor\u00eda vive este a\u00f1o una transformaci\u00f3n con la llegada de nuevas reglamentaciones t\u00e9cnicas y una parrilla m\u00e1s competitiva, lo que impulsa a los equipos y a los pilotos a comenzar con fuerza desde las primeras pr\u00e1cticas.<\/p>\n<p>En cuanto a la transmisi\u00f3n, <em>Disney+ Premium, Fox Sports Argentina y F1 TV<\/em>, ser\u00e1n las se\u00f1ales encargadas de seguir la primera jornada. <\/p>\n<p class=\"has-medium-font-size\"><strong>Horarios del GP de Australia <\/strong><\/p>\n<p><strong>Jueves 5 de marzo<\/strong><\/p>\n<ul class=\"wp-block-list\">\n<li>Pr\u00e1ctica Libre 1: <strong>22:30 <\/strong><\/li>\n<\/ul>\n<p><strong>Viernes 6 de marzo<\/strong><\/p>\n<ul class=\"wp-block-list\">\n<li>Pr\u00e1ctica Libre 2: <strong>02:00 <\/strong><\/li>\n<li>Pr\u00e1ctica Libre 3: <strong>22:30 <\/strong><\/li>\n<\/ul>\n<p><strong>S\u00e1bado 7 de marzo<\/strong><\/p>\n<ul class=\"wp-block-list\">\n<li>Clasificaci\u00f3n: <strong>02:00 <\/strong><\/li>\n<\/ul>\n<p><strong>Domingo 8 de marzo<\/strong><\/p>\n<ul class=\"wp-block-list\">\n<li><strong>Carrera principal:<\/strong> <strong>01:00 <\/strong><\/li>\n<\/ul>\n<figure class=\"wp-block-embed is-type-wp-embed is-provider-canal-showsport wp-block-embed-canal-showsport\"><\/figure>\n","protected":false},"excerpt":{"rendered":"<p>El piloto argentino dar\u00e1 comienzo a la temporada en el circuito de Albert Park Circuit. La F\u00f3rmula 1 2026 inicia este fin de semana con el Gran Premio de Australia, primera fecha del campeonato que se desarrolla en el hist\u00f3rico circuito Albert Park Circuit en Melbourne, Australia. En esta oportunidad, el piloto argentino Franco Colapinto [&hellip;]<\/p>\n","protected":false},"author":1,"featured_media":48272,"comment_status":"closed","ping_status":"closed","sticky":false,"template":"","format":"standard","meta":{"om_disable_all_campaigns":false,"_monsterinsights_skip_tracking":false,"_monsterinsights_sitenote_active":false,"_monsterinsights_sitenote_note":"","_monsterinsights_sitenote_category":0},"categories":[16],"tags":[125,716,203,2319,1237],"aioseo_notices":[],"_links":{"self":[{"href":"https:\/\/economiapoliticacba.com\/index.php?rest_route=\/wp\/v2\/posts\/48271"}],"collection":[{"href":"https:\/\/economiapoliticacba.com\/index.php?rest_route=\/wp\/v2\/posts"}],"about":[{"href":"https:\/\/economiapoliticacba.com\/index.php?rest_route=\/wp\/v2\/types\/post"}],"author":[{"embeddable":true,"href":"https:\/\/economiapoliticacba.com\/index.php?rest_route=\/wp\/v2\/users\/1"}],"replies":[{"embeddable":true,"href":"https:\/\/economiapoliticacba.com\/index.php?rest_route=%2Fwp%2Fv2%2Fcomments&post=48271"}],"version-history":[{"count":0,"href":"https:\/\/economiapoliticacba.com\/index.php?rest_route=\/wp\/v2\/posts\/48271\/revisions"}],"wp:featuredmedia":[{"embeddable":true,"href":"https:\/\/economiapoliticacba.com\/index.php?rest_route=\/wp\/v2\/media\/48272"}],"wp:attachment":[{"href":"https:\/\/economiapoliticacba.com\/index.php?rest_route=%2Fwp%2Fv2%2Fmedia&parent=48271"}],"wp:term":[{"taxonomy":"category","embeddable":true,"href":"https:\/\/economiapoliticacba.com\/index.php?rest_route=%2Fwp%2Fv2%2Fcategories&post=48271"},{"taxonomy":"post_tag","embeddable":true,"href":"https:\/\/economiapoliticacba.com\/index.php?rest_route=%2Fwp%2Fv2%2Ftags&post=48271"}],"curies":[{"name":"wp","href":"https:\/\/api.w.org\/{rel}","templated":true}]}}