{"id":48256,"date":"2026-03-02T13:00:00","date_gmt":"2026-03-02T13:00:00","guid":{"rendered":"https:\/\/economiapoliticacba.com\/?p=48256"},"modified":"2026-03-02T13:00:00","modified_gmt":"2026-03-02T13:00:00","slug":"por-que-sentis-que-no-te-alcanza-la-plata-aunque-tu-sueldo-suba-el-dato-de-un-economista-top-de-la-city-que-lo-explica-todo","status":"publish","type":"post","link":"https:\/\/economiapoliticacba.com\/?p=48256","title":{"rendered":"\u00bfPor qu\u00e9 sent\u00eds que no te alcanza la plata aunque tu sueldo &#8220;suba&#8221;? El dato de un economista top de la city que lo explica todo"},"content":{"rendered":"<p>El 2025 cerr\u00f3 con un crecimiento del <strong>3,8%<\/strong> en la actividad comercial, pero el n\u00famero esconde <mark class=\"marker-yellow\">una realidad de &#8220;dos velocidades&#8221;<\/mark>. Seg\u00fan el \u00faltimo informe de <mark class=\"marker-yellow\"><strong>Econviews<\/strong><\/mark>, el consumo en Argentina atraviesa un momento de extrema heterogeneidad: <strong>el cr\u00e9dito salv\u00f3 a los electrodom\u00e9sticos y autos, pero la heladera familiar sigue sufriendo.<\/strong> <\/p>\n<h2><strong>El drama de los supermercados: lejos de la recuperaci\u00f3n<\/strong><\/h2>\n<p>A pesar del rebote general, las ventas en <strong>supermercados y mayoristas<\/strong> est\u00e1n en niveles cr\u00edticos. <\/p>\n<ul>\n<li><strong>Supermercados:<\/strong> Aunque subieron 2,7% en diciembre, todav\u00eda est\u00e1n <strong>8,7% por debajo<\/strong> de los niveles de noviembre de 2023.<\/li>\n<li><strong>Mayoristas:<\/strong> La situaci\u00f3n es m\u00e1s grave, con una ca\u00edda acumulada del <strong>6,8%<\/strong> en el a\u00f1o y un hundimiento del <strong>19,6%<\/strong> respecto al cierre de la gesti\u00f3n anterior.<\/li>\n<\/ul>\n<p><strong>\u00bfEl motivo?<\/strong> La falta de demanda. <strong>El comerciante hoy teme m\u00e1s a las g\u00f3ndolas vac\u00edas de clientes que a la inflaci\u00f3n.<\/strong> <\/p>\n<h2><strong>El &#8220;doom&#8221; de los durables: el regreso de las cuotas y el cr\u00e9dito<\/strong><\/h2>\n<p>La contracara es el sector de bienes durables, que termin\u00f3 el 2025 en terreno positivo gracias a la apertura comercial y la reactivaci\u00f3n del financiamiento. <\/p>\n<ul>\n<li><strong>Electrodom\u00e9sticos:<\/strong> Las cantidades vendidas saltaron <strong>17,3%<\/strong>. Lo m\u00e1s buscado fueron los <strong>televisores (+54%)<\/strong>, seguidos por cocinas y peque\u00f1os electrodom\u00e9sticos.<\/li>\n<li><strong>Autos y Motos:<\/strong> Los patentamientos de autos volaron <strong>56,9%<\/strong>. Un dato clave: el <strong>73%<\/strong> de los veh\u00edculos fueron importados, se\u00f1al de que la mayor oferta corrigi\u00f3 distorsiones de precios. Las motos no se quedaron atr\u00e1s, con una suba del <strong>30,9%<\/strong>.<\/li>\n<li><strong>Shoppings:<\/strong> Por primera vez desde la crisis sanitaria, las ventas en centros comerciales alcanzaron niveles <strong>prepandemia<\/strong> (promedio 2017-2019).<\/li>\n<\/ul>\n<h2><strong>El mercado inmobiliario: el motor de la hipoteca<\/strong><\/h2>\n<p>El 2025 fue el a\u00f1o del regreso del cr\u00e9dito hipotecario. En la Ciudad de Buenos Aires se firmaron <strong>70.093 escrituras<\/strong>, 28,1% m\u00e1s que el a\u00f1o previo. Casi <strong>14.000<\/strong> de esos actos fueron gracias a hipotecas, demostrando que cuando el cr\u00e9dito aparece, el mercado responde. <\/p>\n<p><i><strong>Ojo al dato:<\/strong> Econviews advierte una desaceleraci\u00f3n debido a la falta de fondeo de largo plazo, un vac\u00edo que el Gobierno busca llenar con el nuevo fondo de indemnizaciones (FAL).<\/i> <\/p>\n<h2><strong>\u00bfPor qu\u00e9 no se siente la mejora? La trampa del &#8220;Ingreso Disponible&#8221;<\/strong><\/h2>\n<p>Esta es la explicaci\u00f3n t\u00e9cnica de por qu\u00e9 sent\u00eds que el sueldo no alcanza aunque las estad\u00edsticas hablen de recuperaci\u00f3n.&nbsp; <\/p>\n<p>Miguel Kiguel y su equipo distinguen dos conceptos clave: <\/p>\n<p><strong>Salario Real:<\/strong> Est\u00e1 solo 1,2% abajo de noviembre de 2023. <\/p>\n<p><mark class=\"marker-yellow\"><strong>Ingreso Disponible:<\/strong> Es lo que te queda despu\u00e9s de pagar <strong>tarifas, alquiler, prepagas y transporte<\/strong>. Este indicador est\u00e1 <strong>13,3% abajo<\/strong>.<\/mark> <\/p>\n<figure class=\"image\"><img loading=\"lazy\" width=\"100\" height=\"100\" class=\"cst_img\" src=\"http:\/\/economiapoliticacba.com\/wp-content\/uploads\/2026\/03\/por-que-sentis-que-no-te-alcanza-la-plata-aunque-tu-sueldo-suba-el-dato-de-un-economista-top-de-la-city-que-lo-explica-todo.webp\" alt=\"\u00bfPor qu\u00e9 sent\u00eds que no te alcanza la plata aunque tu sueldo &quot;suba&quot;? El dato de un economista top que lo explica todo\"><figcaption><strong>\u00bfPor qu\u00e9 sent\u00eds que no te alcanza la plata aunque tu sueldo &#8220;suba&#8221;? El dato de un economista top que lo explica todo<\/strong><\/figcaption><\/figure>\n<p>Los gastos fijos se &#8220;comieron&#8221; la capacidad de compra en el supermercado, dejando al consumo masivo sin ox\u00edgeno. <\/p>\n<h2><strong>Perspectivas 2026: \u00bfse termin\u00f3 la fiesta del cr\u00e9dito?<\/strong><\/h2>\n<p>El inicio de 2026 arroja se\u00f1ales mixtas. <mark class=\"marker-yellow\">Enero mostr\u00f3 fuerza en autos (+12,9%), pero febrero encendi\u00f3 las alarmas con una <strong>ca\u00edda del 0,9% en el cr\u00e9dito al consumo<\/strong>.<\/mark> <\/p>\n<p>Sin una mejora real y contundente del salario que le gane a los servicios p\u00fablicos, <strong>el 2026 no luce prometedor para el consumo masivo.<\/strong>&nbsp; <\/p>\n<p>La econom\u00eda argentina sigue intentando caminar, pero con una mochila de gastos fijos que cada vez pesa m\u00e1s. <\/p>\n","protected":false},"excerpt":{"rendered":"<p>El 2025 cerr\u00f3 con un crecimiento del 3,8% en la actividad comercial, pero el n\u00famero esconde una realidad de &#8220;dos velocidades&#8221;. Seg\u00fan el \u00faltimo informe de Econviews, el consumo en Argentina atraviesa un momento de extrema heterogeneidad: el cr\u00e9dito salv\u00f3 a los electrodom\u00e9sticos y autos, pero la heladera familiar sigue sufriendo. El drama de los [&hellip;]<\/p>\n","protected":false},"author":1,"featured_media":48257,"comment_status":"closed","ping_status":"closed","sticky":false,"template":"","format":"standard","meta":{"om_disable_all_campaigns":false,"_monsterinsights_skip_tracking":false,"_monsterinsights_sitenote_active":false,"_monsterinsights_sitenote_note":"","_monsterinsights_sitenote_category":0},"categories":[17],"tags":[],"aioseo_notices":[],"_links":{"self":[{"href":"https:\/\/economiapoliticacba.com\/index.php?rest_route=\/wp\/v2\/posts\/48256"}],"collection":[{"href":"https:\/\/economiapoliticacba.com\/index.php?rest_route=\/wp\/v2\/posts"}],"about":[{"href":"https:\/\/economiapoliticacba.com\/index.php?rest_route=\/wp\/v2\/types\/post"}],"author":[{"embeddable":true,"href":"https:\/\/economiapoliticacba.com\/index.php?rest_route=\/wp\/v2\/users\/1"}],"replies":[{"embeddable":true,"href":"https:\/\/economiapoliticacba.com\/index.php?rest_route=%2Fwp%2Fv2%2Fcomments&post=48256"}],"version-history":[{"count":0,"href":"https:\/\/economiapoliticacba.com\/index.php?rest_route=\/wp\/v2\/posts\/48256\/revisions"}],"wp:featuredmedia":[{"embeddable":true,"href":"https:\/\/economiapoliticacba.com\/index.php?rest_route=\/wp\/v2\/media\/48257"}],"wp:attachment":[{"href":"https:\/\/economiapoliticacba.com\/index.php?rest_route=%2Fwp%2Fv2%2Fmedia&parent=48256"}],"wp:term":[{"taxonomy":"category","embeddable":true,"href":"https:\/\/economiapoliticacba.com\/index.php?rest_route=%2Fwp%2Fv2%2Fcategories&post=48256"},{"taxonomy":"post_tag","embeddable":true,"href":"https:\/\/economiapoliticacba.com\/index.php?rest_route=%2Fwp%2Fv2%2Ftags&post=48256"}],"curies":[{"name":"wp","href":"https:\/\/api.w.org\/{rel}","templated":true}]}}