{"id":48219,"date":"2026-03-01T12:00:00","date_gmt":"2026-03-01T12:00:00","guid":{"rendered":"https:\/\/www.clubtalleres.com.ar\/?p=205176"},"modified":"2026-03-01T12:00:00","modified_gmt":"2026-03-01T12:00:00","slug":"dia-del-trabajador-ferroviario-un-homenaje-a-quienes-forjaron-nuestra-historia","status":"publish","type":"post","link":"https:\/\/economiapoliticacba.com\/?p=48219","title":{"rendered":"D\u00eda del Trabajador Ferroviario: un homenaje a quienes forjaron nuestra historia"},"content":{"rendered":"<div class=\"elementor-widget-container\" readability=\"29\">\n<p>El 1\u00b0 de marzo es un d\u00eda que recuerda el movimiento constante, el esfuerzo silencioso y las manos que ayudaron a construir el pa\u00eds sobre rieles. Se conmemora el<strong> D\u00eda del Trabajador Ferroviario<\/strong>, en memoria del traspaso de los ferrocarriles al Estado argentino en 1948, cuando el sistema ferroviario pas\u00f3 a convertirse en una herramienta de <strong>integraci\u00f3n y desarrollo nacional<\/strong>, conectando pueblos, econom\u00edas regionales e historias a lo largo de casi 50.000 kil\u00f3metros de v\u00edas.<\/p>\n<figure class=\"wp-block-embed is-type-video is-provider-youtube wp-block-embed-youtube wp-embed-aspect-16-9 wp-has-aspect-ratio\">\n<p>\n<iframe loading=\"lazy\" title=\"\ud83d\udc99 \ud835\udc0d\ud835\udc1a\ud835\udc1c\ud835\udc22\ud835\udc1d\ud835\udc28\ud835\udc2c \ud835\udc1e\ud835\udc27 \ud835\udc13\ud835\udc1a\ud835\udc25\ud835\udc25\ud835\udc1e\ud835\udc2b\ud835\udc1e\ud835\udc2c, \ud835\udc25\ud835\udc28 \ud835\udc2a\ud835\udc2e\ud835\udc1e \ud835\udc2f\ud835\udc22\ud835\udc1e\ud835\udc27\ud835\udc1e \ud835\udc21\ud835\udc28\ud835\udc27\ud835\udc2b\ud835\udc1a\ud835\udc27\ud835\udc1d\ud835\udc28 \ud835\udc1e\ud835\udc25 \ud835\udc29\ud835\udc1a\ud835\udc2c\ud835\udc1a\ud835\udc1d\ud835\udc28.\" width=\"1300\" height=\"731\" src=\"https:\/\/www.youtube.com\/embed\/gxcNosbDYHE?feature=oembed\" frameborder=\"0\" allow=\"accelerometer; autoplay; clipboard-write; encrypted-media; gyroscope; picture-in-picture; web-share\" referrerpolicy=\"strict-origin-when-cross-origin\" allowfullscreen>[embedded content]<\/iframe>\n<\/p>\n<\/figure>\n<p>Pero para <strong>Talleres<\/strong>, esta fecha tiene un significado todav\u00eda m\u00e1s profundo. Porque nuestra historia naci\u00f3 entre vagones y locomotoras. <\/p>\n<figure class=\"wp-block-image size-large\"><img loading=\"lazy\" fetchpriority=\"high\" decoding=\"async\" width=\"1024\" height=\"720\" src=\"http:\/\/economiapoliticacba.com\/wp-content\/uploads\/2026\/03\/dia-del-trabajador-ferroviario-un-homenaje-a-quienes-forjaron-nuestra-historia.jpg\" alt class=\"wp-image-201388\" srcset=\"http:\/\/economiapoliticacba.com\/wp-content\/uploads\/2026\/03\/dia-del-trabajador-ferroviario-un-homenaje-a-quienes-forjaron-nuestra-historia.jpg 1024w, http:\/\/economiapoliticacba.com\/wp-content\/uploads\/2026\/03\/dia-del-trabajador-ferroviario-un-homenaje-a-quienes-forjaron-nuestra-historia-2.jpg 300w, http:\/\/economiapoliticacba.com\/wp-content\/uploads\/2026\/03\/dia-del-trabajador-ferroviario-un-homenaje-a-quienes-forjaron-nuestra-historia-3.jpg 768w, http:\/\/economiapoliticacba.com\/wp-content\/uploads\/2026\/03\/dia-del-trabajador-ferroviario-un-homenaje-a-quienes-forjaron-nuestra-historia-4.jpg 1536w, http:\/\/economiapoliticacba.com\/wp-content\/uploads\/2026\/03\/dia-del-trabajador-ferroviario-un-homenaje-a-quienes-forjaron-nuestra-historia-5.jpg 2048w, http:\/\/economiapoliticacba.com\/wp-content\/uploads\/2026\/03\/dia-del-trabajador-ferroviario-un-homenaje-a-quienes-forjaron-nuestra-historia-6.jpg 600w\" sizes=\"(max-width: 1024px) 100vw, 1024px\"><\/figure>\n<p>Entre Forja y el Super Deportivo, en Barrio Pueyrred\u00f3n, se encuentra el lugar en donde empez\u00f3 todo. Corr\u00eda la segunda d\u00e9cada del siglo XX y el ferrocarril empujaba el futuro. Entre discusiones, partidos improvisados y charlas interminables, naci\u00f3 una pasi\u00f3n que nunca se detendr\u00eda. Un vag\u00f3n hac\u00eda de tribuna, los compa\u00f1eros alentaban y el f\u00fatbol se convert\u00eda en refugio y esperanza.<\/p>\n<figure class=\"wp-block-image size-full\"><img loading=\"lazy\" decoding=\"async\" width=\"1024\" height=\"576\" src=\"http:\/\/economiapoliticacba.com\/wp-content\/uploads\/2026\/03\/dia-del-trabajador-ferroviario-un-homenaje-a-quienes-forjaron-nuestra-historia-1.jpg\" alt class=\"wp-image-205183\" srcset=\"http:\/\/economiapoliticacba.com\/wp-content\/uploads\/2026\/03\/dia-del-trabajador-ferroviario-un-homenaje-a-quienes-forjaron-nuestra-historia-1.jpg 1024w, http:\/\/economiapoliticacba.com\/wp-content\/uploads\/2026\/03\/dia-del-trabajador-ferroviario-un-homenaje-a-quienes-forjaron-nuestra-historia-7.jpg 300w, http:\/\/economiapoliticacba.com\/wp-content\/uploads\/2026\/03\/dia-del-trabajador-ferroviario-un-homenaje-a-quienes-forjaron-nuestra-historia-8.jpg 768w, http:\/\/economiapoliticacba.com\/wp-content\/uploads\/2026\/03\/dia-del-trabajador-ferroviario-un-homenaje-a-quienes-forjaron-nuestra-historia-9.jpg 600w\" sizes=\"(max-width: 1024px) 100vw, 1024px\"><\/figure>\n<p>Entre ellos estaba <strong>Thomas Lawson<\/strong>, jefe del Taller, quien comprendi\u00f3 antes que nadie que aquello era m\u00e1s que un juego. Con la autorizaci\u00f3n del ingeniero G. E. Morton, el sue\u00f1o tom\u00f3 forma. As\u00ed comenz\u00f3 nuestra historia. <\/p>\n<p>Hoy, m\u00e1s de un siglo despu\u00e9s, los pasillos siguen ah\u00ed. La virgencita permanece intacta, como cuando los jugadores se deten\u00edan a rezar antes de salir a la cancha. La canchita a\u00fan guarda ecos de partidos interminables. Los mismos suelos que pisaron <strong>Lawson<\/strong>, los hermanos <strong>Salvatelli <\/strong>y <strong>Juan Prax<\/strong> siguen contando la historia a quien quiera escucharla.<\/p>\n<p>Cada<strong> 1\u00b0 de marzo<\/strong> recordamos a quienes hicieron del ferrocarril un motor del pa\u00eds y, al mismo tiempo, honramos a aquellos trabajadores que, sin saberlo, fundaron algo eterno. Obreros que encontraron en el f\u00fatbol una forma de <strong>comunidad, identidad y futuro.<\/strong><\/p>\n<p><strong>\u00a1VAMOS TALLERES!<\/strong><\/p>\n<\/p><\/div>\n","protected":false},"excerpt":{"rendered":"<p>El 1\u00b0 de marzo es un d\u00eda que recuerda el movimiento constante, el esfuerzo silencioso y las manos que ayudaron a construir el pa\u00eds sobre rieles. Se conmemora el D\u00eda del Trabajador Ferroviario, en memoria del traspaso de los ferrocarriles al Estado argentino en 1948, cuando el sistema ferroviario pas\u00f3 a convertirse en una herramienta [&hellip;]<\/p>\n","protected":false},"author":1,"featured_media":48220,"comment_status":"closed","ping_status":"closed","sticky":false,"template":"","format":"standard","meta":{"om_disable_all_campaigns":false,"_monsterinsights_skip_tracking":false,"_monsterinsights_sitenote_active":false,"_monsterinsights_sitenote_note":"","_monsterinsights_sitenote_category":0},"categories":[16],"tags":[],"aioseo_notices":[],"_links":{"self":[{"href":"https:\/\/economiapoliticacba.com\/index.php?rest_route=\/wp\/v2\/posts\/48219"}],"collection":[{"href":"https:\/\/economiapoliticacba.com\/index.php?rest_route=\/wp\/v2\/posts"}],"about":[{"href":"https:\/\/economiapoliticacba.com\/index.php?rest_route=\/wp\/v2\/types\/post"}],"author":[{"embeddable":true,"href":"https:\/\/economiapoliticacba.com\/index.php?rest_route=\/wp\/v2\/users\/1"}],"replies":[{"embeddable":true,"href":"https:\/\/economiapoliticacba.com\/index.php?rest_route=%2Fwp%2Fv2%2Fcomments&post=48219"}],"version-history":[{"count":0,"href":"https:\/\/economiapoliticacba.com\/index.php?rest_route=\/wp\/v2\/posts\/48219\/revisions"}],"wp:featuredmedia":[{"embeddable":true,"href":"https:\/\/economiapoliticacba.com\/index.php?rest_route=\/wp\/v2\/media\/48220"}],"wp:attachment":[{"href":"https:\/\/economiapoliticacba.com\/index.php?rest_route=%2Fwp%2Fv2%2Fmedia&parent=48219"}],"wp:term":[{"taxonomy":"category","embeddable":true,"href":"https:\/\/economiapoliticacba.com\/index.php?rest_route=%2Fwp%2Fv2%2Fcategories&post=48219"},{"taxonomy":"post_tag","embeddable":true,"href":"https:\/\/economiapoliticacba.com\/index.php?rest_route=%2Fwp%2Fv2%2Ftags&post=48219"}],"curies":[{"name":"wp","href":"https:\/\/api.w.org\/{rel}","templated":true}]}}