{"id":48186,"date":"2026-02-28T12:41:00","date_gmt":"2026-02-28T12:41:00","guid":{"rendered":"https:\/\/www.iprofesional.com\/economia\/449029-oficial-el-gobierno-elimino-el-presentismo-y-baja-el-sueldo-de-empleados-publicos"},"modified":"2026-02-28T12:41:00","modified_gmt":"2026-02-28T12:41:00","slug":"oficial-el-gobierno-elimino-el-presentismo-y-baja-el-sueldo-de-empleados-publicos","status":"publish","type":"post","link":"https:\/\/economiapoliticacba.com\/?p=48186","title":{"rendered":"Oficial: el Gobierno elimin\u00f3 el presentismo y baja el sueldo de empleados p\u00fablicos"},"content":{"rendered":"<div id>\n<p> La medida fue publicada en el Bolet\u00edn Oficial y elimina un incentivo salarial clave para los trabajadores estatales. El impacto en los ingresos de bolsillo <\/p>\n<p><strong>28\/02\/2026<\/strong> &#8211; 09:41hs<\/p>\n<div class=\"image-container img-wide padding-b\"> <picture><source type=\"image\/webp\" media=\"(max-width: 642px)\" srcset=\"https:\/\/resizer.iproimg.com\/unsafe\/384x\/filters:format(webp):quality(75):max_bytes(102400)\/https:\/\/assets.iprofesional.com\/assets\/jpg\/2024\/04\/570748.jpg 384w, https:\/\/resizer.iproimg.com\/unsafe\/512x\/filters:format(webp):quality(75):max_bytes(102400)\/https:\/\/assets.iprofesional.com\/assets\/jpg\/2024\/04\/570748.jpg 512w, https:\/\/resizer.iproimg.com\/unsafe\/640x\/filters:format(webp):quality(75):max_bytes(102400)\/https:\/\/assets.iprofesional.com\/assets\/jpg\/2024\/04\/570748.jpg 640w\" sizes=\"100vw\"><source type=\"image\/webp\" media=\"(min-width: 642.01px) and (max-width: 1270px)\" srcset=\"https:\/\/resizer.iproimg.com\/unsafe\/614x\/filters:format(webp):quality(75):max_bytes(102400)\/https:\/\/assets.iprofesional.com\/assets\/jpg\/2024\/04\/570748.jpg 614w\" sizes=\"614px\"><source type=\"image\/webp\" media=\"(min-width: 1270.01px) and (max-width: 1898px)\" srcset=\"https:\/\/resizer.iproimg.com\/unsafe\/928x\/filters:format(webp):quality(75):max_bytes(102400)\/https:\/\/assets.iprofesional.com\/assets\/jpg\/2024\/04\/570748.jpg 928w\" sizes=\"928px\"><source type=\"image\/webp\" media=\"(min-width: 1898.01px)\" srcset=\"https:\/\/resizer.iproimg.com\/unsafe\/1270x\/filters:format(webp):quality(75):max_bytes(102400)\/https:\/\/assets.iprofesional.com\/assets\/jpg\/2024\/04\/570748.jpg 1270w\" sizes=\"1270px\"><img loading=\"lazy\" decoding=\"async\" src=\"https:\/\/resizer.iproimg.com\/unsafe\/768x\/filters:format(webp):quality(75):max_bytes(102400)\/https:\/\/assets.iprofesional.com\/assets\/jpg\/2024\/04\/570748.jpg\" sizes=\"100vw\" class alt=\"Oficial: el Gobierno elimin\u00f3 el presentismo y baja el sueldo de empleados p\u00fablicos\" width=\"768\" height=\"432\" fetchpriority=\"high\"> <\/picture> <\/div><\/div>\n<div readability=\"75.012903225806\">\n<p>El escenario laboral en el sector p\u00fablico nacional atraviesa una transformaci\u00f3n estructural profunda bajo la <a href=\"https:\/\/www.iprofesional.com\/economia\/448815-indec-difunde-el-balance-del-crecimiento-economico-en-el-segundo-ano-del-gobierno-de-milei\" target=\"_blank\" title=\"INDEC publica los n\u00fameros del avance econ\u00f3mico en el segundo a\u00f1o de gobierno de Javier Milei\" rel=\"noopener noreferrer\">actual administraci\u00f3n<\/a>. En las \u00faltimas horas, una nueva disposici\u00f3n oficial gener\u00f3 revuelo en las dependencias estatales al <span>modificar directamente la composici\u00f3n de los haberes que perciben miles de trabajadores<\/span>. Esta decisi\u00f3n se enmarca en un plan de racionalizaci\u00f3n del gasto y de <strong>reconfiguraci\u00f3n de las normativas que rigen el <a href=\"https:\/\/www.iprofesional.com\/management\/447326-el-saldo-del-empleo-publico-tras-2-anos-de-motosierra\" target=\"_blank\" title=\"Datos oficiales: el saldo del empleo p\u00fablico tras 2 a\u00f1os de &quot;motosierra&quot;\" rel=\"noopener noreferrer\">empleo p\u00fablico en Argentina<\/a> con la quita del plus por presentismo<\/strong>.<\/p>\n<p>La medida, que ya fue formalizada a trav\u00e9s de los canales institucionales, apunta a desarticular una estructura de beneficios que se consideraba consolidada. <span>Para los empleados, esto no representa solo un cambio administrativo, sino una reducci\u00f3n directa en el poder adquisitivo<\/span>, ya que el componente eliminado funcionaba como un refuerzo mensual que <strong>premiaba la asistencia perfecta y que en algunos casa trepaba a $150.000.<\/strong><\/p>\n<h2>A qui\u00e9nes afecta la eliminaci\u00f3n del plus por presentismo<\/h2>\n<p>La medida que decidi\u00f3 el Gobierno luego del vencimiento de la pr\u00f3rroga del Premio Est\u00edmulo a la Asistencia, aplica solo sobre los <span>empleados pertenecientes al Sistema Nacional de Empleo P\u00fablico (SINEP).<\/span>:<\/p>\n<ul readability=\"0\">\n<li readability=\"-1\">\n<p>Casa Rosada y ministerios nacionales<\/p>\n<\/li>\n<li readability=\"-1\">\n<p>Organismos descentralizados<\/p>\n<\/li>\n<li readability=\"-1\">\n<p>Dependencias de la Administraci\u00f3n Central<\/p>\n<\/li>\n<\/ul>\n<h2>Qu\u00e9 implica la eliminaci\u00f3n del presentismo para el empleado estatal<\/h2>\n<p>La decisi\u00f3n del Ejecutivo consiste en la quita del \u00edtem correspondiente al presentismo en las liquidaciones de sueldo de la administraci\u00f3n p\u00fablica. Hist\u00f3ricamente, este suplemento <span>funcionaba como un incentivo monetario para aquellos trabajadores que no registraban inasistencias a lo largo del mes<\/span>. Al desaparecer este concepto, el salario neto de los trabajadores sufrir\u00e1 una merma que, dependiendo de la categor\u00eda y el convenio, puede tener un peso significativo en el total percibido a fin de mes.<\/p>\n<p>Desde el sector oficial <span>argumentan que esta modificaci\u00f3n busca simplificar el sistema de liquidaci\u00f3n y optimizar los recursos del Estado<\/span>. Sin embargo, para los trabajadores, el presentismo no era percibido como un premio, sino como una parte fundamental de su sustento diario para hacer frente a la inflaci\u00f3n. La quita de este \u00edtem se suma a otras medidas previas que limitaron las contrataciones, consolidando una pol\u00edtica de ajuste sobre la planta estatal que no parece tener marcha atr\u00e1s en el corto plazo.<\/p>\n<p>La resoluci\u00f3n impacta de forma dispar seg\u00fan el escalaf\u00f3n, pero la preocupaci\u00f3n es un\u00e1nime: la p\u00e9rdida de un \u00edtem fijo en un momento donde las paritarias del sector p\u00fablico corren detr\u00e1s de los aumentos de precios. Adem\u00e1s, la medida elimina el car\u00e1cter disuasorio que ten\u00eda el presentismo sobre el ausentismo, planteando un nuevo interrogante sobre c\u00f3mo se controlar\u00e1 la asistencia y el cumplimiento de tareas de ahora en adelante sin este incentivo econ\u00f3mico de por medio.<\/p>\n<\/p><\/div>\n","protected":false},"excerpt":{"rendered":"<p>La medida fue publicada en el Bolet\u00edn Oficial y elimina un incentivo salarial clave para los trabajadores estatales. El impacto en los ingresos de bolsillo 28\/02\/2026 &#8211; 09:41hs El escenario laboral en el sector p\u00fablico nacional atraviesa una transformaci\u00f3n estructural profunda bajo la actual administraci\u00f3n. En las \u00faltimas horas, una nueva disposici\u00f3n oficial gener\u00f3 revuelo [&hellip;]<\/p>\n","protected":false},"author":1,"featured_media":0,"comment_status":"closed","ping_status":"closed","sticky":false,"template":"","format":"standard","meta":{"om_disable_all_campaigns":false,"_monsterinsights_skip_tracking":false,"_monsterinsights_sitenote_active":false,"_monsterinsights_sitenote_note":"","_monsterinsights_sitenote_category":0},"categories":[17],"tags":[],"aioseo_notices":[],"_links":{"self":[{"href":"https:\/\/economiapoliticacba.com\/index.php?rest_route=\/wp\/v2\/posts\/48186"}],"collection":[{"href":"https:\/\/economiapoliticacba.com\/index.php?rest_route=\/wp\/v2\/posts"}],"about":[{"href":"https:\/\/economiapoliticacba.com\/index.php?rest_route=\/wp\/v2\/types\/post"}],"author":[{"embeddable":true,"href":"https:\/\/economiapoliticacba.com\/index.php?rest_route=\/wp\/v2\/users\/1"}],"replies":[{"embeddable":true,"href":"https:\/\/economiapoliticacba.com\/index.php?rest_route=%2Fwp%2Fv2%2Fcomments&post=48186"}],"version-history":[{"count":0,"href":"https:\/\/economiapoliticacba.com\/index.php?rest_route=\/wp\/v2\/posts\/48186\/revisions"}],"wp:attachment":[{"href":"https:\/\/economiapoliticacba.com\/index.php?rest_route=%2Fwp%2Fv2%2Fmedia&parent=48186"}],"wp:term":[{"taxonomy":"category","embeddable":true,"href":"https:\/\/economiapoliticacba.com\/index.php?rest_route=%2Fwp%2Fv2%2Fcategories&post=48186"},{"taxonomy":"post_tag","embeddable":true,"href":"https:\/\/economiapoliticacba.com\/index.php?rest_route=%2Fwp%2Fv2%2Ftags&post=48186"}],"curies":[{"name":"wp","href":"https:\/\/api.w.org\/{rel}","templated":true}]}}