{"id":48182,"date":"2026-02-28T13:16:00","date_gmt":"2026-02-28T13:16:00","guid":{"rendered":"https:\/\/economiapoliticacba.com\/?p=48182"},"modified":"2026-02-28T13:16:00","modified_gmt":"2026-02-28T13:16:00","slug":"se-eliminaron-los-impuestos-internos-y-ya-hay-rebajas-en-el-precio-de-los-autos-de-hasta-us-26-000","status":"publish","type":"post","link":"https:\/\/economiapoliticacba.com\/?p=48182","title":{"rendered":"Se eliminaron los Impuestos internos y ya hay rebajas en el precio de los autos de hasta US$ 26.000"},"content":{"rendered":"<div><img src=\"http:\/\/economiapoliticacba.com\/wp-content\/uploads\/2026\/02\/se-eliminaron-los-impuestos-internos-y-ya-hay-rebajas-en-el-precio-de-los-autos-de-hasta-us-26-000.jpg\" class=\"ff-og-image-inserted\"><\/div>\n<p>En la noche del viernes, el Senado de la Naci\u00f3n sancion\u00f3 la <a href=\"https:\/\/eleconomista.com.ar\/tags\/reforma-laboral-t7041\" target=\"_blank\" rel=\"noopener\">Reforma Laboral<\/a> impulsada por el oficialismo, en lo que fue una sesi\u00f3n marat\u00f3nica. <\/p>\n<p>En su extenso contenido, el cap\u00edtulo impositivo incluye la eliminaci\u00f3n de <a href=\"https:\/\/eleconomista.com.ar\/tags\/impuestos-internos-t5757\" target=\"_blank\" rel=\"noopener\">Impuestos Internos<\/a>, una medida que apunta a dejar sin efecto tras 12 a\u00f1os -y de manera definitiva- un arancel con el que cargaban autos, motos y embarcaciones. <\/p>\n<p><mark class=\"marker-yellow\">El sector automotor, que ya hab\u00eda celebrado hace exactamente un a\u00f1o la eliminaci\u00f3n por decreto de la primera escala y la reducci\u00f3n al 50% de la segunda, ahora podr\u00e1 empezar a reacomodar los precios sin un impuesto que distorsionaba las listas.<\/mark> <\/p>\n<p>Cabe recordar que la escala que estaba vigente afectaba a aquellos modelos cuyo precio se ubicaba a partir de los $104.000.000, a los cuales se los cargaba con 18%. <\/p>\n<p>Eran todos modelos importados, algunos de alta gama y otros simplemente muy caros pero que por provenir de mercados con los que no hay acuerdo, tributaban 35% de arancel y los encarec\u00eda de movida. <\/p>\n<h2><strong>\u00bfQu\u00e9 pasar\u00e1 con los precios de los autos ante la eliminaci\u00f3n de Impuestos Internos?<\/strong><\/h2>\n<p>Con la reforma sancionada al cierre de las sesiones extraordinarias, los Impuestos Internos dejan de existir. <\/p>\n<p>Falta a\u00fan que la ley sea promulgada por el Poder Ejecutivo y se publique en el Bolet\u00edn Oficial, no obstante varias automotrices ya adelantaron que -a modo de compromiso con sus clientes- comenzar\u00e1n a ajustar sus listas de precios a los cambios. <\/p>\n<p>Es una manera tambi\u00e9n de evitar un parate en las ventas y dinamizar un mercado que arranc\u00f3 muy flojo en enero y febrero (<a href=\"https:\/\/eleconomista.com.ar\/autos\/patentamientos-gobierno-dio-baja-sistema-estadisticas-liberara-datos-n92944\" target=\"_blank\" rel=\"noopener\">aunque faltan cifras por un conflicto entre el Gobierno y quienes las brindaban<\/a>). <\/p>\n<h2><strong>Ford baja los precios hasta US$ 26.000<\/strong><\/h2>\n<p>La primera automotriz que decidi\u00f3 salir a anunciar cambios efectivos a partir de este lunes es <a href=\"https:\/\/eleconomista.com.ar\/tags\/ford-t1717\" target=\"_blank\" rel=\"noopener\"><strong>Ford<\/strong><\/a>, y no s\u00f3lo con relaci\u00f3n a la salida de Impuestos Internos sino tambi\u00e9n vinculado al acuerdo Argentina &#8211; EE.UU. que incluye un cupo de 10.000 unidades anuales sin arancel para modelos provenientes del pa\u00eds del Norte. <\/p>\n<p>Esta combinaci\u00f3n hace que, seg\u00fan el caso, la reducci\u00f3n en el precio llegue a US$ 26.000. Los modelos que ver\u00e1n modificados sus precios son: <\/p>\n<p><strong>Ford Mustang Dark Horse: de US$97.000 a US$75.000 (-22,6%).<\/strong><br \/><strong>Mustang GT: de US$90.000 a US$65.000 (27,7%).<\/strong><br \/><strong>Bronco Badlands: de US$100.000 a US$74.000 (-26%).<\/strong> <\/p>\n<p>En el caso de la l\u00ednea de pick-ups F-150, la automotriz ya hab\u00eda anunciado en diciembre una reducci\u00f3n de US$ 10.000 anticip\u00e1ndose al acuerdo comercial con EE.UU. y ante la posibilidad concreta de la eliminaci\u00f3n del &#8220;impuesto al lujo&#8221;, y ahora decidi\u00f3 mantenerlos:&nbsp; <\/p>\n<p><strong>F-150 Lariat HEV: de US$ 90.000 a US$ 80.000 (-11,1%).<\/strong><br \/><strong>F-150 Tremor: de US$ 95.000 a US$ 85.000 (-10,5%).<\/strong><br \/><strong>F-150 Raptor: de US$ 115.000 a US$ 105.000 (-8,7%).<\/strong><\/p>\n<p>El resto de los modelos de Ford (Ranger, Maverick, Bronco Sport y Transit) no presentar\u00e1 cambios en marzo, anticiparon desde Pacheco. <\/p>\n<p>Se aguarda que el lunes haya novedades similares de distintas marcas, por lo que ser\u00e1 un arranque de mes intenso y con oportunidades para aprovechar un d\u00f3lar quieto. <\/p>\n","protected":false},"excerpt":{"rendered":"<p>En la noche del viernes, el Senado de la Naci\u00f3n sancion\u00f3 la Reforma Laboral impulsada por el oficialismo, en lo que fue una sesi\u00f3n marat\u00f3nica. En su extenso contenido, el cap\u00edtulo impositivo incluye la eliminaci\u00f3n de Impuestos Internos, una medida que apunta a dejar sin efecto tras 12 a\u00f1os -y de manera definitiva- un arancel [&hellip;]<\/p>\n","protected":false},"author":1,"featured_media":48183,"comment_status":"closed","ping_status":"closed","sticky":false,"template":"","format":"standard","meta":{"om_disable_all_campaigns":false,"_monsterinsights_skip_tracking":false,"_monsterinsights_sitenote_active":false,"_monsterinsights_sitenote_note":"","_monsterinsights_sitenote_category":0},"categories":[17],"tags":[],"aioseo_notices":[],"_links":{"self":[{"href":"https:\/\/economiapoliticacba.com\/index.php?rest_route=\/wp\/v2\/posts\/48182"}],"collection":[{"href":"https:\/\/economiapoliticacba.com\/index.php?rest_route=\/wp\/v2\/posts"}],"about":[{"href":"https:\/\/economiapoliticacba.com\/index.php?rest_route=\/wp\/v2\/types\/post"}],"author":[{"embeddable":true,"href":"https:\/\/economiapoliticacba.com\/index.php?rest_route=\/wp\/v2\/users\/1"}],"replies":[{"embeddable":true,"href":"https:\/\/economiapoliticacba.com\/index.php?rest_route=%2Fwp%2Fv2%2Fcomments&post=48182"}],"version-history":[{"count":0,"href":"https:\/\/economiapoliticacba.com\/index.php?rest_route=\/wp\/v2\/posts\/48182\/revisions"}],"wp:featuredmedia":[{"embeddable":true,"href":"https:\/\/economiapoliticacba.com\/index.php?rest_route=\/wp\/v2\/media\/48183"}],"wp:attachment":[{"href":"https:\/\/economiapoliticacba.com\/index.php?rest_route=%2Fwp%2Fv2%2Fmedia&parent=48182"}],"wp:term":[{"taxonomy":"category","embeddable":true,"href":"https:\/\/economiapoliticacba.com\/index.php?rest_route=%2Fwp%2Fv2%2Fcategories&post=48182"},{"taxonomy":"post_tag","embeddable":true,"href":"https:\/\/economiapoliticacba.com\/index.php?rest_route=%2Fwp%2Fv2%2Ftags&post=48182"}],"curies":[{"name":"wp","href":"https:\/\/api.w.org\/{rel}","templated":true}]}}