{"id":48144,"date":"2026-02-27T12:30:00","date_gmt":"2026-02-27T12:30:00","guid":{"rendered":"https:\/\/economiapoliticacba.com\/?p=48144"},"modified":"2026-02-27T12:30:00","modified_gmt":"2026-02-27T12:30:00","slug":"lo-que-falta-en-la-ley-laboral-para-bajar-la-informalidad","status":"publish","type":"post","link":"https:\/\/economiapoliticacba.com\/?p=48144","title":{"rendered":"Lo que falta en la ley laboral para bajar la informalidad"},"content":{"rendered":"<p>El proyecto de <a href=\"https:\/\/eleconomista.com.ar\/tags\/reforma-laboral-t5753\" target=\"_blank\" rel=\"noopener\"><strong>ley de Modernizaci\u00f3n Laboral<\/strong><\/a> hace su marcha triunfal hacia su aprobaci\u00f3n.&nbsp; <\/p>\n<p>Esto fue posible por dos factores: <\/p>\n<ol>\n<li>Los gobernadores apoyaron el proyecto como estaba a cambio de que no les toquen el impuesto a las ganancias de las empresas.&nbsp;<\/li>\n<li>Los sindicatos renunciaron a toda resistencia a cambio de que no les toquen las cuotas sindicales. El gobierno accedi\u00f3, pero con un tope de 2% del salario.&nbsp;<\/li>\n<\/ol>\n<p>Bueno, ahora no hay que exagerar las expectativas en cuanto a los impactos que tendr\u00e1 la reforma. <mark class=\"marker-yellow\">Los cambios de la reforma laboral son muy importantes y positivos apuntando a dar m\u00e1s previsibilidad a las relaciones laborales.<\/mark> Esto estimular\u00e1 la creaci\u00f3n de empleos formales en el segmento de las empresas medianas y grandes, donde no est\u00e1 la informalidad.&nbsp; <\/p>\n<p><strong>La informalidad est\u00e1 en las micropymes <\/strong>con menos de 10 trabajadores. Este segmento concentra el<strong> 80% del empleo asalariado no registrado<\/strong>. La reforma laboral no contempla alivios regulatorios e impositivos espec\u00edficos y potentes para las micropymes. Por eso, no hay que esperar milagros en t\u00e9rminos de reducci\u00f3n de la informalidad.&nbsp; <\/p>\n<p>Adem\u00e1s, al tema hay que pensarlo en t\u00e9rminos din\u00e1micos. <strong>La informalidad laboral en Argentina asciende al 50% de los ocupados. <\/strong>De este 50%, la mitad (25%) son asalariado no registrados y la otra mitad (25%) son cuentapropistas. En la medida que los cuentapropistas se incorporen en las micropymes, lo har\u00e1n como asalariados no registrados. O sea, seguir\u00e1n siendo informales. <\/p>\n<p>Por esto es crucial actuar sobre las reglas laborales de las micropymes. <\/p>\n<figure class=\"image\"><img loading=\"lazy\" width=\"100\" height=\"100\" class=\"cst_img\" src=\"http:\/\/economiapoliticacba.com\/wp-content\/uploads\/2026\/02\/lo-que-falta-en-la-ley-laboral-para-bajar-la-informalidad.webp\" alt=\"Reforma\"><figcaption>&nbsp;<\/figcaption><\/figure>\n<h2><strong>\u00bfPor qu\u00e9 las micropymes informalizan tanto?<\/strong><\/h2>\n<p>Porque <strong>los salarios de convenios son muy elevados para sus bajos niveles de productividad<\/strong>. Un salario de convenio de cualquier actividad est\u00e1 en el orden de $1.000.000 mensuales, cuando una micropyme est\u00e1 pagando salarios por $650.000 mensuales. De nuevo, no porque las micropymes sean crueles sino porque tienen baja productividad. Entonces, <mark class=\"marker-yellow\">dada su baja productividad, les es imposible llegar al salario de convenio.<\/mark> <\/p>\n<p>Encima, si blanquean, tienen que pagar contribuciones patronales en el r\u00e9gimen general por el equivalente a 30% del salario por encima del salario de convenio. Imposible para la micropymes. O sea, el blanqueo para una micropyme es un sue\u00f1o, si no se piensan regulaciones espec\u00edficas para micropymes. <\/p>\n<h2><strong>\u00bfC\u00f3mo se podr\u00eda tener un proceso masivo de formalizaci\u00f3n?<\/strong><\/h2>\n<p>Si el 80% de los informales est\u00e1 en las micropymes hay que pensar pol\u00edticas que impacten directamente sobre las micropymes desde el primer d\u00eda. Aqu\u00ed hay dos medidas muy potentes: <\/p>\n<ol>\n<li><mark class=\"marker-yellow\">Eximir a las micropymes de aplicar los convenios colectivos de actividad. Solo deber\u00edan aplicar la Ley de Contrato de Trabajo y cumplir con el Salario M\u00ednimo, Vital y M\u00f3vil.<\/mark><\/li>\n<li><mark class=\"marker-yellow\">Establecer un m\u00ednimo no imponible sobre la masa salarial para contribuciones patronales equivalente a $5 millones.<\/mark><\/li>\n<\/ol>\n<p>Con estas dos medidas, las micropymes estar\u00e1n en condiciones econ\u00f3micas de blanquear a sus trabajadores hoy informales ya que los blanquear\u00edan respetando el Salario M\u00ednimo, Vital y M\u00f3vil (no el salario de convenio) y con una importante reducci\u00f3n de contribuciones patronales dado que por los primeros $5 millones de masa salarial no las pagar\u00edan. Esto ser\u00eda un impacto de lleno a favor de la formalizaci\u00f3n laboral en las micropymes desde el primer d\u00eda de vigencia de la nueva ley.&nbsp; <\/p>\n<p>Esto no es una cr\u00edtica a la reforma laboral, que est\u00e1n muy bien; para la empresas medianas y grandes. Es una observaci\u00f3n de que el camino emprendido con la reforma es en la direcci\u00f3n correcta pero ahora hay que seguir caminando. <mark class=\"marker-yellow\"><strong>La marcha hacia la formalizaci\u00f3n laboral es todav\u00eda larga.<\/strong><\/mark> <\/p>\n<p>La buena noticia es que estas dos medidas propuestas para la micropymes son acompa\u00f1antes a lo que ser\u00e1 la nueva ley laboral. Que habr\u00e1 que sancionarlas en una nueva ley en la segunda etapa. Pero no hay que postergarlas por mucho tiempo. Porque la mitad de los ocupados que hoy son informales las necesitan con urgencia y esperanza. <\/p>\n","protected":false},"excerpt":{"rendered":"<p>El proyecto de ley de Modernizaci\u00f3n Laboral hace su marcha triunfal hacia su aprobaci\u00f3n.&nbsp; Esto fue posible por dos factores: Los gobernadores apoyaron el proyecto como estaba a cambio de que no les toquen el impuesto a las ganancias de las empresas.&nbsp; Los sindicatos renunciaron a toda resistencia a cambio de que no les toquen [&hellip;]<\/p>\n","protected":false},"author":1,"featured_media":48145,"comment_status":"closed","ping_status":"closed","sticky":false,"template":"","format":"standard","meta":{"om_disable_all_campaigns":false,"_monsterinsights_skip_tracking":false,"_monsterinsights_sitenote_active":false,"_monsterinsights_sitenote_note":"","_monsterinsights_sitenote_category":0},"categories":[17],"tags":[],"aioseo_notices":[],"_links":{"self":[{"href":"https:\/\/economiapoliticacba.com\/index.php?rest_route=\/wp\/v2\/posts\/48144"}],"collection":[{"href":"https:\/\/economiapoliticacba.com\/index.php?rest_route=\/wp\/v2\/posts"}],"about":[{"href":"https:\/\/economiapoliticacba.com\/index.php?rest_route=\/wp\/v2\/types\/post"}],"author":[{"embeddable":true,"href":"https:\/\/economiapoliticacba.com\/index.php?rest_route=\/wp\/v2\/users\/1"}],"replies":[{"embeddable":true,"href":"https:\/\/economiapoliticacba.com\/index.php?rest_route=%2Fwp%2Fv2%2Fcomments&post=48144"}],"version-history":[{"count":0,"href":"https:\/\/economiapoliticacba.com\/index.php?rest_route=\/wp\/v2\/posts\/48144\/revisions"}],"wp:featuredmedia":[{"embeddable":true,"href":"https:\/\/economiapoliticacba.com\/index.php?rest_route=\/wp\/v2\/media\/48145"}],"wp:attachment":[{"href":"https:\/\/economiapoliticacba.com\/index.php?rest_route=%2Fwp%2Fv2%2Fmedia&parent=48144"}],"wp:term":[{"taxonomy":"category","embeddable":true,"href":"https:\/\/economiapoliticacba.com\/index.php?rest_route=%2Fwp%2Fv2%2Fcategories&post=48144"},{"taxonomy":"post_tag","embeddable":true,"href":"https:\/\/economiapoliticacba.com\/index.php?rest_route=%2Fwp%2Fv2%2Ftags&post=48144"}],"curies":[{"name":"wp","href":"https:\/\/api.w.org\/{rel}","templated":true}]}}