{"id":48138,"date":"2026-02-27T14:20:20","date_gmt":"2026-02-27T14:20:20","guid":{"rendered":"https:\/\/www.clubtalleres.com.ar\/?p=205252"},"modified":"2026-02-27T14:20:20","modified_gmt":"2026-02-27T14:20:20","slug":"informacion-de-servicio-talleres-vs-san-lorenzo","status":"publish","type":"post","link":"https:\/\/economiapoliticacba.com\/?p=48138","title":{"rendered":"Informaci\u00f3n de servicio \u2013 Talleres vs. San Lorenzo"},"content":{"rendered":"<p><strong>Talleres <\/strong>informa a socios y socias toda la informaci\u00f3n de servicio para el pr\u00f3ximo partido ante<strong> San Lorenzo<\/strong>, correspondiente a la Liga Profesional de F\u00fatbol.<\/p>\n<p><strong>Talleres vs. San Lorenzo<\/strong><\/p>\n<figure class=\"wp-block-image size-large\"><img loading=\"lazy\" fetchpriority=\"high\" decoding=\"async\" width=\"576\" height=\"1024\" src=\"http:\/\/economiapoliticacba.com\/wp-content\/uploads\/2026\/02\/informacion-de-servicio-talleres-vs-san-lorenzo.jpg\" alt class=\"wp-image-205254\" srcset=\"http:\/\/economiapoliticacba.com\/wp-content\/uploads\/2026\/02\/informacion-de-servicio-talleres-vs-san-lorenzo.jpg 576w, http:\/\/economiapoliticacba.com\/wp-content\/uploads\/2026\/02\/informacion-de-servicio-talleres-vs-san-lorenzo-5.jpg 169w, http:\/\/economiapoliticacba.com\/wp-content\/uploads\/2026\/02\/informacion-de-servicio-talleres-vs-san-lorenzo-6.jpg 768w, http:\/\/economiapoliticacba.com\/wp-content\/uploads\/2026\/02\/informacion-de-servicio-talleres-vs-san-lorenzo-7.jpg 864w, http:\/\/economiapoliticacba.com\/wp-content\/uploads\/2026\/02\/informacion-de-servicio-talleres-vs-san-lorenzo-8.jpg 600w, http:\/\/economiapoliticacba.com\/wp-content\/uploads\/2026\/02\/informacion-de-servicio-talleres-vs-san-lorenzo-9.jpg 900w\" sizes=\"(max-width: 576px) 100vw, 576px\"><\/figure>\n<ul class=\"wp-block-list\">\n<li>Fecha: S\u00e1bado 28 de febrero<\/li>\n<\/ul>\n<ul class=\"wp-block-list\">\n<li>Inicio: 22.15 hs<\/li>\n<\/ul>\n<ul class=\"wp-block-list\">\n<li>Estadio: Mario Alberto Kempes<\/li>\n<\/ul>\n<ul class=\"wp-block-list\">\n<li>Apertura de puertas: 20.30 hs<\/li>\n<\/ul>\n<p><strong>Accesos al estadio<\/strong><\/p>\n<figure class=\"wp-block-image size-large\"><img loading=\"lazy\" decoding=\"async\" width=\"576\" height=\"1024\" src=\"http:\/\/economiapoliticacba.com\/wp-content\/uploads\/2026\/02\/informacion-de-servicio-talleres-vs-san-lorenzo-1.jpg\" alt class=\"wp-image-205257\" srcset=\"http:\/\/economiapoliticacba.com\/wp-content\/uploads\/2026\/02\/informacion-de-servicio-talleres-vs-san-lorenzo-1.jpg 576w, http:\/\/economiapoliticacba.com\/wp-content\/uploads\/2026\/02\/informacion-de-servicio-talleres-vs-san-lorenzo-10.jpg 169w, http:\/\/economiapoliticacba.com\/wp-content\/uploads\/2026\/02\/informacion-de-servicio-talleres-vs-san-lorenzo-11.jpg 768w, http:\/\/economiapoliticacba.com\/wp-content\/uploads\/2026\/02\/informacion-de-servicio-talleres-vs-san-lorenzo-12.jpg 864w, http:\/\/economiapoliticacba.com\/wp-content\/uploads\/2026\/02\/informacion-de-servicio-talleres-vs-san-lorenzo-13.jpg 600w, http:\/\/economiapoliticacba.com\/wp-content\/uploads\/2026\/02\/informacion-de-servicio-talleres-vs-san-lorenzo-14.jpg 900w\" sizes=\"(max-width: 576px) 100vw, 576px\"><\/figure>\n<p>Para un ingreso \u00e1gil y ordenado, cada ubicaci\u00f3n contar\u00e1 con portones espec\u00edficos:<\/p>\n<p>Plateas<\/p>\n<ul class=\"wp-block-list\">\n<li>Platea Ardiles: ingreso por Port\u00f3n P1<\/li>\n<\/ul>\n<ul class=\"wp-block-list\">\n<li>Platea Gasparini: ingresos por Portones P3 y P4<\/li>\n<\/ul>\n<p>Populares<\/p>\n<ul class=\"wp-block-list\">\n<li>Popular Willington: ingreso por Port\u00f3n P2<\/li>\n<\/ul>\n<ul class=\"wp-block-list\">\n<li>Popular Sur: ingreso por Port\u00f3n P1 Bis<\/li>\n<\/ul>\n<p>Se recomienda asistir con anticipaci\u00f3n y respetar los accesos asignados seg\u00fan la ubicaci\u00f3n adquirida.<\/p>\n<p><strong>C\u00f3mo llegar y estacionamiento<\/strong><\/p>\n<figure class=\"wp-block-image size-large\"><img loading=\"lazy\" decoding=\"async\" width=\"576\" height=\"1024\" src=\"http:\/\/economiapoliticacba.com\/wp-content\/uploads\/2026\/02\/informacion-de-servicio-talleres-vs-san-lorenzo-2.jpg\" alt class=\"wp-image-205256\" srcset=\"http:\/\/economiapoliticacba.com\/wp-content\/uploads\/2026\/02\/informacion-de-servicio-talleres-vs-san-lorenzo-2.jpg 576w, http:\/\/economiapoliticacba.com\/wp-content\/uploads\/2026\/02\/informacion-de-servicio-talleres-vs-san-lorenzo-15.jpg 169w, http:\/\/economiapoliticacba.com\/wp-content\/uploads\/2026\/02\/informacion-de-servicio-talleres-vs-san-lorenzo-16.jpg 768w, http:\/\/economiapoliticacba.com\/wp-content\/uploads\/2026\/02\/informacion-de-servicio-talleres-vs-san-lorenzo-17.jpg 864w, http:\/\/economiapoliticacba.com\/wp-content\/uploads\/2026\/02\/informacion-de-servicio-talleres-vs-san-lorenzo-18.jpg 600w, http:\/\/economiapoliticacba.com\/wp-content\/uploads\/2026\/02\/informacion-de-servicio-talleres-vs-san-lorenzo-19.jpg 900w\" sizes=\"(max-width: 576px) 100vw, 576px\"><\/figure>\n<p>El Estadio Kempes contar\u00e1 con sectores habilitados para estacionamiento:<\/p>\n<ul class=\"wp-block-list\">\n<li>Estacionamiento Norte: $15.000<\/li>\n<\/ul>\n<ul class=\"wp-block-list\">\n<li>Estacionamiento Sur: $15.000<\/li>\n<\/ul>\n<ul class=\"wp-block-list\">\n<li>Estacionamiento VIP: $35.000<\/li>\n<\/ul>\n<p>Adem\u00e1s, habr\u00e1 un sector de paradas de colectivos, con salidas desde las 20.00 hs desde Plaza H\u00e9roes de Malvinas (ex Plaza de la Intendencia).<\/p>\n<p><strong>Servicios dentro del estadio<\/strong><\/p>\n<figure class=\"wp-block-image size-large\"><img loading=\"lazy\" decoding=\"async\" width=\"576\" height=\"1024\" src=\"http:\/\/economiapoliticacba.com\/wp-content\/uploads\/2026\/02\/informacion-de-servicio-talleres-vs-san-lorenzo-3.jpg\" alt class=\"wp-image-205258\" srcset=\"http:\/\/economiapoliticacba.com\/wp-content\/uploads\/2026\/02\/informacion-de-servicio-talleres-vs-san-lorenzo-3.jpg 576w, http:\/\/economiapoliticacba.com\/wp-content\/uploads\/2026\/02\/informacion-de-servicio-talleres-vs-san-lorenzo-20.jpg 169w, http:\/\/economiapoliticacba.com\/wp-content\/uploads\/2026\/02\/informacion-de-servicio-talleres-vs-san-lorenzo-21.jpg 768w, http:\/\/economiapoliticacba.com\/wp-content\/uploads\/2026\/02\/informacion-de-servicio-talleres-vs-san-lorenzo-22.jpg 864w, http:\/\/economiapoliticacba.com\/wp-content\/uploads\/2026\/02\/informacion-de-servicio-talleres-vs-san-lorenzo-23.jpg 600w, http:\/\/economiapoliticacba.com\/wp-content\/uploads\/2026\/02\/informacion-de-servicio-talleres-vs-san-lorenzo-24.jpg 900w\" sizes=\"(max-width: 576px) 100vw, 576px\"><\/figure>\n<p>El estadio contar\u00e1 con:<\/p>\n<ul class=\"wp-block-list\">\n<li>Puestos sanitarios<\/li>\n<\/ul>\n<ul class=\"wp-block-list\">\n<li>Puestos de hidrataci\u00f3n<\/li>\n<\/ul>\n<ul class=\"wp-block-list\">\n<li>Boleter\u00edas \/ atenci\u00f3n al socio<\/li>\n<\/ul>\n<p>Se solicita identificar estos puntos en el mapa del estadio y utilizarlos responsablemente.<\/p>\n<p><strong>Informaci\u00f3n importante para el ingreso<\/strong><\/p>\n<ul class=\"wp-block-list\">\n<li>Presentar DNI f\u00edsico (se solicitar\u00e1 identificaci\u00f3n).<\/li>\n<\/ul>\n<ul class=\"wp-block-list\">\n<li>Contar con carnet f\u00edsico habilitado y cuota de febrero al d\u00eda.<\/li>\n<\/ul>\n<ul class=\"wp-block-list\">\n<li>El ingreso estar\u00e1 habilitado desde las 20.30 hs.<\/li>\n<\/ul>\n<p><strong>Cultura del Encuentro<\/strong><\/p>\n<p>En la previa del partido se realizar\u00e1 una acci\u00f3n especial bajo el lema <strong>\u201cCultura del Encuentro\u201d<\/strong>, donde se compartir\u00e1 un mensaje interreligioso promoviendo el respeto y la convivencia en el f\u00fatbol.<\/p>\n<figure class=\"wp-block-image size-large\"><img loading=\"lazy\" decoding=\"async\" width=\"576\" height=\"1024\" src=\"http:\/\/economiapoliticacba.com\/wp-content\/uploads\/2026\/02\/informacion-de-servicio-talleres-vs-san-lorenzo-4.jpg\" alt class=\"wp-image-205259\" srcset=\"http:\/\/economiapoliticacba.com\/wp-content\/uploads\/2026\/02\/informacion-de-servicio-talleres-vs-san-lorenzo-4.jpg 576w, http:\/\/economiapoliticacba.com\/wp-content\/uploads\/2026\/02\/informacion-de-servicio-talleres-vs-san-lorenzo-25.jpg 169w, http:\/\/economiapoliticacba.com\/wp-content\/uploads\/2026\/02\/informacion-de-servicio-talleres-vs-san-lorenzo-26.jpg 768w, http:\/\/economiapoliticacba.com\/wp-content\/uploads\/2026\/02\/informacion-de-servicio-talleres-vs-san-lorenzo-27.jpg 864w, http:\/\/economiapoliticacba.com\/wp-content\/uploads\/2026\/02\/informacion-de-servicio-talleres-vs-san-lorenzo-28.jpg 600w, http:\/\/economiapoliticacba.com\/wp-content\/uploads\/2026\/02\/informacion-de-servicio-talleres-vs-san-lorenzo-29.jpg 900w\" sizes=\"(max-width: 576px) 100vw, 576px\"><\/figure>\n<p>Horario: 21.00 hs<\/p>\n<p>Lugar: Sala de Prensa \u2013 Estadio Mario Alberto Kempes<\/p>\n<p>Desde el Club invitamos a toda la Familia Albiazul a vivir una nueva jornada junto al equipo, respetando las indicaciones de seguridad y promoviendo entre todos una experiencia positiva dentro y fuera de la cancha.<\/p>\n<p><strong>\u00a1Nos vemos en el Kempes! <\/strong><\/p>\n","protected":false},"excerpt":{"rendered":"<p>Talleres informa a socios y socias toda la informaci\u00f3n de servicio para el pr\u00f3ximo partido ante San Lorenzo, correspondiente a la Liga Profesional de F\u00fatbol. Talleres vs. San Lorenzo Fecha: S\u00e1bado 28 de febrero Inicio: 22.15 hs Estadio: Mario Alberto Kempes Apertura de puertas: 20.30 hs Accesos al estadio Para un ingreso \u00e1gil y ordenado, [&hellip;]<\/p>\n","protected":false},"author":1,"featured_media":48139,"comment_status":"closed","ping_status":"closed","sticky":false,"template":"","format":"standard","meta":{"om_disable_all_campaigns":false,"_monsterinsights_skip_tracking":false,"_monsterinsights_sitenote_active":false,"_monsterinsights_sitenote_note":"","_monsterinsights_sitenote_category":0},"categories":[16],"tags":[],"aioseo_notices":[],"_links":{"self":[{"href":"https:\/\/economiapoliticacba.com\/index.php?rest_route=\/wp\/v2\/posts\/48138"}],"collection":[{"href":"https:\/\/economiapoliticacba.com\/index.php?rest_route=\/wp\/v2\/posts"}],"about":[{"href":"https:\/\/economiapoliticacba.com\/index.php?rest_route=\/wp\/v2\/types\/post"}],"author":[{"embeddable":true,"href":"https:\/\/economiapoliticacba.com\/index.php?rest_route=\/wp\/v2\/users\/1"}],"replies":[{"embeddable":true,"href":"https:\/\/economiapoliticacba.com\/index.php?rest_route=%2Fwp%2Fv2%2Fcomments&post=48138"}],"version-history":[{"count":0,"href":"https:\/\/economiapoliticacba.com\/index.php?rest_route=\/wp\/v2\/posts\/48138\/revisions"}],"wp:featuredmedia":[{"embeddable":true,"href":"https:\/\/economiapoliticacba.com\/index.php?rest_route=\/wp\/v2\/media\/48139"}],"wp:attachment":[{"href":"https:\/\/economiapoliticacba.com\/index.php?rest_route=%2Fwp%2Fv2%2Fmedia&parent=48138"}],"wp:term":[{"taxonomy":"category","embeddable":true,"href":"https:\/\/economiapoliticacba.com\/index.php?rest_route=%2Fwp%2Fv2%2Fcategories&post=48138"},{"taxonomy":"post_tag","embeddable":true,"href":"https:\/\/economiapoliticacba.com\/index.php?rest_route=%2Fwp%2Fv2%2Ftags&post=48138"}],"curies":[{"name":"wp","href":"https:\/\/api.w.org\/{rel}","templated":true}]}}