{"id":48136,"date":"2026-02-27T14:22:16","date_gmt":"2026-02-27T14:22:16","guid":{"rendered":"https:\/\/canalshowsport.com.ar\/?p=36447"},"modified":"2026-02-27T14:22:16","modified_gmt":"2026-02-27T14:22:16","slug":"en-busca-de-la-semifinal-el-cronograma-de-los-argentinos-en-el-abierto-de-chile","status":"publish","type":"post","link":"https:\/\/economiapoliticacba.com\/?p=48136","title":{"rendered":"En busca de la semifinal: el cronograma de los argentinos en el Abierto de Chile"},"content":{"rendered":"<div><img src=\"http:\/\/economiapoliticacba.com\/wp-content\/uploads\/2026\/02\/en-busca-de-la-semifinal-el-cronograma-de-los-argentinos-en-el-abierto-de-chile.jpg\" class=\"ff-og-image-inserted\"><\/div>\n<div class=\"single-excerpt\" readability=\"7\">\n<p>Cer\u00fandolo y B\u00e1ez se enfrentan ante un nuevo desaf\u00edo en el pa\u00eds vecino. <\/p>\n<\/div>\n<p>El <strong>ATP 250 de Santiago de Chile <\/strong>tiene presente a dos argentinos en juego, quienes este viernes buscar\u00e1n el pase a semis en el pa\u00eds vecino. <\/p>\n<p>En primer lugar, <strong>Francisco Cer\u00fandolo<\/strong> enfrentar\u00e1 a Emilio Navas, a partir de las 15 horas. El tenista ubicado 19\u00b0 en el Ranking ATP, viene de una<strong><a href=\"https:\/\/canalshowsport.com.ar\/francisco-cerundolo-clasifico-a-los-cuartos-de-final-en-el-atp-250-de-chile\/\" data-type=\"link\" data-id=\"https:\/\/canalshowsport.com.ar\/francisco-cerundolo-clasifico-a-los-cuartos-de-final-en-el-atp-250-de-chile\/\"> victoria ante Elme Moller por 6-2 y 6-2<\/a><\/strong>. <\/p>\n<p>Por otro lado,<strong> Sebasti\u00e1n B\u00e1ez<\/strong> buscar\u00e1 un resultado a favor ante el local Alejandro Tabilo, no antes de las 20.00 hs. El bonaerense tambi\u00e9n debut\u00f3 en la segunda ronda donde <strong><a href=\"https:\/\/canalshowsport.com.ar\/en-un-clasico-sudamericano-sebastian-baez-derroto-a-garin-se-metio-en-cuartos-del-chile-open\/\" data-type=\"link\" data-id=\"https:\/\/canalshowsport.com.ar\/en-un-clasico-sudamericano-sebastian-baez-derroto-a-garin-se-metio-en-cuartos-del-chile-open\/\">venci\u00f3 a Cristian Gar\u00edn por 7-6 (7-2), 1-6 y 7-5<\/a><\/strong>. <\/p>\n<p>La competencia que se est\u00e1 llevando a cabo en el pa\u00eds vecino, se disputa sobre canchas de polvo de ladrillo en la zona de San Carlos de Apoquindo en la capital trasandina y repartir\u00e1 un total de 700.045 d\u00f3lares en premios.&nbsp;<\/p>\n<figure class=\"wp-block-embed is-type-wp-embed is-provider-canal-showsport wp-block-embed-canal-showsport\"><\/figure>\n","protected":false},"excerpt":{"rendered":"<p>Cer\u00fandolo y B\u00e1ez se enfrentan ante un nuevo desaf\u00edo en el pa\u00eds vecino. El ATP 250 de Santiago de Chile tiene presente a dos argentinos en juego, quienes este viernes buscar\u00e1n el pase a semis en el pa\u00eds vecino. En primer lugar, Francisco Cer\u00fandolo enfrentar\u00e1 a Emilio Navas, a partir de las 15 horas. El [&hellip;]<\/p>\n","protected":false},"author":1,"featured_media":48137,"comment_status":"closed","ping_status":"closed","sticky":false,"template":"","format":"standard","meta":{"om_disable_all_campaigns":false,"_monsterinsights_skip_tracking":false,"_monsterinsights_sitenote_active":false,"_monsterinsights_sitenote_note":"","_monsterinsights_sitenote_category":0},"categories":[16],"tags":[3211,706,487,1985,486],"aioseo_notices":[],"_links":{"self":[{"href":"https:\/\/economiapoliticacba.com\/index.php?rest_route=\/wp\/v2\/posts\/48136"}],"collection":[{"href":"https:\/\/economiapoliticacba.com\/index.php?rest_route=\/wp\/v2\/posts"}],"about":[{"href":"https:\/\/economiapoliticacba.com\/index.php?rest_route=\/wp\/v2\/types\/post"}],"author":[{"embeddable":true,"href":"https:\/\/economiapoliticacba.com\/index.php?rest_route=\/wp\/v2\/users\/1"}],"replies":[{"embeddable":true,"href":"https:\/\/economiapoliticacba.com\/index.php?rest_route=%2Fwp%2Fv2%2Fcomments&post=48136"}],"version-history":[{"count":0,"href":"https:\/\/economiapoliticacba.com\/index.php?rest_route=\/wp\/v2\/posts\/48136\/revisions"}],"wp:featuredmedia":[{"embeddable":true,"href":"https:\/\/economiapoliticacba.com\/index.php?rest_route=\/wp\/v2\/media\/48137"}],"wp:attachment":[{"href":"https:\/\/economiapoliticacba.com\/index.php?rest_route=%2Fwp%2Fv2%2Fmedia&parent=48136"}],"wp:term":[{"taxonomy":"category","embeddable":true,"href":"https:\/\/economiapoliticacba.com\/index.php?rest_route=%2Fwp%2Fv2%2Fcategories&post=48136"},{"taxonomy":"post_tag","embeddable":true,"href":"https:\/\/economiapoliticacba.com\/index.php?rest_route=%2Fwp%2Fv2%2Ftags&post=48136"}],"curies":[{"name":"wp","href":"https:\/\/api.w.org\/{rel}","templated":true}]}}