{"id":48104,"date":"2026-02-26T12:40:29","date_gmt":"2026-02-26T12:40:29","guid":{"rendered":"https:\/\/www.clubtalleres.com.ar\/?p=205082"},"modified":"2026-02-26T12:40:29","modified_gmt":"2026-02-26T12:40:29","slug":"sin-publico-visitante-frente-a-instituto-y-dia-del-socio-en-el-clasico-cordobes","status":"publish","type":"post","link":"https:\/\/economiapoliticacba.com\/?p=48104","title":{"rendered":"Sin p\u00fablico visitante frente a Instituto y D\u00eda del Socio en el Cl\u00e1sico Cordob\u00e9s"},"content":{"rendered":"<p>La Comisi\u00f3n Directiva de <strong>Talleres <\/strong>llev\u00f3 adelante un nuevo encuentro de trabajo en el que se abordaron distintos temas vinculados a la actualidad institucional y deportiva, la planificaci\u00f3n econ\u00f3mica anual y nuevas acciones orientadas a fortalecer la participaci\u00f3n y el v\u00ednculo con los socios y socias.<\/p>\n<p><strong>Con Instituto solo p\u00fablico de Talleres<\/strong><\/p>\n<p>Entre las principales definiciones, se resolvi\u00f3 que el partido frente a Instituto Atl\u00e9tico Central C\u00f3rdoba se disputar\u00e1 sin p\u00fablico visitante, con presencia exclusiva de socios albiazules en el Estadio Kempes.<\/p>\n<figure class=\"wp-block-image size-large\"><img loading=\"lazy\" fetchpriority=\"high\" decoding=\"async\" width=\"1024\" height=\"576\" src=\"http:\/\/economiapoliticacba.com\/wp-content\/uploads\/2026\/02\/sin-publico-visitante-frente-a-instituto-y-dia-del-socio-en-el-clasico-cordobes.jpg\" alt class=\"wp-image-205090\" srcset=\"http:\/\/economiapoliticacba.com\/wp-content\/uploads\/2026\/02\/sin-publico-visitante-frente-a-instituto-y-dia-del-socio-en-el-clasico-cordobes.jpg 1024w, http:\/\/economiapoliticacba.com\/wp-content\/uploads\/2026\/02\/sin-publico-visitante-frente-a-instituto-y-dia-del-socio-en-el-clasico-cordobes-2.jpg 300w, http:\/\/economiapoliticacba.com\/wp-content\/uploads\/2026\/02\/sin-publico-visitante-frente-a-instituto-y-dia-del-socio-en-el-clasico-cordobes-3.jpg 768w, http:\/\/economiapoliticacba.com\/wp-content\/uploads\/2026\/02\/sin-publico-visitante-frente-a-instituto-y-dia-del-socio-en-el-clasico-cordobes-4.jpg 1536w, http:\/\/economiapoliticacba.com\/wp-content\/uploads\/2026\/02\/sin-publico-visitante-frente-a-instituto-y-dia-del-socio-en-el-clasico-cordobes-5.jpg 2048w, http:\/\/economiapoliticacba.com\/wp-content\/uploads\/2026\/02\/sin-publico-visitante-frente-a-instituto-y-dia-del-socio-en-el-clasico-cordobes-6.jpg 600w\" sizes=\"(max-width: 1024px) 100vw, 1024px\"><\/figure>\n<p><strong>D\u00eda del Club<\/strong> <strong>en el Cl\u00e1sico Cordob\u00e9s <\/strong><\/p>\n<p>Adem\u00e1s, se estipul\u00f3 que el <strong>Cl\u00e1sico Cordob\u00e9s<\/strong> del pr\u00f3ximo <strong>Clausura 2026 <\/strong> ser\u00e1 designado como <strong>D\u00eda del Socio<\/strong>. Se jugar\u00e1 \u00fanicamente con socios del Club, quienes abonar\u00e1n el adicional correspondiente al <strong>D\u00eda del Club.<\/strong><\/p>\n<figure class=\"wp-block-image size-large\"><img loading=\"lazy\" decoding=\"async\" width=\"1024\" height=\"684\" src=\"http:\/\/economiapoliticacba.com\/wp-content\/uploads\/2026\/02\/sin-publico-visitante-frente-a-instituto-y-dia-del-socio-en-el-clasico-cordobes-1.jpg\" alt class=\"wp-image-204610\" srcset=\"http:\/\/economiapoliticacba.com\/wp-content\/uploads\/2026\/02\/sin-publico-visitante-frente-a-instituto-y-dia-del-socio-en-el-clasico-cordobes-1.jpg 1024w, http:\/\/economiapoliticacba.com\/wp-content\/uploads\/2026\/02\/sin-publico-visitante-frente-a-instituto-y-dia-del-socio-en-el-clasico-cordobes-7.jpg 300w, http:\/\/economiapoliticacba.com\/wp-content\/uploads\/2026\/02\/sin-publico-visitante-frente-a-instituto-y-dia-del-socio-en-el-clasico-cordobes-8.jpg 768w, http:\/\/economiapoliticacba.com\/wp-content\/uploads\/2026\/02\/sin-publico-visitante-frente-a-instituto-y-dia-del-socio-en-el-clasico-cordobes-9.jpg 1536w, http:\/\/economiapoliticacba.com\/wp-content\/uploads\/2026\/02\/sin-publico-visitante-frente-a-instituto-y-dia-del-socio-en-el-clasico-cordobes-10.jpg 2048w, http:\/\/economiapoliticacba.com\/wp-content\/uploads\/2026\/02\/sin-publico-visitante-frente-a-instituto-y-dia-del-socio-en-el-clasico-cordobes-11.jpg 600w\" sizes=\"(max-width: 1024px) 100vw, 1024px\"><\/figure>\n<p>La medida busca fortalecer el sentido de pertenencia, priorizar a la masa societaria y consolidar una experiencia deportiva centrada en la familia albiazul.<\/p>\n<p><strong>Organizaci\u00f3n econ\u00f3mica y proyecci\u00f3n institucional<\/strong><\/p>\n<p>Durante la reuni\u00f3n tambi\u00e9n se present\u00f3 el presupuesto anual, elaborado bajo criterios de orden administrativo, equilibrio econ\u00f3mico, inversi\u00f3n responsable, sustentabilidad y crecimiento patrimonial. Estos lineamientos apuntan a consolidar el protagonismo deportivo y, al mismo tiempo, reforzar el rol social y comunitario de la instituci\u00f3n.<\/p>\n<p><strong>Actualizaciones en la Pol\u00edtica de Socios<\/strong><\/p>\n<p>La Comisi\u00f3n Directiva defini\u00f3 nuevos criterios dentro de la Pol\u00edtica de Socios, especialmente para los <strong>Socios T<\/strong> que no poseen ubicaci\u00f3n asignada.<\/p>\n<p>Desde el compromiso ante <strong>San Lorenzo<\/strong>, todos los <strong>SOCIOS T<\/strong> deber\u00e1n <strong><a href=\"https:\/\/talleres.boleteriavip.com.ar\/event\/description\/1137\/talleres-vs--san-lorenzo\">reservar previamente su lugar en Tribuna Sur<\/a><\/strong> a trav\u00e9s del portal de Boleter\u00eda VIP para habilitar su carnet e ingresar al estadio.<br \/>El procedimiento completo ser\u00e1 comunicado pr\u00f3ximamente por los canales oficiales del Club.<\/p>\n<p>Asimismo, se inform\u00f3 que actualmente la \u00fanica ubicaci\u00f3n disponible para cambio de categor\u00eda a socio con asiento asignado corresponde a Platea Ardiles.<\/p>\n<p><strong>Partidos confirmados y p\u00fablico visitante<\/strong><\/p>\n<p>En relaci\u00f3n a la organizaci\u00f3n de los pr\u00f3ximos encuentros:<\/p>\n<p>El partido como local frente a Instituto se jugar\u00e1 s\u00f3lo con socios albiazules y sin costo adicional.<\/p>\n<p>El encuentro ante <strong>Boca Juniors<\/strong> (fecha 13) contar\u00e1 con p\u00fablico visitante ubicado en la <strong>Tribuna Sur.<\/strong><\/p>\n<p><strong>M\u00e1s participaci\u00f3n y espacios de di\u00e1logo<\/strong><\/p>\n<p>La reuni\u00f3n tambi\u00e9n permiti\u00f3 avanzar en la din\u00e1mica de trabajo del <strong>Departamento de Interacci\u00f3n,<\/strong> ya constituido conforme al <strong>Estatuto Social<\/strong>, y en la implementaci\u00f3n del nuevo <strong>Programa Mesas de Trabajo<\/strong>, un espacio que integrar\u00e1 a miembros de Comisi\u00f3n Directiva, \u00e1reas operativas del Club y asamble\u00edstas para promover el intercambio de ideas y propuestas.<\/p>\n<p>El encuentro finaliz\u00f3 con un di\u00e1logo junto al presidente Andr\u00e9s Fassi, quien comparti\u00f3 un an\u00e1lisis sobre la actualidad deportiva del primer equipo.<\/p>\n<p>Posteriormente, los integrantes de la <strong>Comisi\u00f3n Directiva<\/strong> participaron de la primera actividad del Programa de Encuentros Informativos 2026, destinada a los socios que integran la Asamblea de Representantes, reafirmando el compromiso institucional con la transparencia, la escucha activa y la construcci\u00f3n colectiva del futuro albiazul.<\/p>\n","protected":false},"excerpt":{"rendered":"<p>La Comisi\u00f3n Directiva de Talleres llev\u00f3 adelante un nuevo encuentro de trabajo en el que se abordaron distintos temas vinculados a la actualidad institucional y deportiva, la planificaci\u00f3n econ\u00f3mica anual y nuevas acciones orientadas a fortalecer la participaci\u00f3n y el v\u00ednculo con los socios y socias. Con Instituto solo p\u00fablico de Talleres Entre las principales [&hellip;]<\/p>\n","protected":false},"author":1,"featured_media":48105,"comment_status":"closed","ping_status":"closed","sticky":false,"template":"","format":"standard","meta":{"om_disable_all_campaigns":false,"_monsterinsights_skip_tracking":false,"_monsterinsights_sitenote_active":false,"_monsterinsights_sitenote_note":"","_monsterinsights_sitenote_category":0},"categories":[16],"tags":[],"aioseo_notices":[],"_links":{"self":[{"href":"https:\/\/economiapoliticacba.com\/index.php?rest_route=\/wp\/v2\/posts\/48104"}],"collection":[{"href":"https:\/\/economiapoliticacba.com\/index.php?rest_route=\/wp\/v2\/posts"}],"about":[{"href":"https:\/\/economiapoliticacba.com\/index.php?rest_route=\/wp\/v2\/types\/post"}],"author":[{"embeddable":true,"href":"https:\/\/economiapoliticacba.com\/index.php?rest_route=\/wp\/v2\/users\/1"}],"replies":[{"embeddable":true,"href":"https:\/\/economiapoliticacba.com\/index.php?rest_route=%2Fwp%2Fv2%2Fcomments&post=48104"}],"version-history":[{"count":0,"href":"https:\/\/economiapoliticacba.com\/index.php?rest_route=\/wp\/v2\/posts\/48104\/revisions"}],"wp:featuredmedia":[{"embeddable":true,"href":"https:\/\/economiapoliticacba.com\/index.php?rest_route=\/wp\/v2\/media\/48105"}],"wp:attachment":[{"href":"https:\/\/economiapoliticacba.com\/index.php?rest_route=%2Fwp%2Fv2%2Fmedia&parent=48104"}],"wp:term":[{"taxonomy":"category","embeddable":true,"href":"https:\/\/economiapoliticacba.com\/index.php?rest_route=%2Fwp%2Fv2%2Fcategories&post=48104"},{"taxonomy":"post_tag","embeddable":true,"href":"https:\/\/economiapoliticacba.com\/index.php?rest_route=%2Fwp%2Fv2%2Ftags&post=48104"}],"curies":[{"name":"wp","href":"https:\/\/api.w.org\/{rel}","templated":true}]}}