{"id":48081,"date":"2026-02-25T10:05:00","date_gmt":"2026-02-25T10:05:00","guid":{"rendered":"https:\/\/www.iprofesional.com\/economia\/448695-ni-super-ni-libreria-truco-para-equipar-mochila-gastar-menos"},"modified":"2026-02-25T10:05:00","modified_gmt":"2026-02-25T10:05:00","slug":"ni-en-el-super-ni-en-la-libreria-el-truco-para-equipar-la-mochila-y-gastar-menos","status":"publish","type":"post","link":"https:\/\/economiapoliticacba.com\/?p=48081","title":{"rendered":"Ni en el s\u00faper ni en la librer\u00eda: el truco para equipar la mochila y gastar menos"},"content":{"rendered":"<div id>\n<p> La canasta escolar aument\u00f3 en promedio 12% interanual, por debajo de la inflaci\u00f3n. El cambio en la forma de armar la mochila para todo el a\u00f1o <\/p>\n<p><strong>25\/02\/2026<\/strong> &#8211; 07:05hs<\/p>\n<div class=\"image-container img-wide padding-b\"> <picture><source type=\"image\/webp\" media=\"(max-width: 642px)\" srcset=\"https:\/\/resizer.iproimg.com\/unsafe\/384x\/filters:format(webp):quality(75):max_bytes(102400)\/https:\/\/assets.iprofesional.com\/assets\/png\/2024\/03\/569880.png 384w, https:\/\/resizer.iproimg.com\/unsafe\/512x\/filters:format(webp):quality(75):max_bytes(102400)\/https:\/\/assets.iprofesional.com\/assets\/png\/2024\/03\/569880.png 512w, https:\/\/resizer.iproimg.com\/unsafe\/640x\/filters:format(webp):quality(75):max_bytes(102400)\/https:\/\/assets.iprofesional.com\/assets\/png\/2024\/03\/569880.png 640w\" sizes=\"100vw\"><source type=\"image\/webp\" media=\"(min-width: 642.01px) and (max-width: 1270px)\" srcset=\"https:\/\/resizer.iproimg.com\/unsafe\/614x\/filters:format(webp):quality(75):max_bytes(102400)\/https:\/\/assets.iprofesional.com\/assets\/png\/2024\/03\/569880.png 614w\" sizes=\"614px\"><source type=\"image\/webp\" media=\"(min-width: 1270.01px) and (max-width: 1898px)\" srcset=\"https:\/\/resizer.iproimg.com\/unsafe\/928x\/filters:format(webp):quality(75):max_bytes(102400)\/https:\/\/assets.iprofesional.com\/assets\/png\/2024\/03\/569880.png 928w\" sizes=\"928px\"><source type=\"image\/webp\" media=\"(min-width: 1898.01px)\" srcset=\"https:\/\/resizer.iproimg.com\/unsafe\/1270x\/filters:format(webp):quality(75):max_bytes(102400)\/https:\/\/assets.iprofesional.com\/assets\/png\/2024\/03\/569880.png 1270w\" sizes=\"1270px\"><img loading=\"lazy\" decoding=\"async\" src=\"https:\/\/resizer.iproimg.com\/unsafe\/768x\/filters:format(webp):quality(75):max_bytes(102400)\/https:\/\/assets.iprofesional.com\/assets\/png\/2024\/03\/569880.png\" sizes=\"100vw\" class alt=\"Ni en el s\u00faper ni en la librer\u00eda: el inesperado truco de los padres para equipar la mochila y gastar menos\" width=\"768\" height=\"432\" fetchpriority=\"high\"> <\/picture> <\/div><\/div>\n<div readability=\"84.566666666667\"> <!----><!----><!----><!----><!----><!----><!----><!----><!----> <!----><!----><!----><!----><!----><!----><!----><!----><!----><\/p>\n<p>El inicio del <a href=\"https:\/\/www.iprofesional.com\/actualidad\/447249-cuando-empiezan-clases-y-fecha-vacaciones-invierno\" target=\"_blank\" title=\"Cu\u00e1ndo empiezan las clases y fecha de vacaciones de invierno en tu provincia\" rel=\"noopener noreferrer\"><strong>ciclo lectivo 2026<\/strong><\/a> en la Argentina plantea un escenario de consumo at\u00edpico. A pesar de que la <strong>canasta escola<\/strong>r registr\u00f3 un incremento promedio del 12% respecto al a\u00f1o anterior -una cifra que se posiciona significativamente por debajo de los \u00edndices de inflaci\u00f3n general-, el bolsillo de las familias sigue bajo presi\u00f3n. En este contexto, el ingenio se convirti\u00f3 en la principal herramienta de ahorro para madres y padres que buscan equipar a sus hijos sin descuidar la econom\u00eda hogare\u00f1a.<\/p>\n<p>La tendencia que marca este febrero es la fragmentaci\u00f3n del consumo. Ya no se realiza una compra \u00fanica en un solo lugar, sino que se impone un modelo h\u00edbrido que combina la b\u00fasqueda de <a href=\"https:\/\/www.iprofesional.com\/actualidad\/448664-coto-lanzo-una-promocion-con-hasta-40-de-descuento-por-la-vuelta-al-cole\" target=\"_blank\" title=\"Coto lanz\u00f3 una promoci\u00f3n con hasta 40% de descuento por la vuelta al cole\" rel=\"noopener noreferrer\">ofertas en grandes cadenas<\/a>, las <span>expediciones a centros comerciales mayoristas y el resurgimiento de econom\u00edas colaborativas<\/span>. Esta ingenier\u00eda del ahorro permite que el impacto del regreso a las aulas sea mucho m\u00e1s llevadero, transformando una obligaci\u00f3n financiera en una estrategia de log\u00edstica compartida.<\/p>\n<h2>Estrategias para la vuelta a clases: el fen\u00f3meno de las compras comunitarias y el trueque<\/h2>\n<p>Una de las modalidades que m\u00e1s creci\u00f3 este a\u00f1o es la de las <strong>compras grupales<\/strong>. Familias de un mismo grado o comunidad se organizan para acudir a barrios como <strong>Once<\/strong>, donde el precio de los \u00fatiles experimenta una ca\u00edda dr\u00e1stica cuando se adquieren por bulto o fardo. Por ejemplo, una carpeta lisa que en una librer\u00eda de barrio puede superar los $3.000, se consigue por $2.000 en el circuito mayorista si se compra en cantidad. Lo mismo ocurre con los cuadernos N\u00ba3 y los repuestos de hojas, donde el ahorro por unidad puede llegar al 40%.<\/p>\n<p>El trueque y la reutilizaci\u00f3n tambi\u00e9n ganaron un protagonismo central a trav\u00e9s de la tecnolog\u00eda. <span>Aplicaciones espec\u00edficas de intercambio permiten que guardapolvos en buen estado, mochilas de temporadas pasadas o libros de texto circulen entre diferentes familias<\/span>. Esta pr\u00e1ctica no solo reduce el gasto a cero en ciertos rubros, sino que refleja un cambio cultural: la conciencia colectiva de que &#8220;compartir es mejor que acumular&#8221;. Al reutilizar indumentaria y, en ciertos casos, calzado, el presupuesto escolar se concentra exclusivamente en aquellos elementos de papeler\u00eda que son estrictamente nuevos.<\/p>\n<h2>Precios en Once y la combinaci\u00f3n de beneficios bancarios<\/h2>\n<p>Para quienes prefieren la compra minorista pero con precios competitivos, <span>Once sigue siendo el epicentro de la econom\u00eda escolar<\/span>. Los locales especializados del barrio ofrecen valores sensiblemente m\u00e1s bajos que los hipermercados en productos espec\u00edficos. Sin embargo, los consumidores m\u00e1s experimentados optan por un sistema de tres pasos: adquieren lo voluminoso en mayoristas, resuelven las urgencias de \u00faltimo momento en comercios minoristas y dejan los art\u00edculos m\u00e1s costosos, como mochilas con carro o tecnolog\u00eda, para los hipermercados que ofrecen financiaci\u00f3n en cuotas sin inter\u00e9s y promociones bancarias.<\/p>\n<p>Principales precios por compra mayorista en Once:<\/p>\n<ul>\n<li><span>Carpeta lisa desde $2000<\/span><\/li>\n<li><span>Carpetas con personajes desde $4000<\/span><\/li>\n<li><span>Cuadernos espiralados desde $4200<\/span><span><\/span><\/li>\n<li><span>Cuadernos N\u00ba3 desde $2800<\/span><span><\/span><\/li>\n<li><span>L\u00e1pices de colores x 12 desde $1500<\/span><span><\/span><\/li>\n<li><span>L\u00e1pices negros x 12 desde $1200<\/span><\/li>\n<li><span>Marcadores x 10 desde $900<\/span><\/li>\n<li><span>Resaltadores x 4 desde $1800<\/span><\/li>\n<li><span>Cartuchera simple desde $1200<\/span><\/li>\n<li><span>Cartuchera de dos pisos desde $6800<\/span><\/li>\n<li><span>Mochilas desde $4000<\/span><\/li>\n<\/ul>\n<p>Adem\u00e1s, los bancos y billeteras virtuales tambi\u00e9n juegan su partido en esta vuelta a clases 2026. Entidades como el Banco Naci\u00f3n, Ciudad y Provincia, junto a plataformas de pago con QR, lanzaron agresivos planes de reintegro que oscilan entre el 20% y el 35%. Estos descuentos son aprovechados principalmente para la compra de calzado y uniformes, que suelen ser los \u00edtems que m\u00e1s pesan en el presupuesto total.<\/p>\n<\/p><\/div>\n","protected":false},"excerpt":{"rendered":"<p>La canasta escolar aument\u00f3 en promedio 12% interanual, por debajo de la inflaci\u00f3n. El cambio en la forma de armar la mochila para todo el a\u00f1o 25\/02\/2026 &#8211; 07:05hs El inicio del ciclo lectivo 2026 en la Argentina plantea un escenario de consumo at\u00edpico. A pesar de que la canasta escolar registr\u00f3 un incremento promedio [&hellip;]<\/p>\n","protected":false},"author":1,"featured_media":0,"comment_status":"closed","ping_status":"closed","sticky":false,"template":"","format":"standard","meta":{"om_disable_all_campaigns":false,"_monsterinsights_skip_tracking":false,"_monsterinsights_sitenote_active":false,"_monsterinsights_sitenote_note":"","_monsterinsights_sitenote_category":0},"categories":[17],"tags":[],"aioseo_notices":[],"_links":{"self":[{"href":"https:\/\/economiapoliticacba.com\/index.php?rest_route=\/wp\/v2\/posts\/48081"}],"collection":[{"href":"https:\/\/economiapoliticacba.com\/index.php?rest_route=\/wp\/v2\/posts"}],"about":[{"href":"https:\/\/economiapoliticacba.com\/index.php?rest_route=\/wp\/v2\/types\/post"}],"author":[{"embeddable":true,"href":"https:\/\/economiapoliticacba.com\/index.php?rest_route=\/wp\/v2\/users\/1"}],"replies":[{"embeddable":true,"href":"https:\/\/economiapoliticacba.com\/index.php?rest_route=%2Fwp%2Fv2%2Fcomments&post=48081"}],"version-history":[{"count":0,"href":"https:\/\/economiapoliticacba.com\/index.php?rest_route=\/wp\/v2\/posts\/48081\/revisions"}],"wp:attachment":[{"href":"https:\/\/economiapoliticacba.com\/index.php?rest_route=%2Fwp%2Fv2%2Fmedia&parent=48081"}],"wp:term":[{"taxonomy":"category","embeddable":true,"href":"https:\/\/economiapoliticacba.com\/index.php?rest_route=%2Fwp%2Fv2%2Fcategories&post=48081"},{"taxonomy":"post_tag","embeddable":true,"href":"https:\/\/economiapoliticacba.com\/index.php?rest_route=%2Fwp%2Fv2%2Ftags&post=48081"}],"curies":[{"name":"wp","href":"https:\/\/api.w.org\/{rel}","templated":true}]}}