{"id":48073,"date":"2026-02-25T02:16:51","date_gmt":"2026-02-25T02:16:51","guid":{"rendered":"https:\/\/www.clubtalleres.com.ar\/?p=205046"},"modified":"2026-02-25T02:16:51","modified_gmt":"2026-02-25T02:16:51","slug":"derrota-albiazul-en-el-madre-de-ciudades","status":"publish","type":"post","link":"https:\/\/economiapoliticacba.com\/?p=48073","title":{"rendered":"Derrota Albiazul en el Madre de Ciudades"},"content":{"rendered":"<div><img src=\"http:\/\/economiapoliticacba.com\/wp-content\/uploads\/2026\/02\/derrota-albiazul-en-el-madre-de-ciudades.jpg\" class=\"ff-og-image-inserted\"><\/div>\n<p>En el marco de la <em>7\u00b0 Fecha del Torneo Apertura Mercado Libre 2026<\/em>, el <strong>Matador<\/strong> cay\u00f3 2 a 0 ante <em>Central C\u00f3rdoba de Santiago del Estero<\/em> en condici\u00f3n de visitante.<\/p>\n<p><em>Diego Barrera y Michael Santos<\/em> marcaron las conquistas del equipo local.<\/p>\n<p>El partido se jug\u00f3 en el <em>Estadio \u00danico Madre de Ciudades<\/em>.<\/p>\n<p><em>Yael Falc\u00f3n P\u00e9rez<\/em> fue el responsable de impartir justicia.<\/p>\n<p>En su pr\u00f3ximo partido, el equipo dirigido por <strong>Carlos T\u00e9vez<\/strong> recibir\u00e1 a <em>San Lorenzo<\/em> este s\u00e1bado 28 de febrero, a las 22.15 hs, en el <em>estadio Mario Alberto Kempes<\/em>.<\/p>\n<p><strong>S\u00cdNTESIS<br \/>Central C\u00f3rdoba de Santiago del Estero (2):<\/strong> 1. Alan Aguerre; 33. Santiago Moyano, 42. Juan Pablo Pignani, 2. Alejandro Maciel, 6. Facundo Mansilla, 23. Agust\u00edn Quiroga; 18. Lucas Gonz\u00e1lez, 22. Mat\u00edas Vera, 37. Alan Laprida; 10. Marco Iacobellis; 27. Michael Santos.<br \/><strong>Suplentes:<\/strong> 25. Javier Vallejos, 3. Leonardo Marchi, 13. Jos\u00e9 G\u00f3mez, 20. Fernando Mart\u00ednez, 26. Lucas Bernab\u00e9u, 5. Tiago Cravero, 11. Horacio Tijanovich, 55. Juan Jos\u00e9 Cardozo, 7. Diego Barrera, 19. Ezequiel Naya, 29. Joaqu\u00edn Flores, 39. Bautista Gerez. <strong>DT:<\/strong> Lucas Pusineri.<br \/><strong>Talleres (0):<\/strong> 22. Guido Herrera; 28. Alex Vigo, 4. Matias Catal\u00e1n, 44. Santiago Fern\u00e1ndez, 20. Augusto Schott; 13. Juan Sforza; 55. Mart\u00edn R\u00edo, 30. Giovanni Baroni, 8. Ulises Ortegoza; 37. Rick Lima Morais, 77. Ronaldo Mart\u00ednez.<br \/><strong>Suplentes: <\/strong>1. Santino Barbi, 12. Jerem\u00edas Florent\u00edn, 45. Timoteo Chamorro, 19. Jos\u00e9 Luis Palomino, 32. Lucio Ferrari, 14. Rodrigo Guth, 36. Emiliano Chiavassa, 5. Mat\u00edas Galarza, 26. Mateo C\u00e1ceres, 24. Ignacio Alastra, 49. Valent\u00edn D\u00e1vila, 7. Diego Valoyes. <strong>DT:<\/strong> Carlos T\u00e9vez.<br \/><strong>Goles:<\/strong> 17\u2019 ST Diego Barrera (CC), 27\u2019 ST Michael Santos (CC).<br \/><strong>Cambios en Central C\u00f3rdoba de Santiago del Estero:<\/strong> ET Diego Barrera por Agust\u00edn Quiroga, 16\u2019 ST Horacio Tijanovich x Marco Iacobellis, 16\u2019 ST Juan Jos\u00e9 Cardozo por Alan Laprida, 27\u2019 ST Tiago Cravero por Lucas Gonz\u00e1lez, 45\u2019 ST Fernando Mart\u00ednez por Mat\u00edas Vera.<br \/><strong>Cambios en Talleres:<\/strong> 13\u2019 ST Matias Galarza por Mart\u00edn R\u00edo, 13\u2019 ST Mateo C\u00e1ceres por Ulises Ortegoza, 25\u2019 ST Timoteo Chamorro por Alex Vigo, 25\u2019 ST Valent\u00edn D\u00e1vila por Giovanni Baroni, 47\u2019 ST Emiliano Chiavassa por Rick Lima Morais.<br \/><strong>Amonestados:<\/strong> 27\u2019 PT Mart\u00edn R\u00edo (T), 5\u2019 ST Marco Iacobellis (CC), 9\u2019 ST Lucas Gonz\u00e1lez (CC), 28\u2019ST Mat\u00edas Vera (CC).<br \/><strong>Expulsados:*<\/strong> \u2013<br \/><strong>\u00c1rbitro:<\/strong> Yael Falc\u00f3n P\u00e9rez<\/p>\n<p><strong>RESUMEN<\/strong><\/p>\n<figure class=\"wp-block-embed is-type-video is-provider-youtube wp-block-embed-youtube wp-embed-aspect-16-9 wp-has-aspect-ratio\">\n<p>\n<iframe loading=\"lazy\" title=\"TALLERES no pudo y perdi\u00f3 con CENTRAL C\u00d3RDOBA #Centralc\u00f3rdoba 2-0 #Talleres | Resumen\" width=\"1300\" height=\"731\" src=\"https:\/\/www.youtube.com\/embed\/bnbQFN9NQ2s?feature=oembed\" frameborder=\"0\" allow=\"accelerometer; autoplay; clipboard-write; encrypted-media; gyroscope; picture-in-picture; web-share\" referrerpolicy=\"strict-origin-when-cross-origin\" allowfullscreen>[embedded content]<\/iframe>\n<\/p>\n<\/figure>\n","protected":false},"excerpt":{"rendered":"<p>En el marco de la 7\u00b0 Fecha del Torneo Apertura Mercado Libre 2026, el Matador cay\u00f3 2 a 0 ante Central C\u00f3rdoba de Santiago del Estero en condici\u00f3n de visitante. Diego Barrera y Michael Santos marcaron las conquistas del equipo local. El partido se jug\u00f3 en el Estadio \u00danico Madre de Ciudades. Yael Falc\u00f3n P\u00e9rez [&hellip;]<\/p>\n","protected":false},"author":1,"featured_media":48074,"comment_status":"closed","ping_status":"closed","sticky":false,"template":"","format":"standard","meta":{"om_disable_all_campaigns":false,"_monsterinsights_skip_tracking":false,"_monsterinsights_sitenote_active":false,"_monsterinsights_sitenote_note":"","_monsterinsights_sitenote_category":0},"categories":[16],"tags":[],"aioseo_notices":[],"_links":{"self":[{"href":"https:\/\/economiapoliticacba.com\/index.php?rest_route=\/wp\/v2\/posts\/48073"}],"collection":[{"href":"https:\/\/economiapoliticacba.com\/index.php?rest_route=\/wp\/v2\/posts"}],"about":[{"href":"https:\/\/economiapoliticacba.com\/index.php?rest_route=\/wp\/v2\/types\/post"}],"author":[{"embeddable":true,"href":"https:\/\/economiapoliticacba.com\/index.php?rest_route=\/wp\/v2\/users\/1"}],"replies":[{"embeddable":true,"href":"https:\/\/economiapoliticacba.com\/index.php?rest_route=%2Fwp%2Fv2%2Fcomments&post=48073"}],"version-history":[{"count":0,"href":"https:\/\/economiapoliticacba.com\/index.php?rest_route=\/wp\/v2\/posts\/48073\/revisions"}],"wp:featuredmedia":[{"embeddable":true,"href":"https:\/\/economiapoliticacba.com\/index.php?rest_route=\/wp\/v2\/media\/48074"}],"wp:attachment":[{"href":"https:\/\/economiapoliticacba.com\/index.php?rest_route=%2Fwp%2Fv2%2Fmedia&parent=48073"}],"wp:term":[{"taxonomy":"category","embeddable":true,"href":"https:\/\/economiapoliticacba.com\/index.php?rest_route=%2Fwp%2Fv2%2Fcategories&post=48073"},{"taxonomy":"post_tag","embeddable":true,"href":"https:\/\/economiapoliticacba.com\/index.php?rest_route=%2Fwp%2Fv2%2Ftags&post=48073"}],"curies":[{"name":"wp","href":"https:\/\/api.w.org\/{rel}","templated":true}]}}