{"id":4804,"date":"2023-01-16T23:24:02","date_gmt":"2023-01-16T23:24:02","guid":{"rendered":"https:\/\/canalshowsport.com.ar\/?p=261618"},"modified":"2023-01-16T23:24:02","modified_gmt":"2023-01-16T23:24:02","slug":"antu-hernandez-presento-una-leve-mejoria-pero-continua-en-terapia","status":"publish","type":"post","link":"https:\/\/economiapoliticacba.com\/?p=4804","title":{"rendered":"Ant\u00fa Hern\u00e1ndez present\u00f3 una &#8220;leve mejor\u00eda&#8221; pero contin\u00faa en terapia"},"content":{"rendered":"<div><img src=\"http:\/\/economiapoliticacba.com\/wp-content\/uploads\/2023\/01\/antu-hernandez-presento-una-leve-mejoria-pero-continua-en-terapia.png\" class=\"ff-og-image-inserted\"><\/div>\n<p>El pasado viernes la Academia sorprendi\u00f3 con la noticia de que&nbsp;<strong>Ant\u00fa Hern\u00e1ndez<\/strong>, reciente incorporaci\u00f3n del equipo de Nueva Italia, debi\u00f3 ser internado debido a una pulmon\u00eda bilateral y caus\u00f3 preocupaci\u00f3n en todo el mundo <a href=\"https:\/\/canalshowsport.com.ar\/category\/futbol\/racing\/\"><em><strong>Racing<\/strong><\/em><\/a>.<\/p>\n<p>El jugador de la Academia permanece internado en UTI (Unidad de Terapia Intensiva) del Sanatorio Allende, de la ciudad de C\u00f3rdoba. El m\u00e9dico Christian Lassen, confirm\u00f3 que presenta una &#8220;<em>leve mejor\u00eda<\/em>&#8220;. <em><strong>&#8220;Los cambios son graduales, en una terapia intensiva no es que de repente cambia. Hoy se vieron par\u00e1metros de mejor\u00eda. Es un chico joven y es una gran ventaja&#8221;<\/strong><\/em>, manifest\u00f3 sobre el cuadro que padece Hern\u00e1ndez.<\/p>\n<figure class=\"wp-block-pullquote\" readability=\"2\">\n<blockquote readability=\"7\">\n<p>&#8220;El paso inicial es que la mejor\u00eda la manifiesta en los pr\u00f3ximos d\u00edas, los pr\u00f3ximos dos d\u00edas son fundamentales&#8221;.<\/p>\n<\/blockquote>\n<\/figure>\n<p>El profesional de la salud dijo que permanece internado en terapia intensiva. &#8220;<strong><em>Podemos ponerle un adjetivo de complicada, son cuadros infecciosos. Hay que darle tiempo a la recuperaci\u00f3n&#8221;<\/em><\/strong>. <\/p>\n<p>Lassen indic\u00f3 que el testeo de Covid 19 dio negativo y el contagio es por v\u00eda a\u00e9rea directa. <em>&#8220;Empez\u00f3 con un cuadro de fiebre que no cedi\u00f3 por m\u00e1s de 24 horas, luego problemas para respirar&#8221;<\/em>, se\u00f1al\u00f3 sobre los primeros s\u00edntomas que manifest\u00f3.<\/p>\n<h4>La &#8220;Academia&#8221; retom\u00f3 las pr\u00e1cticas<\/h4>\n<p>Racing volvi\u00f3 a C\u00f3rdoba tras su etapa de la pretemporada en R\u00edo Segundo y realiz\u00f3 trabajos en el predio Ren\u00e9 Gorreta. La &#8220;Academia&#8221; se prepara para afrontar el amistoso con Talleres, que se disputar\u00e1 este martes a las 9.00 en el CARD. <\/p>\n","protected":false},"excerpt":{"rendered":"<p>El pasado viernes la Academia sorprendi\u00f3 con la noticia de que&nbsp;Ant\u00fa Hern\u00e1ndez, reciente incorporaci\u00f3n del equipo de Nueva Italia, debi\u00f3 ser internado debido a una pulmon\u00eda bilateral y caus\u00f3 preocupaci\u00f3n en todo el mundo Racing. El jugador de la Academia permanece internado en UTI (Unidad de Terapia Intensiva) del Sanatorio Allende, de la ciudad de [&hellip;]<\/p>\n","protected":false},"author":1,"featured_media":4805,"comment_status":"closed","ping_status":"closed","sticky":false,"template":"","format":"standard","meta":{"om_disable_all_campaigns":false,"_monsterinsights_skip_tracking":false,"_monsterinsights_sitenote_active":false,"_monsterinsights_sitenote_note":"","_monsterinsights_sitenote_category":0},"categories":[16],"tags":[490,34,491,57],"aioseo_notices":[],"_links":{"self":[{"href":"https:\/\/economiapoliticacba.com\/index.php?rest_route=\/wp\/v2\/posts\/4804"}],"collection":[{"href":"https:\/\/economiapoliticacba.com\/index.php?rest_route=\/wp\/v2\/posts"}],"about":[{"href":"https:\/\/economiapoliticacba.com\/index.php?rest_route=\/wp\/v2\/types\/post"}],"author":[{"embeddable":true,"href":"https:\/\/economiapoliticacba.com\/index.php?rest_route=\/wp\/v2\/users\/1"}],"replies":[{"embeddable":true,"href":"https:\/\/economiapoliticacba.com\/index.php?rest_route=%2Fwp%2Fv2%2Fcomments&post=4804"}],"version-history":[{"count":0,"href":"https:\/\/economiapoliticacba.com\/index.php?rest_route=\/wp\/v2\/posts\/4804\/revisions"}],"wp:featuredmedia":[{"embeddable":true,"href":"https:\/\/economiapoliticacba.com\/index.php?rest_route=\/wp\/v2\/media\/4805"}],"wp:attachment":[{"href":"https:\/\/economiapoliticacba.com\/index.php?rest_route=%2Fwp%2Fv2%2Fmedia&parent=4804"}],"wp:term":[{"taxonomy":"category","embeddable":true,"href":"https:\/\/economiapoliticacba.com\/index.php?rest_route=%2Fwp%2Fv2%2Fcategories&post=4804"},{"taxonomy":"post_tag","embeddable":true,"href":"https:\/\/economiapoliticacba.com\/index.php?rest_route=%2Fwp%2Fv2%2Ftags&post=4804"}],"curies":[{"name":"wp","href":"https:\/\/api.w.org\/{rel}","templated":true}]}}