{"id":47848,"date":"2026-02-17T22:52:03","date_gmt":"2026-02-17T22:52:03","guid":{"rendered":"https:\/\/www.clubtalleres.com.ar\/?p=204500"},"modified":"2026-02-17T22:52:03","modified_gmt":"2026-02-17T22:52:03","slug":"reserva-gran-triunfo-albiazul-en-su-visita-a-san-lorenzo","status":"publish","type":"post","link":"https:\/\/economiapoliticacba.com\/?p=47848","title":{"rendered":"Reserva: Gran triunfo albiazul en su visita a San Lorenzo \u00a0\u00a0"},"content":{"rendered":"<div><img src=\"http:\/\/economiapoliticacba.com\/wp-content\/uploads\/2026\/02\/reserva-gran-triunfo-albiazul-en-su-visita-a-san-lorenzo.jpg\" class=\"ff-og-image-inserted\"><\/div>\n<p>El equipo conducido t\u00e9cnicamente por <strong>Ezequiel Carboni<\/strong> se present\u00f3 este martes en la cancha auxiliar de San Lorenzo. Talleres derrot\u00f3 al Cicl\u00f3n 3 a 1.<\/p>\n<p><strong>Thiago Baroni y Emiliano Chiavassa<\/strong>, en dos ocasiones, marcaron los goles albiazules, mientras que <strong>Tom\u00e1s Yaciuk<\/strong> anot\u00f3 para el local.<\/p>\n<p>El cotejo fue arbitrado por <em>Roberta Echeverr\u00eda<\/em>, quien fue asistido por <em>Ignacio Ortegui y Bruno Santill\u00e1n. Dami\u00e1n Parodi<\/em>complet\u00f3 el cuarteto arbitral.<\/p>\n<p>En su pr\u00f3ximo partido <strong>el Matador<\/strong> recibir\u00e1 a Tigre el pr\u00f3ximo jueves 5 de marzo, a las 21.00 hs, en el Estadio La Boutique de barrio Jard\u00edn Espinosa.<\/p>\n<p><strong>S\u00cdNTESIS<br \/>San Lorenzo (1): <\/strong>1. Demian Talavera; 4. Nicolas Blanco, 2. Juan Crisafulli, 6. Lautaro Montenegro, 3. Agust\u00edn \u00c1lvez; 8. Alejo Rivas, 5. Cristian Gallardo, 10. Elian Ojeda, 7. Valentino Bossio; 9. Branco Salinardi, 11. Gustavo Romero.<br \/><strong>Suplentes: <\/strong>12. Renato Ardissono, 13. Agust\u00edn P\u00e9rez, 14. Jos\u00e9 Banegas, 15. Javier Arellano, 16. Tob\u00edas Esp\u00edndola, 17. Patricio C\u00e9spedes, 18. Tomas Yaciuk, 19. M\u00e1ximo Atrio, 20. Juan Ignacio Espinosa, 21. Bruno Brito, 22. Enzo Salas, 23. Thiago Perugini. DT: Alan Capobianco.<br \/><strong>Talleres (3): <\/strong>1. Jerem\u00edas Florent\u00edn, 5. Thiago Baroni, 2. Joaqu\u00edn Soria, 6. Mat\u00edas Ruiz; 4. Misael Zalazar, 8. Bruno Trey, 11. Matias C\u00e1ceres, 3. Facundo Lucero; 7. Lautaro Ortiz,9. Daniel Ribera, 10. Emiliano Chiavassa.<br \/><strong>Suplentes: <\/strong>12. Felipe Pontoni, 13. Gianluca Garavaglia, 14. Joaqu\u00edn Salas, 15. Mariano Albornoz, 16. Joaqu\u00edn Bravo, 17. Cayetano Santarelli, 18. Santiago Albarrac\u00edn, 19. Mariano D\u00edaz, 20. Sebasti\u00e1n Corradi, 21. Jano D\u00edaz. <strong>DT:<\/strong> Ezequiel Carboni.<br \/><strong>Goles: <\/strong>11\u2019 PT Thiago Baroni (T), 26\u2019 ST Emiliano Chiavassa (T), 39\u2019 ST Tomas Yaciuk (SL), 47\u2019 ST Emiliano Chiavassa (T).<br \/><strong>Cambios en San Lorenzo: <\/strong>Tob\u00edas Esp\u00edndola por Alejo Rivas, Patricio C\u00e9spedes por Gustavo Romero, Tom\u00e1s Yaciuk por Valent\u00edn Bossio, Enzo Salas por Elian Ojeda, Thiago Perugini por Branco Salinardi.<br \/><strong>Cambios en Talleres: <\/strong>Joaqu\u00edn Salas por Lautaro Ortiz, Mariano D\u00edaz por Mat\u00edas C\u00e1ceres, Gianluca Garavaglia por Daniel Rivera, Sebasti\u00e1n Corradi por Misael Zalazar, Mariano Albornoz por Facundo Lucero.<strong>&nbsp;&nbsp;&nbsp;&nbsp;<\/strong><br \/><strong>Amonestados:* <\/strong>Juan Crisafulli (SL), Daniel Rivera (T), Jerem\u00edas Florent\u00edn (T), Bruno Trey (T) Nicolas Blanco (SL), Mariano Ruiz (T), Matias C\u00e1ceres (T), Sebasti\u00e1n Corradi (T), Tob\u00edas Esp\u00edndola (SL).<br \/><strong>Expulsados: <\/strong>Juan Crisafulli (SL).<br \/><strong>\u00c1rbitro: <\/strong>Roberta Echeverr\u00eda.<\/p>\n","protected":false},"excerpt":{"rendered":"<p>El equipo conducido t\u00e9cnicamente por Ezequiel Carboni se present\u00f3 este martes en la cancha auxiliar de San Lorenzo. Talleres derrot\u00f3 al Cicl\u00f3n 3 a 1. Thiago Baroni y Emiliano Chiavassa, en dos ocasiones, marcaron los goles albiazules, mientras que Tom\u00e1s Yaciuk anot\u00f3 para el local. El cotejo fue arbitrado por Roberta Echeverr\u00eda, quien fue asistido [&hellip;]<\/p>\n","protected":false},"author":1,"featured_media":47849,"comment_status":"closed","ping_status":"closed","sticky":false,"template":"","format":"standard","meta":{"om_disable_all_campaigns":false,"_monsterinsights_skip_tracking":false,"_monsterinsights_sitenote_active":false,"_monsterinsights_sitenote_note":"","_monsterinsights_sitenote_category":0},"categories":[16],"tags":[],"aioseo_notices":[],"_links":{"self":[{"href":"https:\/\/economiapoliticacba.com\/index.php?rest_route=\/wp\/v2\/posts\/47848"}],"collection":[{"href":"https:\/\/economiapoliticacba.com\/index.php?rest_route=\/wp\/v2\/posts"}],"about":[{"href":"https:\/\/economiapoliticacba.com\/index.php?rest_route=\/wp\/v2\/types\/post"}],"author":[{"embeddable":true,"href":"https:\/\/economiapoliticacba.com\/index.php?rest_route=\/wp\/v2\/users\/1"}],"replies":[{"embeddable":true,"href":"https:\/\/economiapoliticacba.com\/index.php?rest_route=%2Fwp%2Fv2%2Fcomments&post=47848"}],"version-history":[{"count":0,"href":"https:\/\/economiapoliticacba.com\/index.php?rest_route=\/wp\/v2\/posts\/47848\/revisions"}],"wp:featuredmedia":[{"embeddable":true,"href":"https:\/\/economiapoliticacba.com\/index.php?rest_route=\/wp\/v2\/media\/47849"}],"wp:attachment":[{"href":"https:\/\/economiapoliticacba.com\/index.php?rest_route=%2Fwp%2Fv2%2Fmedia&parent=47848"}],"wp:term":[{"taxonomy":"category","embeddable":true,"href":"https:\/\/economiapoliticacba.com\/index.php?rest_route=%2Fwp%2Fv2%2Fcategories&post=47848"},{"taxonomy":"post_tag","embeddable":true,"href":"https:\/\/economiapoliticacba.com\/index.php?rest_route=%2Fwp%2Fv2%2Ftags&post=47848"}],"curies":[{"name":"wp","href":"https:\/\/api.w.org\/{rel}","templated":true}]}}