{"id":47069,"date":"2026-01-20T10:13:00","date_gmt":"2026-01-20T10:13:00","guid":{"rendered":"http:\/\/696f552b2128774661ab14c4"},"modified":"2026-01-20T10:13:00","modified_gmt":"2026-01-20T10:13:00","slug":"martes-con-la-temperatura-en-ascenso-en-cordoba-vuelve-el-calor-intenso","status":"publish","type":"post","link":"https:\/\/economiapoliticacba.com\/?p=47069","title":{"rendered":"Martes con la temperatura en ascenso en C\u00f3rdoba: vuelve el calor intenso"},"content":{"rendered":"<p><img src=\"http:\/\/economiapoliticacba.com\/wp-content\/uploads\/2026\/01\/martes-con-la-temperatura-en-ascenso-en-cordoba-vuelve-el-calor-intenso.jpg\"><\/p>\n<p>C\u00f3rdoba se prepara para enfrentar jornadas sofocantes. Si bien el inicio de la semana ya mostr\u00f3 registros elevados, el calor volver\u00e1 a sentirse con mayor fuerza a partir de este <strong>martes 20<\/strong>.<\/p>\n<p>Seg\u00fan el Servicio Meteorol\u00f3gico Nacional, las marcas t\u00e9rmicas ir\u00e1n en aumento constante. Para el caso de este martes se espera una m\u00e1xima que rondar\u00e1 los <strong>30\u00b0C<\/strong> y un cielo con pocas nubes.&nbsp;<\/p>\n<p>Sin embargo, desde el organismo prev\u00e9n que los valores en la capital oscilar\u00e1n entre los <strong>30 y 37 grados<\/strong> de sensaci\u00f3n t\u00e9rmica con el correr de la semana. El viernes ser\u00e1 la jornada m\u00e1s caliente: se esperan unos <strong>34\u00baC.<\/strong><\/p>\n<figure class=\"multimedia\" data-tadevel-template=\"web\/multimedia\" data-type=\"photo\">\n<div class=\"content\">\n<div class=\"sizer\" data-sizer=\"aspect-ratio\" data-tadevel-template=\"web\/aspect-ratio\"><img alt=\"Martes con la temperatura en ascenso en C\u00f3rdoba: vuelve el calor intenso\" loading=\"lazy\"><\/div>\n<\/div><figcaption class=\"caption\"> <\/figcaption><\/figure>\n<p>En tanto, el pron\u00f3stico indica que las lluvias reci\u00e9n llegar\u00e1n durante el <strong>fin de semana<\/strong> para traer algo de frescura tras el agobio.<\/p>\n","protected":false},"excerpt":{"rendered":"<p>C\u00f3rdoba se prepara para enfrentar jornadas sofocantes. Si bien el inicio de la semana ya mostr\u00f3 registros elevados, el calor volver\u00e1 a sentirse con mayor fuerza a partir de este martes 20. Seg\u00fan el Servicio Meteorol\u00f3gico Nacional, las marcas t\u00e9rmicas ir\u00e1n en aumento constante. Para el caso de este martes se espera una m\u00e1xima que [&hellip;]<\/p>\n","protected":false},"author":1,"featured_media":47070,"comment_status":"closed","ping_status":"closed","sticky":false,"template":"","format":"standard","meta":{"om_disable_all_campaigns":false,"_monsterinsights_skip_tracking":false,"_monsterinsights_sitenote_active":false,"_monsterinsights_sitenote_note":"","_monsterinsights_sitenote_category":0},"categories":[18],"tags":[],"aioseo_notices":[],"_links":{"self":[{"href":"https:\/\/economiapoliticacba.com\/index.php?rest_route=\/wp\/v2\/posts\/47069"}],"collection":[{"href":"https:\/\/economiapoliticacba.com\/index.php?rest_route=\/wp\/v2\/posts"}],"about":[{"href":"https:\/\/economiapoliticacba.com\/index.php?rest_route=\/wp\/v2\/types\/post"}],"author":[{"embeddable":true,"href":"https:\/\/economiapoliticacba.com\/index.php?rest_route=\/wp\/v2\/users\/1"}],"replies":[{"embeddable":true,"href":"https:\/\/economiapoliticacba.com\/index.php?rest_route=%2Fwp%2Fv2%2Fcomments&post=47069"}],"version-history":[{"count":0,"href":"https:\/\/economiapoliticacba.com\/index.php?rest_route=\/wp\/v2\/posts\/47069\/revisions"}],"wp:featuredmedia":[{"embeddable":true,"href":"https:\/\/economiapoliticacba.com\/index.php?rest_route=\/wp\/v2\/media\/47070"}],"wp:attachment":[{"href":"https:\/\/economiapoliticacba.com\/index.php?rest_route=%2Fwp%2Fv2%2Fmedia&parent=47069"}],"wp:term":[{"taxonomy":"category","embeddable":true,"href":"https:\/\/economiapoliticacba.com\/index.php?rest_route=%2Fwp%2Fv2%2Fcategories&post=47069"},{"taxonomy":"post_tag","embeddable":true,"href":"https:\/\/economiapoliticacba.com\/index.php?rest_route=%2Fwp%2Fv2%2Ftags&post=47069"}],"curies":[{"name":"wp","href":"https:\/\/api.w.org\/{rel}","templated":true}]}}