{"id":47067,"date":"2026-01-20T10:34:17","date_gmt":"2026-01-20T10:34:17","guid":{"rendered":"http:\/\/696f584b2128774661ab37f1"},"modified":"2026-01-20T10:34:17","modified_gmt":"2026-01-20T10:34:17","slug":"llego-el-goleador-ronaldo-martinez-ya-se-encuentra-en-cordoba-para-sumarse-a-talleres","status":"publish","type":"post","link":"https:\/\/economiapoliticacba.com\/?p=47067","title":{"rendered":"Lleg\u00f3 el goleador: Ronaldo Mart\u00ednez ya se encuentra en C\u00f3rdoba para sumarse a Talleres"},"content":{"rendered":"<p><img src=\"http:\/\/economiapoliticacba.com\/wp-content\/uploads\/2026\/01\/llego-el-goleador-ronaldo-martinez-ya-se-encuentra-en-cordoba-para-sumarse-a-talleres.jpg\"><\/p>\n<p>Ronaldo Mart\u00ednez ya pisa suelo cordob\u00e9s y su llegada marca uno de los movimientos m\u00e1s importantes del mercado de pases de Talleres. El atacante paraguayo arrib\u00f3 este lunes a la ciudad y, tras cumplir con los estudios m\u00e9dicos previstos para este martes, sellar\u00e1 su v\u00ednculo con el club albiazul por las pr\u00f3ximas tres temporadas.<\/p>\n<figure class=\"multimedia\" data-tadevel-template=\"web\/multimedia\" data-type=\"video\"><figcaption class=\"caption\">\n<div class=\"description\">X de Frases BUFF4RINI<\/div>\n<\/figcaption><\/figure>\n<p>El delantero de 29 a\u00f1os fue recibido por un grupo de hinchas que se acerc\u00f3 a saludarlo y pedirle fotos en su arribo. Sin grandes declaraciones, Mart\u00ednez se mostr\u00f3 conforme con este nuevo desaf\u00edo en su carrera, que lo trae a barrio Jard\u00edn luego de un ciclo destacado en Platense.<\/p>\n<p>Mart\u00ednez viene de ser una de las figuras del f\u00fatbol argentino en la \u00faltima temporada. Fue campe\u00f3n con el Calamar y termin\u00f3 como <strong>goleador del Torneo Clausura<\/strong>, con ocho conquistas, consolid\u00e1ndose como una referencia ofensiva clave. En total, acumul\u00f3 <strong>22 goles en 114 partidos<\/strong> con la camiseta de Platense, rendimiento que tambi\u00e9n le permiti\u00f3 integrar convocatorias de la Selecci\u00f3n de Paraguay.<\/p>\n<figure class=\"multimedia\" data-tadevel-template=\"web\/multimedia\" data-type=\"video\"><figcaption class=\"caption\">\n<div class=\"description\">X de Aron &#8211; Platense T\u00e1ctico \u2b50\ufe0f<\/div>\n<\/figcaption><\/figure>\n<p>Su incorporaci\u00f3n se da en un contexto de renovaci\u00f3n profunda del plantel albiazul. Talleres sufri\u00f3 varias salidas de peso en este mercado: Rub\u00e9n Botta finaliz\u00f3 su contrato y continuar\u00e1 su carrera en Defensa y Justicia; Juan Camilo Portilla fue transferido al Athletico Paranaense; Federico Girotti emigr\u00f3 a Alianza Lima; mientras que Nahuel Bustos y Emanuel Reynoso partieron a pr\u00e9stamo al f\u00fatbol colombiano.<\/p>\n<p>En paralelo, la dirigencia avanz\u00f3 con regresos e incorporaciones puntuales para rearmar el equipo de cara al Apertura 2026. Diego Valoyes y Bruno Barticciotto ya est\u00e1n confirmados, y a la llegada de Mart\u00ednez se suma la del mediocampista Juan Sforza, quien arribar\u00e1 cedido desde Vasco da Gama hasta diciembre de 2026, con opci\u00f3n de compra.<\/p>\n<p>Con el debut cada vez m\u00e1s cerca \u2014el viernes, como local ante Newell\u2019s\u2014, Talleres apuesta a reforzar su poder ofensivo con un delantero probado, en plena madurez futbol\u00edstica y con antecedentes recientes que lo respaldan. La llegada de Ronaldo Mart\u00ednez no solo cubre una necesidad en ataque: tambi\u00e9n eleva la vara de expectativas en el Mundo Talleres.<\/p>\n<figure class=\"multimedia\" data-tadevel-template=\"web\/multimedia\" data-type=\"photo\">\n<div class=\"content\">\n<div class=\"sizer\" data-sizer=\"aspect-ratio\" data-tadevel-template=\"web\/aspect-ratio\"><img alt=\"Lleg\u00f3 el goleador: Ronaldo Mart\u00ednez ya se encuentra en C\u00f3rdoba para sumarse a Talleres\" loading=\"lazy\"><\/div>\n<\/div>\n<\/figure>\n<figure class=\"multimedia\" data-tadevel-template=\"web\/multimedia\" data-type=\"photo\">\n<div class=\"content\">\n<div class=\"sizer\" data-sizer=\"aspect-ratio\" data-tadevel-template=\"web\/aspect-ratio\"><img alt=\"Lleg\u00f3 el goleador: Ronaldo Mart\u00ednez ya se encuentra en C\u00f3rdoba para sumarse a Talleres\" loading=\"lazy\"><\/div>\n<\/div>\n<\/figure>\n","protected":false},"excerpt":{"rendered":"<p>Ronaldo Mart\u00ednez ya pisa suelo cordob\u00e9s y su llegada marca uno de los movimientos m\u00e1s importantes del mercado de pases de Talleres. El atacante paraguayo arrib\u00f3 este lunes a la ciudad y, tras cumplir con los estudios m\u00e9dicos previstos para este martes, sellar\u00e1 su v\u00ednculo con el club albiazul por las pr\u00f3ximas tres temporadas. X [&hellip;]<\/p>\n","protected":false},"author":1,"featured_media":47068,"comment_status":"closed","ping_status":"closed","sticky":false,"template":"","format":"standard","meta":{"om_disable_all_campaigns":false,"_monsterinsights_skip_tracking":false,"_monsterinsights_sitenote_active":false,"_monsterinsights_sitenote_note":"","_monsterinsights_sitenote_category":0},"categories":[18],"tags":[],"aioseo_notices":[],"_links":{"self":[{"href":"https:\/\/economiapoliticacba.com\/index.php?rest_route=\/wp\/v2\/posts\/47067"}],"collection":[{"href":"https:\/\/economiapoliticacba.com\/index.php?rest_route=\/wp\/v2\/posts"}],"about":[{"href":"https:\/\/economiapoliticacba.com\/index.php?rest_route=\/wp\/v2\/types\/post"}],"author":[{"embeddable":true,"href":"https:\/\/economiapoliticacba.com\/index.php?rest_route=\/wp\/v2\/users\/1"}],"replies":[{"embeddable":true,"href":"https:\/\/economiapoliticacba.com\/index.php?rest_route=%2Fwp%2Fv2%2Fcomments&post=47067"}],"version-history":[{"count":0,"href":"https:\/\/economiapoliticacba.com\/index.php?rest_route=\/wp\/v2\/posts\/47067\/revisions"}],"wp:featuredmedia":[{"embeddable":true,"href":"https:\/\/economiapoliticacba.com\/index.php?rest_route=\/wp\/v2\/media\/47068"}],"wp:attachment":[{"href":"https:\/\/economiapoliticacba.com\/index.php?rest_route=%2Fwp%2Fv2%2Fmedia&parent=47067"}],"wp:term":[{"taxonomy":"category","embeddable":true,"href":"https:\/\/economiapoliticacba.com\/index.php?rest_route=%2Fwp%2Fv2%2Fcategories&post=47067"},{"taxonomy":"post_tag","embeddable":true,"href":"https:\/\/economiapoliticacba.com\/index.php?rest_route=%2Fwp%2Fv2%2Ftags&post=47067"}],"curies":[{"name":"wp","href":"https:\/\/api.w.org\/{rel}","templated":true}]}}