{"id":47042,"date":"2026-01-19T10:20:00","date_gmt":"2026-01-19T10:20:00","guid":{"rendered":"http:\/\/696e04912128774661a15ebb"},"modified":"2026-01-19T10:20:00","modified_gmt":"2026-01-19T10:20:00","slug":"lunes-soleado-y-agradable-en-cordoba-mira-el-pronostico-extendido","status":"publish","type":"post","link":"https:\/\/economiapoliticacba.com\/?p=47042","title":{"rendered":"Lunes soleado y agradable en C\u00f3rdoba: mir\u00e1 el pron\u00f3stico extendido"},"content":{"rendered":"<p><img src=\"http:\/\/economiapoliticacba.com\/wp-content\/uploads\/2026\/01\/lunes-soleado-y-agradable-en-cordoba-mira-el-pronostico-extendido.jpg\"><\/p>\n<p>Luego de las precipitaciones aisladas de los \u00faltimos d\u00edas, las nubes dar\u00e1n paso al sol en gran parte del territorio provincial. Seg\u00fan el Servicio Meteorol\u00f3gico Nacional, para los pr\u00f3ximos d\u00edas no se esperan lluvias y retornar\u00e1n las m\u00e1ximas de verano a pleno.<\/p>\n<p>Este <strong>lunes 19<\/strong> se presenta con condiciones agradables y un marcado descenso de la temperatura: la m\u00e1xima ser\u00e1 de <strong>28\u00b0C<\/strong> y la m\u00ednima de <strong>16\u00b0C<\/strong>, sin probabilidades de lluvia en el horizonte.<\/p>\n<p>Pero la tregua t\u00e9rmica durar\u00e1 poco. A partir del <strong>martes 20<\/strong>, las altas temperaturas regresar\u00e1n para quedarse. Se espera una jornada a pleno sol con una m\u00e1xima que trepar\u00e1 a los <strong>31\u00b0C<\/strong>.<\/p>\n<p>As\u00ed tambi\u00e9n se mantendr\u00e1 durante la semana, con registros de <strong>32\u00b0C<\/strong> para el mi\u00e9rcoles y <strong>33\u00b0C<\/strong> para el jueves.<\/p>\n<figure class=\"multimedia\" data-tadevel-template=\"web\/multimedia\" data-type=\"photo\">\n<div class=\"content\">\n<div class=\"sizer\" data-sizer=\"aspect-ratio\" data-tadevel-template=\"web\/aspect-ratio\"><img alt=\"Lunes soleado y agradable en C\u00f3rdoba: mir\u00e1 el pron\u00f3stico extendido\" loading=\"lazy\"><\/div>\n<\/div>\n<\/figure>\n","protected":false},"excerpt":{"rendered":"<p>Luego de las precipitaciones aisladas de los \u00faltimos d\u00edas, las nubes dar\u00e1n paso al sol en gran parte del territorio provincial. Seg\u00fan el Servicio Meteorol\u00f3gico Nacional, para los pr\u00f3ximos d\u00edas no se esperan lluvias y retornar\u00e1n las m\u00e1ximas de verano a pleno. Este lunes 19 se presenta con condiciones agradables y un marcado descenso de [&hellip;]<\/p>\n","protected":false},"author":1,"featured_media":47043,"comment_status":"closed","ping_status":"closed","sticky":false,"template":"","format":"standard","meta":{"om_disable_all_campaigns":false,"_monsterinsights_skip_tracking":false,"_monsterinsights_sitenote_active":false,"_monsterinsights_sitenote_note":"","_monsterinsights_sitenote_category":0},"categories":[18],"tags":[],"aioseo_notices":[],"_links":{"self":[{"href":"https:\/\/economiapoliticacba.com\/index.php?rest_route=\/wp\/v2\/posts\/47042"}],"collection":[{"href":"https:\/\/economiapoliticacba.com\/index.php?rest_route=\/wp\/v2\/posts"}],"about":[{"href":"https:\/\/economiapoliticacba.com\/index.php?rest_route=\/wp\/v2\/types\/post"}],"author":[{"embeddable":true,"href":"https:\/\/economiapoliticacba.com\/index.php?rest_route=\/wp\/v2\/users\/1"}],"replies":[{"embeddable":true,"href":"https:\/\/economiapoliticacba.com\/index.php?rest_route=%2Fwp%2Fv2%2Fcomments&post=47042"}],"version-history":[{"count":0,"href":"https:\/\/economiapoliticacba.com\/index.php?rest_route=\/wp\/v2\/posts\/47042\/revisions"}],"wp:featuredmedia":[{"embeddable":true,"href":"https:\/\/economiapoliticacba.com\/index.php?rest_route=\/wp\/v2\/media\/47043"}],"wp:attachment":[{"href":"https:\/\/economiapoliticacba.com\/index.php?rest_route=%2Fwp%2Fv2%2Fmedia&parent=47042"}],"wp:term":[{"taxonomy":"category","embeddable":true,"href":"https:\/\/economiapoliticacba.com\/index.php?rest_route=%2Fwp%2Fv2%2Fcategories&post=47042"},{"taxonomy":"post_tag","embeddable":true,"href":"https:\/\/economiapoliticacba.com\/index.php?rest_route=%2Fwp%2Fv2%2Ftags&post=47042"}],"curies":[{"name":"wp","href":"https:\/\/api.w.org\/{rel}","templated":true}]}}