{"id":47018,"date":"2026-01-18T01:57:05","date_gmt":"2026-01-18T01:57:05","guid":{"rendered":"http:\/\/696c3ab221287746618561da"},"modified":"2026-01-18T01:57:05","modified_gmt":"2026-01-18T01:57:05","slug":"festival-de-doma-y-folclore-gran-marco-de-publico-y-noche-penultima-con-clima-ideal","status":"publish","type":"post","link":"https:\/\/economiapoliticacba.com\/?p=47018","title":{"rendered":"Festival de Doma y Folclore: gran marco de p\u00fablico y noche pen\u00faltima con clima ideal"},"content":{"rendered":"<p><img src=\"http:\/\/economiapoliticacba.com\/wp-content\/uploads\/2026\/01\/festival-de-doma-y-folclore-gran-marco-de-publico-y-noche-penultima-con-clima-ideal.jpg\"><\/p>\n<p><strong>La Clave Tr\u00edo<\/strong> fue la encargada de iniciar la noche en Jes\u00fas Mar\u00eda. En una velada donde el campo de la doma tiene preponderancia, ya que est\u00e1 en etapa de definiciones, el grupo de primos hermanos integrado por: <strong>Christian Spinetti, Mart\u00edn Ferrera y Ver\u00f3nica Figueroa<\/strong> entreg\u00f3 un repertorio fresco y r\u00edtmico, acorde con el esp\u00edritu del encuentro.<\/p>\n<figure class=\"multimedia\" data-tadevel-template=\"web\/multimedia\" data-type=\"photo\">\n<div class=\"content\">\n<div class=\"sizer\" data-sizer=\"aspect-ratio\" data-tadevel-template=\"web\/aspect-ratio\"><img alt=\"La Clave Tr\u00edo, desde Alta Gracia (Foto: prensa)\" loading=\"lazy\"><\/div>\n<\/div><figcaption class=\"caption\">\n<div class=\"description\">La Clave Tr\u00edo, desde Alta Gracia (Foto: prensa)<\/div>\n<\/figcaption><\/figure>\n<p>Luego de un prolongado espacio en el campo de la doma, llega <strong>Guitarreros<\/strong>.<\/p>\n<p>El grupo, nacido en 2008 en Salta, entrega su fervor al p\u00fablico festivalero que, en buen n\u00famero, se suma este s\u00e1bado al \u201ccumplea\u00f1os m\u00e1s largo del mundo\u201d.<\/p>\n<figure class=\"multimedia\" data-tadevel-template=\"web\/multimedia\" data-type=\"photo\">\n<div class=\"content\">\n<div class=\"sizer\" data-sizer=\"aspect-ratio\" data-tadevel-template=\"web\/aspect-ratio\"><img alt=\"Guitarreros en el escenario (Foto: prensa)\" loading=\"lazy\"><\/div>\n<\/div><figcaption class=\"caption\">\n<div class=\"description\">Guitarreros en el escenario (Foto: prensa)<\/div>\n<\/figcaption><\/figure>\n<p><strong>Guillermo Bahr, cronista de Canal 10,<\/strong> registra an\u00e9cdotas que ocurren en el festival.<\/p>\n<figure class=\"multimedia\" data-html data-tadevel-template=\"web\/multimedia\" data-type=\"rich\" data-url=\"https:\/\/www.instagram.com\/canal10cba\/reel\/DTof8unCEe7\/\"><figcaption class=\"caption\">\n<div class=\"description\">Canal 10 C\u00f3rdoba on Instagram: &#8220;\ud83e\udd20\ud83e\udd2aTrajo a todos sus amigos en avi\u00f3n desde Buenos Aires al Festival de Jes\u00fas Mar\u00eda. \ud83e\udd35\ud83d\udc70Una despedida de soltero all inclusive en el Festi, invit\u00f3 a todos sus amigos a pasar un fin de semana a pura fiesta y amistad. #Jesusmaria2026 #cordoba #despedidadesoltero&#8221;<\/div>\n<\/figcaption><\/figure>\n<p>Cerca de la medianoche llega el momento del exitoso conjunto <strong>Ahyre<\/strong>, formado por: <strong>Juan Jos\u00e9 Vasconcellos, Sebasti\u00e1n Gim\u00e9nez, Hernando M\u00f3nico y Federico Maldonado<\/strong>, que entrega a sus seguidores los temas m\u00e1s aplaudidos de su repertorio, compuesto por 13 canciones preparadas para esta ocasi\u00f3n.<\/p>\n<figure class=\"multimedia\" data-html data-tadevel-template=\"web\/multimedia\" data-type=\"rich\" data-url=\"https:\/\/www.instagram.com\/canal10cba\/reel\/DTo6AHCjv6o\/\"><figcaption class=\"caption\">\n<div class=\"description\">Canal 10 C\u00f3rdoba on Instagram: &#8220;\ud83c\udfb6Adi\u00f3s que te vaya bien &#8211; Ahyre \ud83d\udd3bFestival de Doma y Folklore de Jes\u00fas Mar\u00eda 2026 #ahyre #festivaldejesusmaria&#8221;<\/div>\n<\/figcaption><\/figure>\n<figure class=\"multimedia\" data-tadevel-template=\"web\/multimedia\" data-type=\"photo\">\n<div class=\"content\">\n<div class=\"sizer\" data-sizer=\"aspect-ratio\" data-tadevel-template=\"web\/aspect-ratio\"><img alt=\"Ahyre, en el escenario (Foto: prensa)\" loading=\"lazy\"><\/div>\n<\/div><figcaption class=\"caption\">\n<div class=\"description\">Ahyre, en el escenario (Foto: prensa)<\/div>\n<\/figcaption><\/figure>\n<p>A esta hora, el p\u00fablico espera las actuaciones de <strong>Jorge Rojas<\/strong>, <strong>Cazzu<\/strong>, con su m\u00fasica urbana, y <strong>Los Cantores del Alba<\/strong>, que cerrar\u00e1n la jornada.<\/p>\n<p>Canal 10 muestra la llegada de Jorge Rojas al anfiteatro.<\/p>\n<figure class=\"multimedia\" data-html data-tadevel-template=\"web\/multimedia\" data-type=\"rich\" data-url=\"https:\/\/www.instagram.com\/canal10cba\/reel\/DTopjFPiBvj\/\"><figcaption class=\"caption\">\n<div class=\"description\">Canal 10 C\u00f3rdoba on Instagram: &#8220;\ud83c\udfb6As\u00ed llegaba Jorge Rojas al Anfiteatro Jos\u00e9 Hern\u00e1ndez de Jes\u00fas Mar\u00eda 2026. #jorgerojas #cordoba #festivaldejesusmaria ivaldejesusmaria&#8221;<\/div>\n<\/figcaption><\/figure>\n<p>Los presentes cantaron y vitorearon cada una de sus canciones: <strong>Jorge Rojas<\/strong>, simpat\u00eda y cl\u00e1sicos sobre el escenario.<\/p>\n<figure class=\"multimedia\" data-tadevel-template=\"web\/multimedia\" data-type=\"photo\">\n<div class=\"content\">\n<div class=\"sizer\" data-sizer=\"aspect-ratio\" data-tadevel-template=\"web\/aspect-ratio\"><img alt=\"(Foto: prensa)\" loading=\"lazy\"><\/div>\n<\/div><figcaption class=\"caption\">\n<div class=\"description\">(Foto: prensa)<\/div>\n<\/figcaption><\/figure>\n<figure class=\"multimedia\" data-tadevel-template=\"web\/multimedia\" data-type=\"photo\">\n<div class=\"content\">\n<div class=\"sizer\" data-sizer=\"aspect-ratio\" data-tadevel-template=\"web\/aspect-ratio\"><img alt=\"Otra noche multitudinaria en el anfiteatro Jos\u00e9 Hern\u00e1ndez (Foto: prensa)\" loading=\"lazy\"><\/div>\n<\/div><figcaption class=\"caption\">\n<div class=\"description\">Otra noche multitudinaria en el anfiteatro Jos\u00e9 Hern\u00e1ndez (Foto: prensa)<\/div>\n<\/figcaption><\/figure>\n<p>Precedida por un atractivo ballet de malambeadoras, Cazzu da comienzo a su recital con la canci\u00f3n \u201cEl diablo de los bombos\u201d.<\/p>\n<figure class=\"multimedia\" data-html data-tadevel-template=\"web\/multimedia\" data-type=\"rich\" data-url=\"https:\/\/www.instagram.com\/canal10cba\/reel\/DTpDis9jrnm\/\"><figcaption class=\"caption\">\n<div class=\"description\">Canal 10 C\u00f3rdoba on Instagram: &#8220;\u2764\ufe0fAs\u00ed pisaba Cazzu el m\u00edtico escenario de Jes\u00fas Mar\u00eda. Cazzu &#8211; El diablo de los Bombos \ud83d\udd3bFestival Nacional de Doma y Folklore de Jes\u00fas Mar\u00eda 2026&#8221;<\/div>\n<\/figcaption><\/figure>\n<p>\u201cNac\u00ed en Jujuy y crec\u00ed viendo y escuchando festivales como \u00e9ste, por lo tanto es un sue\u00f1o para m\u00ed estar aqu\u00ed\u201d, dijo la cantante, present\u00e1ndose como &#8220;Julieta (Cazzuchelli), conocida como Cazzu&#8221;. Dedica su canci\u00f3n \u201cPi\u00e9nsame\u201d a Horacio Guaran\u00ed, &#8220;quien ha pasado por este escenario con sus bellas poes\u00edas&#8221;, dijo.<\/p>\n<p>Nuevamente acompa\u00f1ada por el grupo \u201cAtahualpa Yupanqui\u201d de bombistas y malambeadoras \u201ccordobesas todas\u201d, se\u00f1al\u00f3, interpret\u00f3 \u201cMe toc\u00f3 perder\u201d, una atractiva chacarera de su repertorio.<\/p>\n<figure class=\"multimedia\" data-tadevel-template=\"web\/multimedia\" data-type=\"photo\">\n<div class=\"content\">\n<div class=\"sizer\" data-sizer=\"aspect-ratio\" data-tadevel-template=\"web\/aspect-ratio\"><img alt=\"Cazzu, comunicativa con el p\u00fablico (foto: prensa)\" loading=\"lazy\"><\/div>\n<\/div><figcaption class=\"caption\">\n<div class=\"description\">Cazzu, comunicativa con el p\u00fablico (foto: prensa)<\/div>\n<\/figcaption><\/figure>\n<p>Jes\u00fas Mar\u00eda est\u00e1 viviendo otra gran noche con buen clima pese a que en alg\u00fan momento se pronosticaron lluvias para esta noche.<\/p>\n<figure class=\"multimedia\" data-tadevel-template=\"web\/multimedia\" data-type=\"photo\">\n<div class=\"content\">\n<div class=\"sizer\" data-sizer=\"aspect-ratio\" data-tadevel-template=\"web\/aspect-ratio\"><img alt=\"\u201cLes voy a ofrecer material de mi \u00faltimo trabajo en el que recorro Latinoam\u00e9rica\u201d, dijo Cazzu, debutante en este escenario.\" loading=\"lazy\"><\/div>\n<\/div><figcaption class=\"caption\">\n<div class=\"description\">\u201cLes voy a ofrecer material de mi \u00faltimo trabajo en el que recorro Latinoam\u00e9rica\u201d, dijo Cazzu, debutante en este escenario.<\/div>\n<\/figcaption><\/figure>\n<figure class=\"multimedia\" data-tadevel-template=\"web\/multimedia\" data-type=\"photo\">\n<div class=\"content\">\n<div class=\"sizer\" data-sizer=\"aspect-ratio\" data-tadevel-template=\"web\/aspect-ratio\"><img alt=\"\u201cAhora le pusieron cara a la canci\u00f3n\u201d afirm\u00f3 cuando el p\u00fablico comenz\u00f3 a corear \u201cCon otra\u201d su tema m\u00e1s popular, admitiendo que muchos de los presentes no la reconoc\u00edan (Foto: prensa)\" loading=\"lazy\"><\/div>\n<\/div><figcaption class=\"caption\">\n<div class=\"description\">\u201cAhora le pusieron cara a la canci\u00f3n\u201d afirm\u00f3 cuando el p\u00fablico comenz\u00f3 a corear \u201cCon otra\u201d su tema m\u00e1s popular, admitiendo que muchos de los presentes no la reconoc\u00edan (Foto: prensa)<\/div>\n<\/figcaption><\/figure>\n<p>A las 4 de la madrugada inici\u00f3 su recital de 40 canciones programadas Ulises Bueno, luego vendr\u00e1 el cierre con Los Cantores del Alba,<\/p>\n","protected":false},"excerpt":{"rendered":"<p>La Clave Tr\u00edo fue la encargada de iniciar la noche en Jes\u00fas Mar\u00eda. En una velada donde el campo de la doma tiene preponderancia, ya que est\u00e1 en etapa de definiciones, el grupo de primos hermanos integrado por: Christian Spinetti, Mart\u00edn Ferrera y Ver\u00f3nica Figueroa entreg\u00f3 un repertorio fresco y r\u00edtmico, acorde con el esp\u00edritu [&hellip;]<\/p>\n","protected":false},"author":1,"featured_media":47019,"comment_status":"closed","ping_status":"closed","sticky":false,"template":"","format":"standard","meta":{"om_disable_all_campaigns":false,"_monsterinsights_skip_tracking":false,"_monsterinsights_sitenote_active":false,"_monsterinsights_sitenote_note":"","_monsterinsights_sitenote_category":0},"categories":[18],"tags":[],"aioseo_notices":[],"_links":{"self":[{"href":"https:\/\/economiapoliticacba.com\/index.php?rest_route=\/wp\/v2\/posts\/47018"}],"collection":[{"href":"https:\/\/economiapoliticacba.com\/index.php?rest_route=\/wp\/v2\/posts"}],"about":[{"href":"https:\/\/economiapoliticacba.com\/index.php?rest_route=\/wp\/v2\/types\/post"}],"author":[{"embeddable":true,"href":"https:\/\/economiapoliticacba.com\/index.php?rest_route=\/wp\/v2\/users\/1"}],"replies":[{"embeddable":true,"href":"https:\/\/economiapoliticacba.com\/index.php?rest_route=%2Fwp%2Fv2%2Fcomments&post=47018"}],"version-history":[{"count":0,"href":"https:\/\/economiapoliticacba.com\/index.php?rest_route=\/wp\/v2\/posts\/47018\/revisions"}],"wp:featuredmedia":[{"embeddable":true,"href":"https:\/\/economiapoliticacba.com\/index.php?rest_route=\/wp\/v2\/media\/47019"}],"wp:attachment":[{"href":"https:\/\/economiapoliticacba.com\/index.php?rest_route=%2Fwp%2Fv2%2Fmedia&parent=47018"}],"wp:term":[{"taxonomy":"category","embeddable":true,"href":"https:\/\/economiapoliticacba.com\/index.php?rest_route=%2Fwp%2Fv2%2Fcategories&post=47018"},{"taxonomy":"post_tag","embeddable":true,"href":"https:\/\/economiapoliticacba.com\/index.php?rest_route=%2Fwp%2Fv2%2Ftags&post=47018"}],"curies":[{"name":"wp","href":"https:\/\/api.w.org\/{rel}","templated":true}]}}