{"id":46996,"date":"2026-01-16T22:20:10","date_gmt":"2026-01-16T22:20:10","guid":{"rendered":"http:\/\/696ab76f21287746615b8222"},"modified":"2026-01-16T22:20:10","modified_gmt":"2026-01-16T22:20:10","slug":"argentina-dira-presente-en-la-mision-artemis-ii-de-la-nasa-para-volver-a-la-luna","status":"publish","type":"post","link":"https:\/\/economiapoliticacba.com\/?p=46996","title":{"rendered":"Argentina dir\u00e1 presente en la misi\u00f3n Artemis II de la NASA para volver a la Luna"},"content":{"rendered":"<p><img src=\"http:\/\/economiapoliticacba.com\/wp-content\/uploads\/2026\/01\/argentina-dira-presente-en-la-mision-artemis-ii-de-la-nasa-para-volver-a-la-luna.jpg\"><\/p>\n<p>El pr\u00f3ximo 6 de febrero, la misi\u00f3n de la NASA llamada Artemis II despegar\u00e1 con cuatro tripulantes abordo y con el objetivo de sobrevolar la Luna.&nbsp;<\/p>\n<p>En ese marco, el Gobierno Nacional inform\u00f3 que nuestro pa\u00eds formar\u00e1 parte de esta misi\u00f3n ya que la nave llevar\u00e1 a bordo un microsat\u00e9lite argentino llamado Atenea.&nbsp;<\/p>\n<p>Se trata de la primera misi\u00f3n tripulada a la Luna en m\u00e1s de cincuenta a\u00f1os, tras el fin del Programa Apolo en 1972.<\/p>\n<p>Durante el lanzamiento, se desplegar\u00e1 el microsat\u00e9lite de la Comisi\u00f3n Nacional de Actividades Espaciales (CONAE), desarrollado adem\u00e1s por la empresa argentina VENG S.A; el Instituto Argentino de Radioastronom\u00eda (IAR); la Comisi\u00f3n Nacional de Energ\u00eda At\u00f3mica (CNEA), y las Universidades de La Plata (UNLP) y de San Mart\u00edn (UNSAM). Tambi\u00e9n particip\u00f3 del proceso la Facultad de Ingenier\u00eda de la Universidad de Buenos Aires (FIUBA).<\/p>\n<p>\u201cEste microsat\u00e9lite argentino permitir\u00e1 validar tecnolog\u00edas cr\u00edticas para futuras misiones espaciales d\u00e1ndole informaci\u00f3n fundamental a la NASA\u201d, explica el comunicado emitido por la cuenta de la Oficina del Presidente.<\/p>\n<p>Y agrega: \u201cUna vez en el espacio, Atenea medir\u00e1 radiaci\u00f3n en \u00f3rbitas profundas, evaluar\u00e1 componentes para uso espacial, captar\u00e1 datos GPS para \u00f3rbitas de transferencia geoestacionaria, y validar\u00e1 enlaces de comunicaci\u00f3n de largo alcance\u201d.<\/p>\n<figure class=\"multimedia\" data-tadevel-template=\"web\/multimedia\" data-type=\"photo\">\n<div class=\"content\">\n<div class=\"sizer\" data-sizer=\"aspect-ratio\" data-tadevel-template=\"web\/aspect-ratio\"><img alt=\"Argentina dir\u00e1 presente en la misi\u00f3n Artemis II de la NASA para volver a la Luna\" loading=\"lazy\"><\/div>\n<\/div>\n<\/figure>\n","protected":false},"excerpt":{"rendered":"<p>El pr\u00f3ximo 6 de febrero, la misi\u00f3n de la NASA llamada Artemis II despegar\u00e1 con cuatro tripulantes abordo y con el objetivo de sobrevolar la Luna.&nbsp; En ese marco, el Gobierno Nacional inform\u00f3 que nuestro pa\u00eds formar\u00e1 parte de esta misi\u00f3n ya que la nave llevar\u00e1 a bordo un microsat\u00e9lite argentino llamado Atenea.&nbsp; Se trata [&hellip;]<\/p>\n","protected":false},"author":1,"featured_media":46997,"comment_status":"closed","ping_status":"closed","sticky":false,"template":"","format":"standard","meta":{"om_disable_all_campaigns":false,"_monsterinsights_skip_tracking":false,"_monsterinsights_sitenote_active":false,"_monsterinsights_sitenote_note":"","_monsterinsights_sitenote_category":0},"categories":[18],"tags":[],"aioseo_notices":[],"_links":{"self":[{"href":"https:\/\/economiapoliticacba.com\/index.php?rest_route=\/wp\/v2\/posts\/46996"}],"collection":[{"href":"https:\/\/economiapoliticacba.com\/index.php?rest_route=\/wp\/v2\/posts"}],"about":[{"href":"https:\/\/economiapoliticacba.com\/index.php?rest_route=\/wp\/v2\/types\/post"}],"author":[{"embeddable":true,"href":"https:\/\/economiapoliticacba.com\/index.php?rest_route=\/wp\/v2\/users\/1"}],"replies":[{"embeddable":true,"href":"https:\/\/economiapoliticacba.com\/index.php?rest_route=%2Fwp%2Fv2%2Fcomments&post=46996"}],"version-history":[{"count":0,"href":"https:\/\/economiapoliticacba.com\/index.php?rest_route=\/wp\/v2\/posts\/46996\/revisions"}],"wp:featuredmedia":[{"embeddable":true,"href":"https:\/\/economiapoliticacba.com\/index.php?rest_route=\/wp\/v2\/media\/46997"}],"wp:attachment":[{"href":"https:\/\/economiapoliticacba.com\/index.php?rest_route=%2Fwp%2Fv2%2Fmedia&parent=46996"}],"wp:term":[{"taxonomy":"category","embeddable":true,"href":"https:\/\/economiapoliticacba.com\/index.php?rest_route=%2Fwp%2Fv2%2Fcategories&post=46996"},{"taxonomy":"post_tag","embeddable":true,"href":"https:\/\/economiapoliticacba.com\/index.php?rest_route=%2Fwp%2Fv2%2Ftags&post=46996"}],"curies":[{"name":"wp","href":"https:\/\/api.w.org\/{rel}","templated":true}]}}