{"id":46992,"date":"2026-01-17T00:58:41","date_gmt":"2026-01-17T00:58:41","guid":{"rendered":"http:\/\/696ad9b321287746615ee93e"},"modified":"2026-01-17T00:58:41","modified_gmt":"2026-01-17T00:58:41","slug":"javier-milei-llego-al-anfiteatro-durante-el-show-del-chaqueno-en-una-noche-record-de-ventas","status":"publish","type":"post","link":"https:\/\/economiapoliticacba.com\/?p=46992","title":{"rendered":"Javier Milei lleg\u00f3 al anfiteatro durante el show del Chaque\u00f1o, en una noche r\u00e9cord de ventas"},"content":{"rendered":"<p><img src=\"http:\/\/economiapoliticacba.com\/wp-content\/uploads\/2026\/01\/javier-milei-llego-al-anfiteatro-durante-el-show-del-chaqueno-en-una-noche-record-de-ventas.jpg\"><\/p>\n<p>Con una entrada triunfal al campo de la doma, montado en un caballo, <strong>\u00d3scar \u201cel Chaque\u00f1o\u201d Palavecino<\/strong> inaugur\u00f3 la noche del viernes, la m\u00e1s exitosa en venta de entradas, ya que estaban agotadas desde hace semanas.<\/p>\n<figure class=\"multimedia\" data-tadevel-template=\"web\/multimedia\" data-type=\"photo\">\n<div class=\"content\">\n<div class=\"sizer\" data-sizer=\"aspect-ratio\" data-tadevel-template=\"web\/aspect-ratio\"><img alt=\"El cantor saluda al p\u00fablico (Foto: prensa)\" loading=\"lazy\"><\/div>\n<\/div><figcaption class=\"caption\">\n<div class=\"description\">El cantor saluda al p\u00fablico (Foto: prensa)<\/div>\n<\/figcaption><\/figure>\n<p>Luego de una vuelta al galope y saludando a los presentes, el cantor, custodiado por varios jinetes, agradeci\u00f3 un nuevo a\u00f1o en el festival, le dese\u00f3 un feliz cumplea\u00f1os e invit\u00f3 a su \u201cpadrino\u201d, don <strong>Lucio Rojas<\/strong>, de 87 a\u00f1os, padre de Jorge y Lucio, montado tambi\u00e9n en un caballo, a entonar una copla.<\/p>\n<figure class=\"multimedia\" data-tadevel-template=\"web\/multimedia\" data-type=\"photo\">\n<div class=\"content\">\n<div class=\"sizer\" data-sizer=\"aspect-ratio\" data-tadevel-template=\"web\/aspect-ratio\"><img alt=\"Lucio Rojas, padre de Jorge y Lucio acompa\u00f1\u00f3 al Chaque\u00f1o en su entrada y luego presenci\u00f3 el espect\u00e1culo (Foto: prensa)\" loading=\"lazy\"><\/div>\n<\/div><figcaption class=\"caption\">\n<div class=\"description\">Lucio Rojas, padre de Jorge y Lucio acompa\u00f1\u00f3 al Chaque\u00f1o en su entrada y luego presenci\u00f3 el espect\u00e1culo (Foto: prensa)<\/div>\n<\/figcaption><\/figure>\n<p>&nbsp;As\u00ed lo hizo don Rojas, quien salud\u00f3 al p\u00fablico y agradeci\u00f3 esta invitaci\u00f3n del Chaque\u00f1o. Tras ello se despidi\u00f3 con un \u201chasta luego, ya volvemos\u201d y los conductores presentaron a la primera cantante de la noche, la catamarque\u00f1a <strong>Loy Carrizo<\/strong>.<\/p>\n<figure class=\"multimedia\" data-tadevel-template=\"web\/multimedia\" data-type=\"photo\">\n<div class=\"content\">\n<div class=\"sizer\" data-sizer=\"aspect-ratio\" data-tadevel-template=\"web\/aspect-ratio\"><img alt=\"Loy Carrizo, catamarque\u00f1a y casi jesusmariense (Foto: prensa)\" loading=\"lazy\"><\/div>\n<\/div><figcaption class=\"caption\">\n<div class=\"description\">Loy Carrizo, catamarque\u00f1a y casi jesusmariense (Foto: prensa)<\/div>\n<\/figcaption><\/figure>\n<p>La cantante hizo su pu\u00f1ado de canciones con gracia y simpat\u00eda; tras ella lleg\u00f3 el momento de un grupo hist\u00f3rico del festival: Las Voces de Or\u00e1n, con el fervor de sus interpretaciones.<\/p>\n<figure class=\"multimedia\" data-tadevel-template=\"web\/multimedia\" data-type=\"photo\">\n<div class=\"content\">\n<div class=\"sizer\" data-sizer=\"aspect-ratio\" data-tadevel-template=\"web\/aspect-ratio\"><img alt=\"Espectadores disfrutando de una nueva jornada (Foto: prensa)\" loading=\"lazy\"><\/div>\n<\/div><figcaption class=\"caption\">\n<div class=\"description\">Espectadores disfrutando de una nueva jornada (Foto: prensa)<\/div>\n<\/figcaption><\/figure>\n<p>A esta hora se esperaban las actuaciones de:<strong> Cabales y Canto 4, Los Alonsitos y el Loco Amato,<\/strong> entre otros.<\/p>\n<figure class=\"multimedia\" data-tadevel-template=\"web\/multimedia\" data-type=\"photo\">\n<div class=\"content\">\n<div class=\"sizer\" data-sizer=\"aspect-ratio\" data-tadevel-template=\"web\/aspect-ratio\"><img alt=\"Las voces de Or\u00e1n con sus cl\u00e1sicos (Foto: prensa)\" loading=\"lazy\"><\/div>\n<\/div><figcaption class=\"caption\">\n<div class=\"description\">Las voces de Or\u00e1n con sus cl\u00e1sicos (Foto: prensa)<\/div>\n<\/figcaption><\/figure>\n<p><strong>Decime Chango<\/strong> es la banda que continu\u00f3 con la grilla del viernes. Los m\u00fasicos, provenientes de distintas provincias, interpretan canciones tradicionales con un sonido renovado.<\/p>\n<figure class=\"multimedia\" data-tadevel-template=\"web\/multimedia\" data-type=\"photo\">\n<div class=\"content\">\n<div class=\"sizer\" data-sizer=\"aspect-ratio\" data-tadevel-template=\"web\/aspect-ratio\"><img alt=\"Decime Chango (Foto: prensa)\" loading=\"lazy\"><\/div>\n<\/div><figcaption class=\"caption\">\n<div class=\"description\">Decime Chango (Foto: prensa)<\/div>\n<\/figcaption><\/figure>\n<p>Con la intervenci\u00f3n de DJ, el p\u00fablico se entretiene mientras aguarda el pr\u00f3ximo n\u00famero art\u00edstico. La animaci\u00f3n corre por cuenta de los conductores del streaming del festival.<\/p>\n<figure class=\"multimedia\" data-tadevel-template=\"web\/multimedia\" data-type=\"photo\">\n<div class=\"content\">\n<div class=\"sizer\" data-sizer=\"aspect-ratio\" data-tadevel-template=\"web\/aspect-ratio\"><img alt=\"Los Alonsitos, ritmo del litoral (Foto: prensa)\" loading=\"lazy\"><\/div>\n<\/div><figcaption class=\"caption\">\n<div class=\"description\">Los Alonsitos, ritmo del litoral (Foto: prensa)<\/div>\n<\/figcaption><\/figure>\n<p><strong>Los Alonsitos<\/strong>, con la caracter\u00edstica entrada con los compases del chamam\u00e9 &#8220;El toro&#8221;, se instalan en el escenario dispuestos a encender a la concurrencia con la m\u00fasica del litoral. El grupo celebra 40 a\u00f1os de trayectoria.<\/p>\n<figure class=\"multimedia\" data-tadevel-template=\"web\/multimedia\" data-type=\"photo\">\n<div class=\"content\">\n<div class=\"sizer\" data-sizer=\"aspect-ratio\" data-tadevel-template=\"web\/aspect-ratio\"><img alt=\"Cabales y Canto 4 (Foto: prensa)\" loading=\"lazy\"><\/div>\n<\/div><figcaption class=\"caption\">\n<div class=\"description\">Cabales y Canto 4 (Foto: prensa)<\/div>\n<\/figcaption><\/figure>\n<p><strong>Cabales y Canto 4<\/strong> otras de las presencias en la novena noche de la fiesta de Jes\u00fas Mar\u00eda.<\/p>\n<figure class=\"multimedia\" data-tadevel-template=\"web\/multimedia\" data-type=\"photo\">\n<div class=\"content\">\n<div class=\"sizer\" data-sizer=\"aspect-ratio\" data-tadevel-template=\"web\/aspect-ratio\"><img alt=\"Javier Milei lleg\u00f3 al anfiteatro durante el show del Chaque\u00f1o, en una noche r\u00e9cord de ventas\" loading=\"lazy\"><\/div>\n<\/div>\n<\/figure>\n<p>Minutos despu\u00e9s de las 0.30, ovacionado por los presentes hace su ingreso el <strong>Chaque\u00f1o Palavecino<\/strong>, ratificando una vez m\u00e1s que es la figura del Festival.<\/p>\n<figure class=\"multimedia\" data-tadevel-template=\"web\/multimedia\" data-type=\"photo\">\n<div class=\"content\">\n<div class=\"sizer\" data-sizer=\"aspect-ratio\" data-tadevel-template=\"web\/aspect-ratio\"><img alt=\"El Chaque\u00f1o y el lucimiento de sus m\u00fasicos (Foto, prensa)\" loading=\"lazy\"><\/div>\n<\/div><figcaption class=\"caption\">\n<div class=\"description\">El Chaque\u00f1o y el lucimiento de sus m\u00fasicos (Foto, prensa)<\/div>\n<\/figcaption><\/figure>\n<figure class=\"multimedia\" data-html data-tadevel-template=\"web\/multimedia\" data-type=\"rich\" data-url=\"https:\/\/www.instagram.com\/canal10cba\/reel\/DTmPTJkiDMj\/\"><figcaption class=\"caption\">\n<div class=\"description\">Canal 10 C\u00f3rdoba on Instagram: &#8220;\ud83d\udc49\ud83c\udffbEntre el p\u00fablico entro el presidente Javier Milei al Festival Nacional de Doma y Folklore de Jes\u00fas Mar\u00eda. #milei #Jesusmaria2026&#8221;<\/div>\n<\/figcaption><\/figure>\n<p>A las 0,45 un gran cartel lum\u00ednico proyectado en el escenario le dio la bienvenida al presidente<strong> Javier Milei,<\/strong> acompa\u00f1ado por su hermana, la secretaria general de la Presidencia, <strong>Karina Milei,<\/strong> el ministro del Interior, <strong>Diego Santilli<\/strong> y el presidente de la C\u00e1mara de Diputados,<strong> Mart\u00edn Menem.<\/strong><\/p>\n<figure class=\"multimedia\" data-tadevel-template=\"web\/multimedia\" data-type=\"photo\">\n<div class=\"content\">\n<div class=\"sizer\" data-sizer=\"aspect-ratio\" data-tadevel-template=\"web\/aspect-ratio\"><img alt=\"El Chaque\u00f1o con un repertorio preparado de m\u00e1s de 40 canciones (Foto: prensa)\" loading=\"lazy\"><\/div>\n<\/div><figcaption class=\"caption\">\n<div class=\"description\">El Chaque\u00f1o con un repertorio preparado de m\u00e1s de 40 canciones (Foto: prensa)<\/div>\n<\/figcaption><\/figure>\n<p>A la 1 de la madrugada se inform\u00f3 que a esa hora la cantidad de p\u00fablico ascend\u00eda a 27.480 personas.<\/p>\n<figure class=\"multimedia\" data-html data-tadevel-template=\"web\/multimedia\" data-type=\"rich\" data-url=\"https:\/\/www.instagram.com\/canal10cba\/reel\/DTmHycxiEne\/\"><figcaption class=\"caption\">\n<div class=\"description\">Canal 10 C\u00f3rdoba on Instagram: &#8220;\ud83e\udd29Completo total en el Festival de Jes\u00fas Mar\u00eda 2026\u2026 #jesusmaria2026 #festival&#8221;<\/div>\n<\/figcaption><\/figure>\n<figure class=\"multimedia\" data-tadevel-template=\"web\/multimedia\" data-type=\"photo\">\n<div class=\"content\">\n<div class=\"sizer\" data-sizer=\"aspect-ratio\" data-tadevel-template=\"web\/aspect-ratio\"><img alt=\"En medio de su recital, el Chaque\u00f1o recibe en el escenario al presidente Milei (foto: prensa)\" loading=\"lazy\"><\/div>\n<\/div><figcaption class=\"caption\">\n<div class=\"description\">En medio de su recital, el Chaque\u00f1o recibe en el escenario al presidente Milei (foto: prensa)<\/div>\n<\/figcaption><\/figure>\n<figure class=\"multimedia\" data-tadevel-template=\"web\/multimedia\" data-type=\"photo\">\n<div class=\"content\">\n<div class=\"sizer\" data-sizer=\"aspect-ratio\" data-tadevel-template=\"web\/aspect-ratio\"><img alt=\"Milei y Palavecino vivados por la concurrencia (Foto: prensa)\" loading=\"lazy\"><\/div>\n<\/div><figcaption class=\"caption\">\n<div class=\"description\">Milei y Palavecino vivados por la concurrencia (Foto: prensa)<\/div>\n<\/figcaption><\/figure>\n<p>El cierre de esta noche fuera de lo com\u00fan estuvo a cargo de El Loco Amato<\/p>\n<figure class=\"multimedia\" data-tadevel-template=\"web\/multimedia\" data-type=\"photo\">\n<div class=\"content\">\n<div class=\"sizer\" data-sizer=\"aspect-ratio\" data-tadevel-template=\"web\/aspect-ratio\"><img alt=\"Ritmo para bailar con el Loco Amato \/Foto: prensa\/\" loading=\"lazy\"><\/div>\n<\/div><figcaption class=\"caption\">\n<div class=\"description\">Ritmo para bailar con el Loco Amato \/Foto: prensa\/<\/div>\n<\/figcaption><\/figure>\n<figure class=\"multimedia\" data-tadevel-template=\"web\/multimedia\" data-type=\"photo\">\n<div class=\"content\">\n<div class=\"sizer\" data-sizer=\"aspect-ratio\" data-tadevel-template=\"web\/aspect-ratio\"><img alt=\"Luego de todas las peripecias vividas la noche del jueves, el viernes cerr\u00f3 con todas las expectativas cumplidas (Foto, prensa)\" loading=\"lazy\"><\/div>\n<\/div><figcaption class=\"caption\">\n<div class=\"description\">Luego de todas las peripecias vividas la noche del jueves, el viernes cerr\u00f3 con todas las expectativas cumplidas (Foto, prensa)<\/div>\n<\/figcaption><\/figure>\n","protected":false},"excerpt":{"rendered":"<p>Con una entrada triunfal al campo de la doma, montado en un caballo, \u00d3scar \u201cel Chaque\u00f1o\u201d Palavecino inaugur\u00f3 la noche del viernes, la m\u00e1s exitosa en venta de entradas, ya que estaban agotadas desde hace semanas. El cantor saluda al p\u00fablico (Foto: prensa) Luego de una vuelta al galope y saludando a los presentes, el [&hellip;]<\/p>\n","protected":false},"author":1,"featured_media":46993,"comment_status":"closed","ping_status":"closed","sticky":false,"template":"","format":"standard","meta":{"om_disable_all_campaigns":false,"_monsterinsights_skip_tracking":false,"_monsterinsights_sitenote_active":false,"_monsterinsights_sitenote_note":"","_monsterinsights_sitenote_category":0},"categories":[18],"tags":[],"aioseo_notices":[],"_links":{"self":[{"href":"https:\/\/economiapoliticacba.com\/index.php?rest_route=\/wp\/v2\/posts\/46992"}],"collection":[{"href":"https:\/\/economiapoliticacba.com\/index.php?rest_route=\/wp\/v2\/posts"}],"about":[{"href":"https:\/\/economiapoliticacba.com\/index.php?rest_route=\/wp\/v2\/types\/post"}],"author":[{"embeddable":true,"href":"https:\/\/economiapoliticacba.com\/index.php?rest_route=\/wp\/v2\/users\/1"}],"replies":[{"embeddable":true,"href":"https:\/\/economiapoliticacba.com\/index.php?rest_route=%2Fwp%2Fv2%2Fcomments&post=46992"}],"version-history":[{"count":0,"href":"https:\/\/economiapoliticacba.com\/index.php?rest_route=\/wp\/v2\/posts\/46992\/revisions"}],"wp:featuredmedia":[{"embeddable":true,"href":"https:\/\/economiapoliticacba.com\/index.php?rest_route=\/wp\/v2\/media\/46993"}],"wp:attachment":[{"href":"https:\/\/economiapoliticacba.com\/index.php?rest_route=%2Fwp%2Fv2%2Fmedia&parent=46992"}],"wp:term":[{"taxonomy":"category","embeddable":true,"href":"https:\/\/economiapoliticacba.com\/index.php?rest_route=%2Fwp%2Fv2%2Fcategories&post=46992"},{"taxonomy":"post_tag","embeddable":true,"href":"https:\/\/economiapoliticacba.com\/index.php?rest_route=%2Fwp%2Fv2%2Ftags&post=46992"}],"curies":[{"name":"wp","href":"https:\/\/api.w.org\/{rel}","templated":true}]}}