{"id":46969,"date":"2026-01-15T19:55:17","date_gmt":"2026-01-15T19:55:17","guid":{"rendered":"http:\/\/6969449e21287746614c265f"},"modified":"2026-01-15T19:55:17","modified_gmt":"2026-01-15T19:55:17","slug":"exjugador-de-talleres-quedo-envuelto-en-una-violenta-pelea-en-brasil","status":"publish","type":"post","link":"https:\/\/economiapoliticacba.com\/?p=46969","title":{"rendered":"Exjugador de Talleres qued\u00f3 envuelto en una violenta pelea en Brasil"},"content":{"rendered":"<p><img src=\"http:\/\/economiapoliticacba.com\/wp-content\/uploads\/2026\/01\/exjugador-de-talleres-quedo-envuelto-en-una-violenta-pelea-en-brasil.jpg\"><\/p>\n<p>Un video que comenz\u00f3 a circular en las \u00faltimas horas volvi\u00f3 a poner en el centro de la escena a Tom\u00e1s Pochettino. Las im\u00e1genes corresponden a una violenta pelea protagonizada por tres futbolistas argentinos del Fortaleza de Brasil \u2014Pochettino, Eros Mancuso y Jos\u00e9 \u201cTucu\u201d Herrera\u2014 durante los festejos de A\u00f1o Nuevo, en un episodio que hab\u00eda ocurrido a comienzos de 2026 pero que ahora recobr\u00f3 notoriedad p\u00fablica.<\/p>\n<p>La secuencia, difundida por medios brasile\u00f1os, muestra una confrontaci\u00f3n generalizada en un condominio de lujo ubicado en Eus\u00e9bio, en la regi\u00f3n metropolitana de Fortaleza. Seg\u00fan las primeras reconstrucciones, el conflicto se habr\u00eda iniciado a partir del reclamo de un vecino por ruidos molestos, debido al volumen elevado de la m\u00fasica durante una fiesta que se extendi\u00f3 hasta la madrugada.<\/p>\n<p>En el registro de las c\u00e1maras de seguridad se observan golpes, empujones y la participaci\u00f3n de varias personas, tanto dentro como fuera de la vivienda. El altercado involucr\u00f3 a al menos nueve individuos, entre ellos los tres jugadores argentinos, dos mujeres y otros vecinos del complejo. La situaci\u00f3n escal\u00f3 r\u00e1pidamente y deriv\u00f3 en la intervenci\u00f3n de la Polic\u00eda Civil del Estado de Cear\u00e1.<\/p>\n<p>El episodio volvi\u00f3 a generar repercusi\u00f3n por la difusi\u00f3n del material audiovisual, que forma parte de la investigaci\u00f3n judicial en curso. La causa fue caratulada como lesiones corporales intencionales y est\u00e1 a cargo de la Comisar\u00eda de Eus\u00e9bio, que analiza las im\u00e1genes y los testimonios para determinar responsabilidades.<\/p>\n<p>En el caso de Pochettino, el mediocampista ofensivo nacido en Rafaela y con pasado reciente en Talleres de C\u00f3rdoba, su nombre es el que mayor impacto genera entre los lectores argentinos. Tras pasos por Boca, Defensa y Justicia, el club cordob\u00e9s, Austin FC y River Plate, el futbolista se consolid\u00f3 en Fortaleza, donde fue parte de los t\u00edtulos del Campeonato Cearense y la Copa do Nordeste.<\/p>\n<figure class=\"multimedia\" data-tadevel-template=\"web\/multimedia\" data-type=\"photo\">\n<div class=\"content\">\n<div class=\"sizer\" data-sizer=\"aspect-ratio\" data-tadevel-template=\"web\/aspect-ratio\"><img alt=\"Exjugador de Talleres qued\u00f3 envuelto en una violenta pelea en Brasil\" loading=\"lazy\"><\/div>\n<\/div>\n<\/figure>\n<figure class=\"multimedia\" data-tadevel-template=\"web\/multimedia\" data-type=\"photo\">\n<div class=\"content\">\n<div class=\"sizer\" data-sizer=\"aspect-ratio\" data-tadevel-template=\"web\/aspect-ratio\"><img alt=\"Exjugador de Talleres qued\u00f3 envuelto en una violenta pelea en Brasil\" loading=\"lazy\"><\/div>\n<\/div>\n<\/figure>\n<p>Por su parte, Eros Mancuso realiz\u00f3 un descargo p\u00fablico en redes sociales, en el que neg\u00f3 la versi\u00f3n del denunciante y asegur\u00f3 que el vecino ingres\u00f3 de manera violenta a la vivienda. Mientras tanto, Jos\u00e9 Herrera tambi\u00e9n qued\u00f3 involucrado en el expediente, en un contexto donde su continuidad en el club brasile\u00f1o es incierta.<\/p>\n<p>Desde Fortaleza informaron que la instituci\u00f3n sigue de cerca el avance de la causa y acompa\u00f1a a los futbolistas, mientras la Justicia brasile\u00f1a contin\u00faa con la investigaci\u00f3n del hecho que, meses despu\u00e9s, volvi\u00f3 a sacudir el ambiente del f\u00fatbol sudamericano.<\/p>\n","protected":false},"excerpt":{"rendered":"<p>Un video que comenz\u00f3 a circular en las \u00faltimas horas volvi\u00f3 a poner en el centro de la escena a Tom\u00e1s Pochettino. Las im\u00e1genes corresponden a una violenta pelea protagonizada por tres futbolistas argentinos del Fortaleza de Brasil \u2014Pochettino, Eros Mancuso y Jos\u00e9 \u201cTucu\u201d Herrera\u2014 durante los festejos de A\u00f1o Nuevo, en un episodio que [&hellip;]<\/p>\n","protected":false},"author":1,"featured_media":46970,"comment_status":"closed","ping_status":"closed","sticky":false,"template":"","format":"standard","meta":{"om_disable_all_campaigns":false,"_monsterinsights_skip_tracking":false,"_monsterinsights_sitenote_active":false,"_monsterinsights_sitenote_note":"","_monsterinsights_sitenote_category":0},"categories":[18],"tags":[],"aioseo_notices":[],"_links":{"self":[{"href":"https:\/\/economiapoliticacba.com\/index.php?rest_route=\/wp\/v2\/posts\/46969"}],"collection":[{"href":"https:\/\/economiapoliticacba.com\/index.php?rest_route=\/wp\/v2\/posts"}],"about":[{"href":"https:\/\/economiapoliticacba.com\/index.php?rest_route=\/wp\/v2\/types\/post"}],"author":[{"embeddable":true,"href":"https:\/\/economiapoliticacba.com\/index.php?rest_route=\/wp\/v2\/users\/1"}],"replies":[{"embeddable":true,"href":"https:\/\/economiapoliticacba.com\/index.php?rest_route=%2Fwp%2Fv2%2Fcomments&post=46969"}],"version-history":[{"count":0,"href":"https:\/\/economiapoliticacba.com\/index.php?rest_route=\/wp\/v2\/posts\/46969\/revisions"}],"wp:featuredmedia":[{"embeddable":true,"href":"https:\/\/economiapoliticacba.com\/index.php?rest_route=\/wp\/v2\/media\/46970"}],"wp:attachment":[{"href":"https:\/\/economiapoliticacba.com\/index.php?rest_route=%2Fwp%2Fv2%2Fmedia&parent=46969"}],"wp:term":[{"taxonomy":"category","embeddable":true,"href":"https:\/\/economiapoliticacba.com\/index.php?rest_route=%2Fwp%2Fv2%2Fcategories&post=46969"},{"taxonomy":"post_tag","embeddable":true,"href":"https:\/\/economiapoliticacba.com\/index.php?rest_route=%2Fwp%2Fv2%2Ftags&post=46969"}],"curies":[{"name":"wp","href":"https:\/\/api.w.org\/{rel}","templated":true}]}}