{"id":46962,"date":"2026-01-16T01:44:11","date_gmt":"2026-01-16T01:44:11","guid":{"rendered":"http:\/\/696985c021287746614e5010"},"modified":"2026-01-16T01:44:11","modified_gmt":"2026-01-16T01:44:11","slug":"tropillas-y-entrevero-en-el-campo-soledad-emociono-al-publico-bajo-la-lluvia","status":"publish","type":"post","link":"https:\/\/economiapoliticacba.com\/?p=46962","title":{"rendered":"Tropillas y entrevero en el campo; Soledad emocion\u00f3 al p\u00fablico bajo la lluvia"},"content":{"rendered":"<p><img src=\"http:\/\/economiapoliticacba.com\/wp-content\/uploads\/2026\/01\/tropillas-y-entrevero-en-el-campo-soledad-emociono-al-publico-bajo-la-lluvia.jpg\"><\/p>\n<p>Con buen marco de p\u00fablico transcurri\u00f3 una nueva noche del \u201ccumplea\u00f1os m\u00e1s largo del mundo\u201d.Todo se desarroll\u00f3 con normalidad hasta que la lluvia decidi\u00f3 otro final para la noche.<\/p>\n<p>A la 1.30 se inform\u00f3 mediante comunicado oficial: &nbsp;Por razones de estricta seguridad, y debido a que las condiciones clim\u00e1ticas afectan la t\u00e9cnica del evento, se suspende el resto de la jornada.<strong> Se informar\u00e1 pr\u00f3ximamente sobre la posibilidad de reprogramar el show de los artistas que restaban actuar.<\/strong><\/p>\n<figure class=\"multimedia\" data-tadevel-template=\"web\/multimedia\" data-type=\"photo\">\n<div class=\"content\">\n<div class=\"sizer\" data-sizer=\"aspect-ratio\" data-tadevel-template=\"web\/aspect-ratio\"><img alt=\"Chaquelo desgrana sus canciones en ritmos variados (Foto: prensa)\" loading=\"lazy\"><\/div>\n<\/div><figcaption class=\"caption\">\n<div class=\"description\">Chaquelo desgrana sus canciones en ritmos variados (Foto: prensa)<\/div>\n<\/figcaption><\/figure>\n<p>Pero hagamos un repaso de lo ocurrido:<\/p>\n<p><strong>Chequelo, Ezequiel Montagnino<\/strong>, fue el encargado de iniciar la noche. Surgido de un programa televisivo que busca nuevos valores, ofreci\u00f3 un repertorio variado que se pase\u00f3 por el folclore, el cuarteto y la m\u00fasica popular latina, dando muestras de gran versatilidad. Se mostr\u00f3 muy agradecido por ser invitado a participar de esta edici\u00f3n.<\/p>\n<figure class=\"multimedia\" data-tadevel-template=\"web\/multimedia\" data-type=\"photo\">\n<div class=\"content\">\n<div class=\"sizer\" data-sizer=\"aspect-ratio\" data-tadevel-template=\"web\/aspect-ratio\"><img alt=\"Atractivo desempe\u00f1o del ballet (Foto: prensa)\" loading=\"lazy\"><\/div>\n<\/div><figcaption class=\"caption\">\n<div class=\"description\">Atractivo desempe\u00f1o del ballet (Foto: prensa)<\/div>\n<\/figcaption><\/figure>\n<p>Luego del pasaje de la doma llegaron <strong>Los Carabajal<\/strong>, que desarrollaron su repertorio de zambas y chacareras con invitados especiales como<strong> Jorge \u201cel Mono\u201d Leguizam\u00f3n y Carlos Cabral.<\/strong><\/p>\n<figure class=\"multimedia\" data-tadevel-template=\"web\/multimedia\" data-type=\"photo\">\n<div class=\"content\">\n<div class=\"sizer\" data-sizer=\"aspect-ratio\" data-tadevel-template=\"web\/aspect-ratio\"><img alt=\"Momentos emotivos en el campo de la doma (Foto: prensa)\" loading=\"lazy\"><\/div>\n<\/div><figcaption class=\"caption\">\n<div class=\"description\">Momentos emotivos en el campo de la doma (Foto: prensa)<\/div>\n<\/figcaption><\/figure>\n<p><strong>Orellana Lucca<\/strong> continu\u00f3 con la gu\u00eda art\u00edstica de la jornada. El grupo, integrado por Manuel Orellana, oriundo de Fr\u00edas, y Rodolfo \u201cPelu\u201d Lucca, de Santiago del Estero; junto a Benito Serrano y Ale Cortez, brind\u00f3 sus interpretaciones en el escenario, aplaudido por los asistentes.<\/p>\n<figure class=\"multimedia\" data-tadevel-template=\"web\/multimedia\" data-type=\"photo\">\n<div class=\"content\">\n<div class=\"sizer\" data-sizer=\"aspect-ratio\" data-tadevel-template=\"web\/aspect-ratio\"><img alt=\"Orellana Lucca en esta noche festivalera (Foto: prensa)\" loading=\"lazy\"><\/div>\n<\/div><figcaption class=\"caption\">\n<div class=\"description\">Orellana Lucca en esta noche festivalera (Foto: prensa)<\/div>\n<\/figcaption><\/figure>\n<p>Para el disfrute de quienes gustan de la destreza, luego, en el campo, se llev\u00f3 a cabo el espect\u00e1culo de entrevero con tropillas entabladas.<\/p>\n<figure class=\"multimedia\" data-tadevel-template=\"web\/multimedia\" data-type=\"photo\">\n<div class=\"content\">\n<div class=\"sizer\" data-sizer=\"aspect-ratio\" data-tadevel-template=\"web\/aspect-ratio\"><img alt=\"Un espect\u00e1culo ligado a la tradici\u00f3n (Foto: prensa)\" loading=\"lazy\"><\/div>\n<\/div><figcaption class=\"caption\">\n<div class=\"description\">Un espect\u00e1culo ligado a la tradici\u00f3n (Foto: prensa)<\/div>\n<\/figcaption><\/figure>\n<figure class=\"multimedia\" data-tadevel-template=\"web\/multimedia\" data-type=\"photo\">\n<div class=\"content\">\n<div class=\"sizer\" data-sizer=\"aspect-ratio\" data-tadevel-template=\"web\/aspect-ratio\"><img alt=\"La banda de m\u00fasica de la Escuela de Suboficiales de Gendarmer\u00eda Nacional, presente en el Festival (Foto: prensa)\" loading=\"lazy\"><\/div>\n<\/div><figcaption class=\"caption\">\n<div class=\"description\">La banda de m\u00fasica de la Escuela de Suboficiales de Gendarmer\u00eda Nacional, presente en el Festival (Foto: prensa)<\/div>\n<\/figcaption><\/figure>\n<p>Pasada la medianoche lleg\u00f3 el momento de <strong>Soledad<\/strong>, el esperado show de esta artista que desde hace varios a\u00f1os tiene asegurado el cari\u00f1o y aplauso del p\u00fablico. Y los vuelve a conquistar con un repertorio bien festivo.<strong> Sofi Morales<\/strong> hizo de voz soporte durante el concierto.<\/p>\n<figure class=\"multimedia\" data-tadevel-template=\"web\/multimedia\" data-type=\"photo\">\n<div class=\"content\">\n<div class=\"sizer\" data-sizer=\"aspect-ratio\" data-tadevel-template=\"web\/aspect-ratio\"><img alt=\"Soledad por 29 a\u00f1os consecutivos (Foto: prensa)\" loading=\"lazy\"><\/div>\n<\/div><figcaption class=\"caption\">\n<div class=\"description\">Soledad por 29 a\u00f1os consecutivos (Foto: prensa)<\/div>\n<\/figcaption><\/figure>\n<p>Invit\u00f3 al d\u00fao <strong>Amukan<\/strong>, conformado por<strong> Agust\u00edn Carletti y Mauricio Tarantola<\/strong>, de Laboulaye y Merlo. Durante la presentaci\u00f3n se reanud\u00f3 la lluvia con intensidad. \u201cMientras ustedes aguanten, yo me quedo. No me para nada\u201d, asegur\u00f3 Soledad a los presentes.<\/p>\n<figure class=\"multimedia\" data-tadevel-template=\"web\/multimedia\" data-type=\"photo\">\n<div class=\"content\">\n<div class=\"sizer\" data-sizer=\"aspect-ratio\" data-tadevel-template=\"web\/aspect-ratio\"><img alt=\"Chacareras, chamam\u00e9s y todo el p\u00fablico cantando con ella (Foto: prensa)\" loading=\"lazy\"><\/div>\n<\/div><figcaption class=\"caption\">\n<div class=\"description\">Chacareras, chamam\u00e9s y todo el p\u00fablico cantando con ella (Foto: prensa)<\/div>\n<\/figcaption><\/figure>\n<p>Y la fiesta sigui\u00f3 bajo una lluvia torrencial y los ba\u00f1os de espuma hasta que, pasada la 1,30 de la madrugada, debi\u00f3 suspenderse por las condiciones clim\u00e1ticas.<\/p>\n","protected":false},"excerpt":{"rendered":"<p>Con buen marco de p\u00fablico transcurri\u00f3 una nueva noche del \u201ccumplea\u00f1os m\u00e1s largo del mundo\u201d.Todo se desarroll\u00f3 con normalidad hasta que la lluvia decidi\u00f3 otro final para la noche. A la 1.30 se inform\u00f3 mediante comunicado oficial: &nbsp;Por razones de estricta seguridad, y debido a que las condiciones clim\u00e1ticas afectan la t\u00e9cnica del evento, se [&hellip;]<\/p>\n","protected":false},"author":1,"featured_media":46963,"comment_status":"closed","ping_status":"closed","sticky":false,"template":"","format":"standard","meta":{"om_disable_all_campaigns":false,"_monsterinsights_skip_tracking":false,"_monsterinsights_sitenote_active":false,"_monsterinsights_sitenote_note":"","_monsterinsights_sitenote_category":0},"categories":[18],"tags":[],"aioseo_notices":[],"_links":{"self":[{"href":"https:\/\/economiapoliticacba.com\/index.php?rest_route=\/wp\/v2\/posts\/46962"}],"collection":[{"href":"https:\/\/economiapoliticacba.com\/index.php?rest_route=\/wp\/v2\/posts"}],"about":[{"href":"https:\/\/economiapoliticacba.com\/index.php?rest_route=\/wp\/v2\/types\/post"}],"author":[{"embeddable":true,"href":"https:\/\/economiapoliticacba.com\/index.php?rest_route=\/wp\/v2\/users\/1"}],"replies":[{"embeddable":true,"href":"https:\/\/economiapoliticacba.com\/index.php?rest_route=%2Fwp%2Fv2%2Fcomments&post=46962"}],"version-history":[{"count":0,"href":"https:\/\/economiapoliticacba.com\/index.php?rest_route=\/wp\/v2\/posts\/46962\/revisions"}],"wp:featuredmedia":[{"embeddable":true,"href":"https:\/\/economiapoliticacba.com\/index.php?rest_route=\/wp\/v2\/media\/46963"}],"wp:attachment":[{"href":"https:\/\/economiapoliticacba.com\/index.php?rest_route=%2Fwp%2Fv2%2Fmedia&parent=46962"}],"wp:term":[{"taxonomy":"category","embeddable":true,"href":"https:\/\/economiapoliticacba.com\/index.php?rest_route=%2Fwp%2Fv2%2Fcategories&post=46962"},{"taxonomy":"post_tag","embeddable":true,"href":"https:\/\/economiapoliticacba.com\/index.php?rest_route=%2Fwp%2Fv2%2Ftags&post=46962"}],"curies":[{"name":"wp","href":"https:\/\/api.w.org\/{rel}","templated":true}]}}