{"id":46942,"date":"2026-01-15T00:37:00","date_gmt":"2026-01-15T00:37:00","guid":{"rendered":"http:\/\/696834f9212877466143db55"},"modified":"2026-01-15T00:37:00","modified_gmt":"2026-01-15T00:37:00","slug":"rigoni-firmo-con-belgrano-y-vuelve-a-casa-tras-una-decada","status":"publish","type":"post","link":"https:\/\/economiapoliticacba.com\/?p=46942","title":{"rendered":"Rigoni firm\u00f3 con Belgrano y vuelve a casa tras una d\u00e9cada"},"content":{"rendered":"<p><img src=\"http:\/\/economiapoliticacba.com\/wp-content\/uploads\/2026\/01\/rigoni-firmo-con-belgrano-y-vuelve-a-casa-tras-una-decada.jpg\"><\/p>\n<p><strong>Belgrano<\/strong> confirm\u00f3 lo que todos esperaban: el nombre de <strong>Emiliano Rigoni<\/strong>. El club oficializ\u00f3 el regreso a trav\u00e9s de sus redes.<\/p>\n<p>La negociaci\u00f3n tuvo sus idas y vueltas, pero el deseo pudo m\u00e1s. El extremo llega con el <strong>pase en su poder<\/strong> y estamp\u00f3 la firma por <strong>dos temporadas<\/strong>, asegurando su v\u00ednculo hasta diciembre de 2027. De esta forma, el &#8220;Pirata&#8221; suma una pieza de elite para pelear arriba.<\/p>\n<figure class=\"multimedia\" data-tadevel-template=\"web\/multimedia\" data-type=\"video\"><figcaption class=\"caption\">\n<div class=\"description\">X de Belgrano<\/div>\n<\/figcaption><\/figure>\n<p>Con 32 a\u00f1os y mucha experiencia en el lomo, el caroyense dej\u00f3 en claro que esto es una elecci\u00f3n del coraz\u00f3n: <strong>&#8220;Tengo mucha emoci\u00f3n&#8230; volver a entrar a Alberdi es un recuerdo muy lindo. Era lo que quer\u00eda&#8221;<\/strong>.<\/p>\n<p><strong>\u201cGracias al hincha por el apoyo, espero devolverles en la cancha todo ese cari\u00f1o\u201d,<\/strong> cerr\u00f3 en un video publicado por la cuenta oficial del club.<\/p>\n<figure class=\"multimedia\" data-tadevel-template=\"web\/multimedia\" data-type=\"photo\">\n<div class=\"content\">\n<div class=\"sizer\" data-sizer=\"aspect-ratio\" data-tadevel-template=\"web\/aspect-ratio\"><img alt=\"Rigoni firm\u00f3 con Belgrano y vuelve a casa tras una d\u00e9cada\" loading=\"lazy\"><\/div>\n<\/div>\n<\/figure>\n<p>Rigoni se fue como una promesa en 2016 y vuelve como una realidad consagrada. Tras su debut en 2013, construy\u00f3 una carrera impresionante que lo llev\u00f3 por el Zenit de Rusia, la Serie A de Italia (Atalanta, Sampdoria), La Liga de Espa\u00f1a (Elche) y gigantes de Am\u00e9rica como San Pablo.<\/p>\n","protected":false},"excerpt":{"rendered":"<p>Belgrano confirm\u00f3 lo que todos esperaban: el nombre de Emiliano Rigoni. El club oficializ\u00f3 el regreso a trav\u00e9s de sus redes. La negociaci\u00f3n tuvo sus idas y vueltas, pero el deseo pudo m\u00e1s. El extremo llega con el pase en su poder y estamp\u00f3 la firma por dos temporadas, asegurando su v\u00ednculo hasta diciembre de [&hellip;]<\/p>\n","protected":false},"author":1,"featured_media":46943,"comment_status":"closed","ping_status":"closed","sticky":false,"template":"","format":"standard","meta":{"om_disable_all_campaigns":false,"_monsterinsights_skip_tracking":false,"_monsterinsights_sitenote_active":false,"_monsterinsights_sitenote_note":"","_monsterinsights_sitenote_category":0},"categories":[18],"tags":[],"aioseo_notices":[],"_links":{"self":[{"href":"https:\/\/economiapoliticacba.com\/index.php?rest_route=\/wp\/v2\/posts\/46942"}],"collection":[{"href":"https:\/\/economiapoliticacba.com\/index.php?rest_route=\/wp\/v2\/posts"}],"about":[{"href":"https:\/\/economiapoliticacba.com\/index.php?rest_route=\/wp\/v2\/types\/post"}],"author":[{"embeddable":true,"href":"https:\/\/economiapoliticacba.com\/index.php?rest_route=\/wp\/v2\/users\/1"}],"replies":[{"embeddable":true,"href":"https:\/\/economiapoliticacba.com\/index.php?rest_route=%2Fwp%2Fv2%2Fcomments&post=46942"}],"version-history":[{"count":0,"href":"https:\/\/economiapoliticacba.com\/index.php?rest_route=\/wp\/v2\/posts\/46942\/revisions"}],"wp:featuredmedia":[{"embeddable":true,"href":"https:\/\/economiapoliticacba.com\/index.php?rest_route=\/wp\/v2\/media\/46943"}],"wp:attachment":[{"href":"https:\/\/economiapoliticacba.com\/index.php?rest_route=%2Fwp%2Fv2%2Fmedia&parent=46942"}],"wp:term":[{"taxonomy":"category","embeddable":true,"href":"https:\/\/economiapoliticacba.com\/index.php?rest_route=%2Fwp%2Fv2%2Fcategories&post=46942"},{"taxonomy":"post_tag","embeddable":true,"href":"https:\/\/economiapoliticacba.com\/index.php?rest_route=%2Fwp%2Fv2%2Ftags&post=46942"}],"curies":[{"name":"wp","href":"https:\/\/api.w.org\/{rel}","templated":true}]}}