{"id":46940,"date":"2026-01-15T02:38:49","date_gmt":"2026-01-15T02:38:49","guid":{"rendered":"http:\/\/69684ef8212877466144c71c"},"modified":"2026-01-15T02:38:49","modified_gmt":"2026-01-15T02:38:49","slug":"fuerte-presencia-de-publico-y-transmision-por-canal-10-marcaron-otra-jornada-del-festival-de-doma-y-folclore","status":"publish","type":"post","link":"https:\/\/economiapoliticacba.com\/?p=46940","title":{"rendered":"Fuerte presencia de p\u00fablico y transmisi\u00f3n por Canal 10 marcaron otra jornada del Festival de Doma y Folclore"},"content":{"rendered":"<p><img src=\"http:\/\/economiapoliticacba.com\/wp-content\/uploads\/2026\/01\/fuerte-presencia-de-publico-y-transmision-por-canal-10-marcaron-otra-jornada-del-festival-de-doma-y-folclore.jpg\"><\/p>\n<p>Luego del comienzo con el video institucional de este a\u00f1o y del brillante desempe\u00f1o del ballet interpretando distintos ritmos folcl\u00f3ricos y tangueros, comenz\u00f3 la sucesi\u00f3n de artistas programados para esta noche con la transmisi\u00f3n de Canal 10 y medios que toman la se\u00f1al.<\/p>\n<p><strong>Maggie Cullen<\/strong>, con su caracter\u00edstica dulzura y su canto entonado, maravill\u00f3 a la asistencia con zambas, chacareras y escondidos, cerrando su actuaci\u00f3n con dos temas de su nuevo disco, uno de los cuales fue un in\u00e9dito de Ra\u00fal Carnota y Jorge Marziali.<\/p>\n<figure class=\"multimedia\" data-tadevel-template=\"web\/multimedia\" data-type=\"photo\">\n<div class=\"content\">\n<div class=\"sizer\" data-sizer=\"aspect-ratio\" data-tadevel-template=\"web\/aspect-ratio\"><img alt=\"Maggie Cullen estren\u00f3 canciones de su nuevo disco (Foto: prensa)\" loading=\"lazy\"><\/div>\n<\/div><figcaption class=\"caption\">\n<div class=\"description\">Maggie Cullen estren\u00f3 canciones de su nuevo disco (Foto: prensa)<\/div>\n<\/figcaption><\/figure>\n<p>Una vez transcurrido el tiempo de la doma, lleg\u00f3 <strong>La Callejera<\/strong>, con su habitual fervor, a poner de pie a la concurrencia, invitando a la ola, que ya es un cl\u00e1sico del p\u00fablico.<\/p>\n<figure class=\"multimedia\" data-tadevel-template=\"web\/multimedia\" data-type=\"photo\">\n<div class=\"content\">\n<div class=\"sizer\" data-sizer=\"aspect-ratio\" data-tadevel-template=\"web\/aspect-ratio\"><img alt=\"La Callejera recibe de manos de los conductores el recordatorio por el cumplea\u00f1os del Festival \/Foto: prensa\/\" loading=\"lazy\"><\/div>\n<\/div><figcaption class=\"caption\">\n<div class=\"description\">La Callejera recibe de manos de los conductores el recordatorio por el cumplea\u00f1os del Festival \/Foto: prensa\/<\/div>\n<\/figcaption><\/figure>\n<p>Tras otra pausa con la doma y el desempe\u00f1o efectivo del presentador y el payador, lleg\u00f3 <strong>Natalia Pastorutti<\/strong>, quien, luego de unos temas folcl\u00f3ricos, cerr\u00f3 con el ritmo de una cumbia que originalmente grab\u00f3 con Los Palmar.<\/p>\n<figure class=\"multimedia\" data-tadevel-template=\"web\/multimedia\" data-type=\"photo\">\n<div class=\"content\">\n<div class=\"sizer\" data-sizer=\"aspect-ratio\" data-tadevel-template=\"web\/aspect-ratio\"><img alt=\"Natalia Pastorutti destac\u00f3 que en total, como solista y con su hermana, se present\u00f3 28 veces en el Festival \/Foto: prensa\/\" loading=\"lazy\"><\/div>\n<\/div><figcaption class=\"caption\">\n<div class=\"description\">Natalia Pastorutti destac\u00f3 que en total, como solista y con su hermana, se present\u00f3 28 veces en el Festival \/Foto: prensa\/<\/div>\n<\/figcaption><\/figure>\n<p>Hasta las 23, se informa que han ingresado 17.152 espectadores.<\/p>\n<figure class=\"multimedia\" data-tadevel-template=\"web\/multimedia\" data-type=\"photo\">\n<div class=\"content\">\n<div class=\"sizer\" data-sizer=\"aspect-ratio\" data-tadevel-template=\"web\/aspect-ratio\"><img alt=\"Querido y esperado: Nahuel Pennisi (Foto: prensa)\" loading=\"lazy\"><\/div>\n<\/div><figcaption class=\"caption\">\n<div class=\"description\">Querido y esperado: Nahuel Pennisi (Foto: prensa)<\/div>\n<\/figcaption><\/figure>\n<p>Hacia la medianoche lleg\u00f3, con su voz clara y su repertorio adecuado, <strong>Nahuel Pennisi<\/strong>; por quinto a\u00f1o consecutivo se encuentra con este p\u00fablico que lo espera y aplaude.<\/p>\n<p>En el transcurso de su concierto invit\u00f3 a <strong>Maggie Cullen<\/strong> a cantar la zamba &#8220;Si llega a ser tucumana&#8221;.<\/p>\n<figure class=\"multimedia\" data-tadevel-template=\"web\/multimedia\" data-type=\"photo\">\n<div class=\"content\">\n<div class=\"sizer\" data-sizer=\"aspect-ratio\" data-tadevel-template=\"web\/aspect-ratio\"><img alt=\"Nahuel y Maggie: dulzura m\u00e1s dulzura (Foto: prensa)\" loading=\"lazy\"><\/div>\n<\/div><figcaption class=\"caption\">\n<div class=\"description\">Nahuel y Maggie: dulzura m\u00e1s dulzura (Foto: prensa)<\/div>\n<\/figcaption><\/figure>\n<p>Como no pod\u00eda ser de otra manera, <strong>Diego, el cantante de La Konga<\/strong>, acompa\u00f1\u00f3 a Nahuel a recrear &#8220;Mundos paralelos&#8221;, ese \u00e9xito arrollador que lograron.<\/p>\n<figure class=\"multimedia\" data-tadevel-template=\"web\/multimedia\" data-type=\"photo\">\n<div class=\"content\">\n<div class=\"sizer\" data-sizer=\"aspect-ratio\" data-tadevel-template=\"web\/aspect-ratio\"><img alt=\"El p\u00fablico disfrut\u00f3 de un \u00e9xito que no decae (Foto: prensa)\" loading=\"lazy\"><\/div>\n<\/div><figcaption class=\"caption\">\n<div class=\"description\">El p\u00fablico disfrut\u00f3 de un \u00e9xito que no decae (Foto: prensa)<\/div>\n<\/figcaption><\/figure>\n<p>Cerca de la 1.30 lleg\u00f3 la esperada actuaci\u00f3n de <strong>Luciano Pereyra<\/strong>.<\/p>\n<figure class=\"multimedia\" data-tadevel-template=\"web\/multimedia\" data-type=\"photo\">\n<div class=\"content\">\n<div class=\"sizer\" data-sizer=\"aspect-ratio\" data-tadevel-template=\"web\/aspect-ratio\"><img alt=\"Baladas, cumbias, chacarera y baile con Luciano Pereyra (Foto: prensa)\" loading=\"lazy\"><\/div>\n<\/div><figcaption class=\"caption\">\n<div class=\"description\">Baladas, cumbias, chacarera y baile con Luciano Pereyra (Foto: prensa)<\/div>\n<\/figcaption><\/figure>\n<p>Pasadas las 2 de la madrugada invit\u00f3 a <strong>Nahuel Pennisi<\/strong> a recrear el \u00e9xito que hacen juntos: &#8220;Regresa\u2026&#8221;<\/p>\n<p>A esta hora se registra un ingreso de m\u00e1s de 18.500 personas.<\/p>\n<p>Y tras ello los invitados fueron los muchachos de <strong>La Konga<\/strong> y, junto a Nahuel, brindaron una versi\u00f3n tranquila de &#8220;Zamba para olvidar&#8221;\u2026 y siguieron cuarteteando con el tema &#8220;Si te vas&#8221;, anticipando el gran final con La Konga\u2026<\/p>\n<p>Noticia en desarrollo<\/p>\n","protected":false},"excerpt":{"rendered":"<p>Luego del comienzo con el video institucional de este a\u00f1o y del brillante desempe\u00f1o del ballet interpretando distintos ritmos folcl\u00f3ricos y tangueros, comenz\u00f3 la sucesi\u00f3n de artistas programados para esta noche con la transmisi\u00f3n de Canal 10 y medios que toman la se\u00f1al. Maggie Cullen, con su caracter\u00edstica dulzura y su canto entonado, maravill\u00f3 a [&hellip;]<\/p>\n","protected":false},"author":1,"featured_media":46941,"comment_status":"closed","ping_status":"closed","sticky":false,"template":"","format":"standard","meta":{"om_disable_all_campaigns":false,"_monsterinsights_skip_tracking":false,"_monsterinsights_sitenote_active":false,"_monsterinsights_sitenote_note":"","_monsterinsights_sitenote_category":0},"categories":[18],"tags":[],"aioseo_notices":[],"_links":{"self":[{"href":"https:\/\/economiapoliticacba.com\/index.php?rest_route=\/wp\/v2\/posts\/46940"}],"collection":[{"href":"https:\/\/economiapoliticacba.com\/index.php?rest_route=\/wp\/v2\/posts"}],"about":[{"href":"https:\/\/economiapoliticacba.com\/index.php?rest_route=\/wp\/v2\/types\/post"}],"author":[{"embeddable":true,"href":"https:\/\/economiapoliticacba.com\/index.php?rest_route=\/wp\/v2\/users\/1"}],"replies":[{"embeddable":true,"href":"https:\/\/economiapoliticacba.com\/index.php?rest_route=%2Fwp%2Fv2%2Fcomments&post=46940"}],"version-history":[{"count":0,"href":"https:\/\/economiapoliticacba.com\/index.php?rest_route=\/wp\/v2\/posts\/46940\/revisions"}],"wp:featuredmedia":[{"embeddable":true,"href":"https:\/\/economiapoliticacba.com\/index.php?rest_route=\/wp\/v2\/media\/46941"}],"wp:attachment":[{"href":"https:\/\/economiapoliticacba.com\/index.php?rest_route=%2Fwp%2Fv2%2Fmedia&parent=46940"}],"wp:term":[{"taxonomy":"category","embeddable":true,"href":"https:\/\/economiapoliticacba.com\/index.php?rest_route=%2Fwp%2Fv2%2Fcategories&post=46940"},{"taxonomy":"post_tag","embeddable":true,"href":"https:\/\/economiapoliticacba.com\/index.php?rest_route=%2Fwp%2Fv2%2Ftags&post=46940"}],"curies":[{"name":"wp","href":"https:\/\/api.w.org\/{rel}","templated":true}]}}