{"id":46914,"date":"2026-01-13T21:47:52","date_gmt":"2026-01-13T21:47:52","guid":{"rendered":"http:\/\/6966bbdd212877466132ab61"},"modified":"2026-01-13T21:47:52","modified_gmt":"2026-01-13T21:47:52","slug":"efecto-tormenta-en-cordoba-crecida-del-rio-en-tanti-y-granizo-en-villa-de-soto","status":"publish","type":"post","link":"https:\/\/economiapoliticacba.com\/?p=46914","title":{"rendered":"Efecto tormenta en C\u00f3rdoba: crecida del r\u00edo en Tanti y granizo en Villa de Soto"},"content":{"rendered":"<p><img src=\"http:\/\/economiapoliticacba.com\/wp-content\/uploads\/2026\/01\/efecto-tormenta-en-cordoba-crecida-del-rio-en-tanti-y-granizo-en-villa-de-soto.jpg\"><\/p>\n<p>Las tormentas, el granizo y las r\u00e1fagas de viento se hicieron presentes en la provincia de <strong>C\u00f3rdoba<\/strong> este martes.<\/p>\n<p>El efecto del agua se registr\u00f3 en el <strong>Valle de Punilla<\/strong> con una crecida del r\u00edo <strong>Tanti<\/strong> durante la tarde que provoc\u00f3 el cierre de vados.&nbsp;<\/p>\n<p><mark><strong>La semana pasada se hab\u00eda registrado una crecida de cuatro metros en el r\u00edo San Antonio que dio pie a la primera \u201ccola de novia\u201d en el Dique San Roque.&nbsp;<\/strong><\/mark><\/p>\n<figure class=\"multimedia\" data-tadevel-template=\"web\/multimedia\" data-type=\"photo\">\n<div class=\"content\">\n<div class=\"sizer\" data-sizer=\"aspect-ratio\" data-tadevel-template=\"web\/aspect-ratio\"><img alt=\"El granizo en Villa de Soto.\" loading=\"lazy\"><\/div>\n<\/div><figcaption class=\"caption\">\n<div class=\"description\">El granizo en Villa de Soto.<\/div>\n<div class=\"attribution\">Imagen: gentileza.<\/div>\n<\/figcaption><\/figure>\n<p>Otra de las zonas afectadas fue <strong>Villa De Soto<\/strong>, en el departamento Cruz del Eje, con una granizada que sorprendi\u00f3 a los vecinos.&nbsp;<\/p>\n<p>Para los pr\u00f3ximos d\u00edas se espera que un tiempo inestable en la provincia por lo menos hasta el jueves en un verano lluvioso.<\/p>\n","protected":false},"excerpt":{"rendered":"<p>Las tormentas, el granizo y las r\u00e1fagas de viento se hicieron presentes en la provincia de C\u00f3rdoba este martes. El efecto del agua se registr\u00f3 en el Valle de Punilla con una crecida del r\u00edo Tanti durante la tarde que provoc\u00f3 el cierre de vados.&nbsp; La semana pasada se hab\u00eda registrado una crecida de cuatro [&hellip;]<\/p>\n","protected":false},"author":1,"featured_media":46915,"comment_status":"closed","ping_status":"closed","sticky":false,"template":"","format":"standard","meta":{"om_disable_all_campaigns":false,"_monsterinsights_skip_tracking":false,"_monsterinsights_sitenote_active":false,"_monsterinsights_sitenote_note":"","_monsterinsights_sitenote_category":0},"categories":[18],"tags":[],"aioseo_notices":[],"_links":{"self":[{"href":"https:\/\/economiapoliticacba.com\/index.php?rest_route=\/wp\/v2\/posts\/46914"}],"collection":[{"href":"https:\/\/economiapoliticacba.com\/index.php?rest_route=\/wp\/v2\/posts"}],"about":[{"href":"https:\/\/economiapoliticacba.com\/index.php?rest_route=\/wp\/v2\/types\/post"}],"author":[{"embeddable":true,"href":"https:\/\/economiapoliticacba.com\/index.php?rest_route=\/wp\/v2\/users\/1"}],"replies":[{"embeddable":true,"href":"https:\/\/economiapoliticacba.com\/index.php?rest_route=%2Fwp%2Fv2%2Fcomments&post=46914"}],"version-history":[{"count":0,"href":"https:\/\/economiapoliticacba.com\/index.php?rest_route=\/wp\/v2\/posts\/46914\/revisions"}],"wp:featuredmedia":[{"embeddable":true,"href":"https:\/\/economiapoliticacba.com\/index.php?rest_route=\/wp\/v2\/media\/46915"}],"wp:attachment":[{"href":"https:\/\/economiapoliticacba.com\/index.php?rest_route=%2Fwp%2Fv2%2Fmedia&parent=46914"}],"wp:term":[{"taxonomy":"category","embeddable":true,"href":"https:\/\/economiapoliticacba.com\/index.php?rest_route=%2Fwp%2Fv2%2Fcategories&post=46914"},{"taxonomy":"post_tag","embeddable":true,"href":"https:\/\/economiapoliticacba.com\/index.php?rest_route=%2Fwp%2Fv2%2Ftags&post=46914"}],"curies":[{"name":"wp","href":"https:\/\/api.w.org\/{rel}","templated":true}]}}