{"id":46881,"date":"2026-01-12T23:19:29","date_gmt":"2026-01-12T23:19:29","guid":{"rendered":"http:\/\/6965808b2128774661274156"},"modified":"2026-01-12T23:19:29","modified_gmt":"2026-01-12T23:19:29","slug":"victoria-villarruel-pedira-que-se-agraven-las-penas-para-aquellos-que-inician-incendios","status":"publish","type":"post","link":"https:\/\/economiapoliticacba.com\/?p=46881","title":{"rendered":"Victoria Villarruel pedir\u00e1 que se agraven las penas para aquellos que inician incendios"},"content":{"rendered":"<p><img src=\"http:\/\/economiapoliticacba.com\/wp-content\/uploads\/2026\/01\/victoria-villarruel-pedira-que-se-agraven-las-penas-para-aquellos-que-inician-incendios.jpg\"><\/p>\n<p>Los incendios en la Patagonia siguen golpeando a ese sector del pa\u00eds y el trabajo de los Bomberos contin\u00faa para poder apagar las llamas.<\/p>\n<p>La vicepresidenta de la Naci\u00f3n, Victoria Villarruel, hizo referencia a esto en la jornada de este lunes, a trav\u00e9s de sus redes sociales.<\/p>\n<p>\u201cNuestra Patagonia se incendia a\u00f1o tras a\u00f1o. Parques nacionales y tierras fiscales y privadas son arrasadas por el fuego iniciado con dolo, por negligencia o en forma fortuita\u201d, public\u00f3 la presidenta del Senado.&nbsp;<\/p>\n<figure class=\"multimedia\" data-tadevel-template=\"web\/multimedia\" data-type=\"photo\">\n<div class=\"content\">\n<div class=\"sizer\" data-sizer=\"aspect-ratio\" data-tadevel-template=\"web\/aspect-ratio\"><img alt=\"Victoria Villarruel pedir\u00e1 que se agraven las penas para aquellos que inician incendios\" loading=\"lazy\"><\/div>\n<\/div>\n<\/figure>\n<p>Y adelant\u00f3 que le propondr\u00e1 a los senadores \u201cla actualizaci\u00f3n del C\u00f3digo Penal para que se agraven las penas con c\u00e1rcel efectiva para aquellos que inician el fuego y una actualizaci\u00f3n m\u00e1s eficiente y asertiva en la coordinaci\u00f3n entre el Estado Nacional y las Provincias en el combate contra el fuego\u201d.&nbsp;<\/p>\n<p>Villarruel remarc\u00f3 que el art\u00edculo 41 de la Constituci\u00f3n Nacional consagra el derecho a un ambiente sano para todos los habitantes, y se\u00f1al\u00f3 que la Patagonia \u201ces un bien de todos los argentinos y de las generaciones venideras y nunca se debe escatimar en su cuidado y protecci\u00f3n\u201d.<\/p>\n","protected":false},"excerpt":{"rendered":"<p>Los incendios en la Patagonia siguen golpeando a ese sector del pa\u00eds y el trabajo de los Bomberos contin\u00faa para poder apagar las llamas. La vicepresidenta de la Naci\u00f3n, Victoria Villarruel, hizo referencia a esto en la jornada de este lunes, a trav\u00e9s de sus redes sociales. \u201cNuestra Patagonia se incendia a\u00f1o tras a\u00f1o. Parques [&hellip;]<\/p>\n","protected":false},"author":1,"featured_media":46882,"comment_status":"closed","ping_status":"closed","sticky":false,"template":"","format":"standard","meta":{"om_disable_all_campaigns":false,"_monsterinsights_skip_tracking":false,"_monsterinsights_sitenote_active":false,"_monsterinsights_sitenote_note":"","_monsterinsights_sitenote_category":0},"categories":[18],"tags":[],"aioseo_notices":[],"_links":{"self":[{"href":"https:\/\/economiapoliticacba.com\/index.php?rest_route=\/wp\/v2\/posts\/46881"}],"collection":[{"href":"https:\/\/economiapoliticacba.com\/index.php?rest_route=\/wp\/v2\/posts"}],"about":[{"href":"https:\/\/economiapoliticacba.com\/index.php?rest_route=\/wp\/v2\/types\/post"}],"author":[{"embeddable":true,"href":"https:\/\/economiapoliticacba.com\/index.php?rest_route=\/wp\/v2\/users\/1"}],"replies":[{"embeddable":true,"href":"https:\/\/economiapoliticacba.com\/index.php?rest_route=%2Fwp%2Fv2%2Fcomments&post=46881"}],"version-history":[{"count":0,"href":"https:\/\/economiapoliticacba.com\/index.php?rest_route=\/wp\/v2\/posts\/46881\/revisions"}],"wp:featuredmedia":[{"embeddable":true,"href":"https:\/\/economiapoliticacba.com\/index.php?rest_route=\/wp\/v2\/media\/46882"}],"wp:attachment":[{"href":"https:\/\/economiapoliticacba.com\/index.php?rest_route=%2Fwp%2Fv2%2Fmedia&parent=46881"}],"wp:term":[{"taxonomy":"category","embeddable":true,"href":"https:\/\/economiapoliticacba.com\/index.php?rest_route=%2Fwp%2Fv2%2Fcategories&post=46881"},{"taxonomy":"post_tag","embeddable":true,"href":"https:\/\/economiapoliticacba.com\/index.php?rest_route=%2Fwp%2Fv2%2Ftags&post=46881"}],"curies":[{"name":"wp","href":"https:\/\/api.w.org\/{rel}","templated":true}]}}