{"id":46874,"date":"2026-01-13T09:57:40","date_gmt":"2026-01-13T09:57:40","guid":{"rendered":"http:\/\/6966123721287746612bd9c0"},"modified":"2026-01-13T09:57:40","modified_gmt":"2026-01-13T09:57:40","slug":"con-espiritu-de-carnaval-jujeno-transcurrio-la-noche-del-lunes-en-jesus-maria","status":"publish","type":"post","link":"https:\/\/economiapoliticacba.com\/?p=46874","title":{"rendered":"Con esp\u00edritu de carnaval juje\u00f1o transcurri\u00f3 la noche del lunes en Jes\u00fas Mar\u00eda"},"content":{"rendered":"<p><img src=\"http:\/\/economiapoliticacba.com\/wp-content\/uploads\/2026\/01\/con-espiritu-de-carnaval-jujeno-transcurrio-la-noche-del-lunes-en-jesus-maria.jpg\"><\/p>\n<p>El Festival Nacional de Doma y Folklore de Jes\u00fas Mar\u00eda vivi\u00f3 este lunes una noche distinta, te\u00f1ida de esp\u00edritu carnavalero y con una programaci\u00f3n que fusion\u00f3 m\u00fasica popular, folklore y celebraci\u00f3n.<\/p>\n<p>Los Tekis se convirtieron en los grandes protagonistas de la velada, mientras que Ke Personajes y La T y la M aportaron el ritmo de la cumbia al Anfiteatro Jos\u00e9 Hern\u00e1ndez, que vibr\u00f3 de principio a fin.<\/p>\n<figure class=\"multimedia\" data-html data-tadevel-template=\"web\/multimedia\" data-type=\"rich\" data-url=\"https:\/\/www.instagram.com\/festivaljesusmariaoficial\/reel\/DTcTlOajmNV\/\"><figcaption class=\"caption\">\n<div class=\"description\">Festival de Doma y Folklore on Instagram: &#8220;La T y La M explotando la quinta noche en el cumple m\u00e1s largo del mundo \ud83e\udd73\ud83e\udd2f El campo de jineteada se convierte en la pista de baile de m\u00e1s de 17 mil personas \ud83d\udc83\ud83c\udffd&#8221;<\/div>\n<\/figcaption><\/figure>\n<p>La banda juje\u00f1a sali\u00f3 a escena luego de una animada previa a cargo de Diableros Juje\u00f1os, Kepianco y Ceibo, que encendieron el clima festivo y dejaron al p\u00fablico listo para el show principal.<\/p>\n<figure class=\"multimedia\" data-tadevel-template=\"web\/multimedia\" data-type=\"photo\">\n<div class=\"content\">\n<div class=\"sizer\" data-sizer=\"aspect-ratio\" data-tadevel-template=\"web\/aspect-ratio\"><img alt=\"Facundo Toro, uno de los invitados a la noche de Los Tekis (Foto: prensa)\" loading=\"lazy\"><\/div>\n<\/div><figcaption class=\"caption\">\n<div class=\"description\">Facundo Toro, uno de los invitados a la noche de Los Tekis (Foto: prensa)<\/div>\n<\/figcaption><\/figure>\n<p>El espect\u00e1culo arranc\u00f3 con \u201cUn traguito m\u00e1s\u201d y \u201cTodos nos vamos a morir igual\u201d, temas que hicieron saltar y bailar a los presentes desde el primer minuto. La puesta en escena se destac\u00f3 por la presencia de bailarines en la pista, efectos de fuego sobre el escenario y los cl\u00e1sicos trajes de diablos que aportaron color y energ\u00eda.<\/p>\n<figure class=\"multimedia\" data-tadevel-template=\"web\/multimedia\" data-type=\"photo\">\n<div class=\"content\">\n<div class=\"sizer\" data-sizer=\"aspect-ratio\" data-tadevel-template=\"web\/aspect-ratio\"><img alt=\"La alegr\u00eda del carnaval lleg\u00f3 a los m\u00e1s de 17.000 espectadores que dijeron presente en la quinta noche (Foto: prensa)\" loading=\"lazy\"><\/div>\n<\/div><figcaption class=\"caption\">\n<div class=\"description\">La alegr\u00eda del carnaval lleg\u00f3 a los m\u00e1s de 17.000 espectadores que dijeron presente en la quinta noche (Foto: prensa)<\/div>\n<\/figcaption><\/figure>\n<figure class=\"multimedia\" data-html data-tadevel-template=\"web\/multimedia\" data-type=\"rich\" data-url=\"https:\/\/www.instagram.com\/festivaljesusmariaoficial\/reel\/DTcaL14DuxA\/\"><figcaption class=\"caption\">\n<div class=\"description\">Festival de Doma y Folklore on Instagram: &#8220;Ke Personajes y una presentaci\u00f3n incre\u00edble \ud83e\udd29 Canciones coreadas, bailes de todo tipo y una noche preciosa para guardar en el recuerdo \ud83d\ude4c\ud83c\udffd&#8221;<\/div>\n<\/figcaption><\/figure>\n<p>Durante el concierto hubo tambi\u00e9n momentos compartidos con artistas invitados: Dani Guardia se sum\u00f3 para interpretar \u201cHasta el otro carnaval\u201d, y luego Los Herrera junto a Facundo Toro emocionaron al p\u00fablico con \u201cZamba para olvidarte\u201d.<\/p>\n","protected":false},"excerpt":{"rendered":"<p>El Festival Nacional de Doma y Folklore de Jes\u00fas Mar\u00eda vivi\u00f3 este lunes una noche distinta, te\u00f1ida de esp\u00edritu carnavalero y con una programaci\u00f3n que fusion\u00f3 m\u00fasica popular, folklore y celebraci\u00f3n. Los Tekis se convirtieron en los grandes protagonistas de la velada, mientras que Ke Personajes y La T y la M aportaron el ritmo [&hellip;]<\/p>\n","protected":false},"author":1,"featured_media":46875,"comment_status":"closed","ping_status":"closed","sticky":false,"template":"","format":"standard","meta":{"om_disable_all_campaigns":false,"_monsterinsights_skip_tracking":false,"_monsterinsights_sitenote_active":false,"_monsterinsights_sitenote_note":"","_monsterinsights_sitenote_category":0},"categories":[18],"tags":[],"aioseo_notices":[],"_links":{"self":[{"href":"https:\/\/economiapoliticacba.com\/index.php?rest_route=\/wp\/v2\/posts\/46874"}],"collection":[{"href":"https:\/\/economiapoliticacba.com\/index.php?rest_route=\/wp\/v2\/posts"}],"about":[{"href":"https:\/\/economiapoliticacba.com\/index.php?rest_route=\/wp\/v2\/types\/post"}],"author":[{"embeddable":true,"href":"https:\/\/economiapoliticacba.com\/index.php?rest_route=\/wp\/v2\/users\/1"}],"replies":[{"embeddable":true,"href":"https:\/\/economiapoliticacba.com\/index.php?rest_route=%2Fwp%2Fv2%2Fcomments&post=46874"}],"version-history":[{"count":0,"href":"https:\/\/economiapoliticacba.com\/index.php?rest_route=\/wp\/v2\/posts\/46874\/revisions"}],"wp:featuredmedia":[{"embeddable":true,"href":"https:\/\/economiapoliticacba.com\/index.php?rest_route=\/wp\/v2\/media\/46875"}],"wp:attachment":[{"href":"https:\/\/economiapoliticacba.com\/index.php?rest_route=%2Fwp%2Fv2%2Fmedia&parent=46874"}],"wp:term":[{"taxonomy":"category","embeddable":true,"href":"https:\/\/economiapoliticacba.com\/index.php?rest_route=%2Fwp%2Fv2%2Fcategories&post=46874"},{"taxonomy":"post_tag","embeddable":true,"href":"https:\/\/economiapoliticacba.com\/index.php?rest_route=%2Fwp%2Fv2%2Ftags&post=46874"}],"curies":[{"name":"wp","href":"https:\/\/api.w.org\/{rel}","templated":true}]}}