{"id":46842,"date":"2026-01-12T01:40:00","date_gmt":"2026-01-12T01:40:00","guid":{"rendered":"http:\/\/69644a1921287746611f2499"},"modified":"2026-01-12T01:40:00","modified_gmt":"2026-01-12T01:40:00","slug":"dia-historico-en-el-dakar-festejo-cordobes-y-record-mundial-de-los-hermanos-benavides","status":"publish","type":"post","link":"https:\/\/economiapoliticacba.com\/?p=46842","title":{"rendered":"D\u00eda hist\u00f3rico en el Dakar: festejo cordob\u00e9s y r\u00e9cord mundial de los hermanos Benavides"},"content":{"rendered":"<p><img src=\"http:\/\/economiapoliticacba.com\/wp-content\/uploads\/2026\/01\/dia-historico-en-el-dakar-festejo-cordobes-y-record-mundial-de-los-hermanos-benavides.jpg\"><\/p>\n<p>El Rally Dakar 2026 se reanud\u00f3 tras la pausa y en la etapa 7 hubo alegr\u00edas argentinas con r\u00e9cords incluidos. En un tramo exigente de 877 kil\u00f3metros, tres argentinos terminaron liderando sus categor\u00edas, con un protagonismo clave de los pilotos de nuestra provincia.<\/p>\n<h4><strong>Los cordobeses, a fondo<\/strong><\/h4>\n<p>La dupla de General Cabrera conformada por <strong>Nicol\u00e1s Cavigliasso y Valentina Pertegarini<\/strong> siguen prendidos arriba. Aunque terminaron terceros en la etapa de este domingo, hicieron un negocio b\u00e1rbaro: son escoltas en la general de la categor\u00eda Challenger y ya tienen a tiro al l\u00edder, el espa\u00f1ol Pau Navarro, quedando a solo <strong>2 minutos y 48 segundos<\/strong> de la punta.<\/p>\n<figure class=\"multimedia\" data-tadevel-template=\"web\/multimedia\" data-type=\"photo\">\n<div class=\"content\">\n<div class=\"sizer\" data-sizer=\"aspect-ratio\" data-tadevel-template=\"web\/aspect-ratio\"><img alt=\"D\u00eda hist\u00f3rico en el Dakar: festejo cordob\u00e9s y r\u00e9cord mundial de los hermanos Benavides\" loading=\"lazy\"><\/div>\n<\/div>\n<\/figure>\n<p>Por su parte, <strong>Jerem\u00edas Gonz\u00e1lez Ferioli<\/strong> tuvo su d\u00eda de gloria. Junto a Gonzalo Rinaldi, el cordob\u00e9s brill\u00f3 en la arena y <strong>gan\u00f3 la etapa 7<\/strong> en la categor\u00eda Side by Side. Es un triunfo valios\u00edsimo: tras una primera semana con problemas, ya escalaron hasta el noveno puesto de la tabla general.<\/p>\n<figure class=\"multimedia\" data-tadevel-template=\"web\/multimedia\" data-type=\"photo\">\n<div class=\"content\">\n<div class=\"sizer\" data-sizer=\"aspect-ratio\" data-tadevel-template=\"web\/aspect-ratio\"><img alt=\"Ferioli brill\u00f3.\" loading=\"lazy\"><\/div>\n<\/div><figcaption class=\"caption\">\n<div class=\"description\">Ferioli brill\u00f3.<\/div>\n<\/figcaption><\/figure>\n<h4><strong>El r\u00e9cord de los Benavides<\/strong><\/h4>\n<p>Y como no pod\u00eda ser de otra manera, la jornada termin\u00f3 con un hito hist\u00f3rico de los hermanos salte\u00f1os, que se convirtieron en los primeros en ganar una etapa el mismo d\u00eda en categor\u00edas diferentes en toda la historia del Dakar:<\/p>\n<p>\u2022 <strong>Luciano Benavides<\/strong> se llev\u00f3 el &#8220;1&#8221; en motos y achic\u00f3 diferencias: sigue tercero en la general, a menos de cinco minutos del puntero.<\/p>\n<p>\u2022 <strong>Kevin Benavides<\/strong>, junto a Lisandro Sisterna, gan\u00f3 en la categor\u00eda Challenger (la misma que corre Cavigliasso), sac\u00e1ndole m\u00e1s de cuatro minutos a sus perseguidores.<\/p>\n","protected":false},"excerpt":{"rendered":"<p>El Rally Dakar 2026 se reanud\u00f3 tras la pausa y en la etapa 7 hubo alegr\u00edas argentinas con r\u00e9cords incluidos. En un tramo exigente de 877 kil\u00f3metros, tres argentinos terminaron liderando sus categor\u00edas, con un protagonismo clave de los pilotos de nuestra provincia. Los cordobeses, a fondo La dupla de General Cabrera conformada por Nicol\u00e1s [&hellip;]<\/p>\n","protected":false},"author":1,"featured_media":46843,"comment_status":"closed","ping_status":"closed","sticky":false,"template":"","format":"standard","meta":{"om_disable_all_campaigns":false,"_monsterinsights_skip_tracking":false,"_monsterinsights_sitenote_active":false,"_monsterinsights_sitenote_note":"","_monsterinsights_sitenote_category":0},"categories":[18],"tags":[],"aioseo_notices":[],"_links":{"self":[{"href":"https:\/\/economiapoliticacba.com\/index.php?rest_route=\/wp\/v2\/posts\/46842"}],"collection":[{"href":"https:\/\/economiapoliticacba.com\/index.php?rest_route=\/wp\/v2\/posts"}],"about":[{"href":"https:\/\/economiapoliticacba.com\/index.php?rest_route=\/wp\/v2\/types\/post"}],"author":[{"embeddable":true,"href":"https:\/\/economiapoliticacba.com\/index.php?rest_route=\/wp\/v2\/users\/1"}],"replies":[{"embeddable":true,"href":"https:\/\/economiapoliticacba.com\/index.php?rest_route=%2Fwp%2Fv2%2Fcomments&post=46842"}],"version-history":[{"count":0,"href":"https:\/\/economiapoliticacba.com\/index.php?rest_route=\/wp\/v2\/posts\/46842\/revisions"}],"wp:featuredmedia":[{"embeddable":true,"href":"https:\/\/economiapoliticacba.com\/index.php?rest_route=\/wp\/v2\/media\/46843"}],"wp:attachment":[{"href":"https:\/\/economiapoliticacba.com\/index.php?rest_route=%2Fwp%2Fv2%2Fmedia&parent=46842"}],"wp:term":[{"taxonomy":"category","embeddable":true,"href":"https:\/\/economiapoliticacba.com\/index.php?rest_route=%2Fwp%2Fv2%2Fcategories&post=46842"},{"taxonomy":"post_tag","embeddable":true,"href":"https:\/\/economiapoliticacba.com\/index.php?rest_route=%2Fwp%2Fv2%2Ftags&post=46842"}],"curies":[{"name":"wp","href":"https:\/\/api.w.org\/{rel}","templated":true}]}}