{"id":46812,"date":"2026-01-11T01:20:34","date_gmt":"2026-01-11T01:20:34","guid":{"rendered":"http:\/\/6962f9c121287746610b74b3"},"modified":"2026-01-11T01:20:34","modified_gmt":"2026-01-11T01:20:34","slug":"tension-en-atletico-mineiro-la-barra-increpo-a-hulk-y-apunto-contra-la-sad","status":"publish","type":"post","link":"https:\/\/economiapoliticacba.com\/?p=46812","title":{"rendered":"Tensi\u00f3n en Atl\u00e9tico Mineiro: la barra increp\u00f3 a Hulk y apunt\u00f3 contra la SAD"},"content":{"rendered":"<p><img src=\"http:\/\/economiapoliticacba.com\/wp-content\/uploads\/2026\/01\/tension-en-atletico-mineiro-la-barra-increpo-a-hulk-y-apunto-contra-la-sad.jpg\"><\/p>\n<p>Momentos de fuerte tensi\u00f3n se vivieron en Atl\u00e9tico Mineiro luego de la \u00faltima pr\u00e1ctica del plantel profesional. Un grupo de hinchas, identificados con los sectores m\u00e1s duros de la torcida, se autoconvoc\u00f3 en el centro de entrenamientos para dialogar cara a cara con los futbolistas y expresar su malestar por el presente deportivo e institucional del club.<\/p>\n<p>El principal foco de los reclamos estuvo puesto en Hulk, referente y capit\u00e1n del equipo, se\u00f1alado por versiones period\u00edsticas que lo vinculan con un posible traspaso a Fluminense de cara a la pr\u00f3xima temporada. Adem\u00e1s, los hinchas exigieron resultados concretos, con especial \u00e9nfasis en la obtenci\u00f3n del Campeonato Mineiro, tras un cierre de 2025 que dej\u00f3 un saldo negativo.<\/p>\n<figure class=\"multimedia\" data-tadevel-template=\"web\/multimedia\" data-type=\"photo\">\n<div class=\"content\">\n<div class=\"sizer\" data-sizer=\"aspect-ratio\" data-tadevel-template=\"web\/aspect-ratio\"><img alt=\"Tensi\u00f3n en Atl\u00e9tico Mineiro: la barra increp\u00f3 a Hulk y apunt\u00f3 contra la SAD\" loading=\"lazy\"><\/div>\n<\/div>\n<\/figure>\n<p>A sus 39 a\u00f1os, Hulk contin\u00faa siendo la principal referencia deportiva del plantel. En la \u00faltima temporada disput\u00f3 33 partidos oficiales, en los que convirti\u00f3 ocho goles y aport\u00f3 nueve asistencias, con actuaciones destacadas como la serie semifinal de la Copa Sudamericana frente a Independiente del Valle. Sin embargo, el equipo termin\u00f3 perdiendo el certamen continental ante Lan\u00fas, resultado que profundiz\u00f3 el descontento de parte de la hinchada.<\/p>\n<figure class=\"multimedia\" data-tadevel-template=\"web\/multimedia\" data-type=\"video\"><figcaption class=\"caption\">\n<div class=\"description\">X de Wadson Fernandes<\/div>\n<\/figcaption><\/figure>\n<p>Lejos de esquivar la situaci\u00f3n, el delantero escuch\u00f3 cada uno de los reclamos sin interrumpir y respondi\u00f3 una vez finalizados los cuestionamientos. En declaraciones difundidas por medios brasile\u00f1os, neg\u00f3 de manera categ\u00f3rica cualquier negociaci\u00f3n en curso y rechaz\u00f3 las versiones que circularon en los \u00faltimos d\u00edas.<\/p>\n<figure class=\"multimedia\" data-tadevel-template=\"web\/multimedia\" data-type=\"photo\">\n<div class=\"content\">\n<div class=\"sizer\" data-sizer=\"aspect-ratio\" data-tadevel-template=\"web\/aspect-ratio\"><img alt=\"Tensi\u00f3n en Atl\u00e9tico Mineiro: la barra increp\u00f3 a Hulk y apunt\u00f3 contra la SAD\" loading=\"lazy\"><\/div>\n<\/div>\n<\/figure>\n<p>\u201cIntentaron retratarme como el villano, pero en ning\u00fan momento perturbaron mi paz. No s\u00e9 qu\u00e9 quieren. De una cosa pueden estar seguros: pase lo que pase, sabr\u00e1n la verdad. Nada de lo que dijeron es cierto\u201d, afirm\u00f3 el atacante.<\/p>\n<figure class=\"multimedia\" data-tadevel-template=\"web\/multimedia\" data-type=\"video\"><figcaption class=\"caption\">\n<div class=\"description\">X de Breno Galante<\/div>\n<\/figcaption><\/figure>\n<p>El encuentro tambi\u00e9n expuso un malestar m\u00e1s amplio. Parte de los reclamos estuvo dirigida a la sociedad an\u00f3nima deportiva que administra el club, cuestionada en las \u00faltimas semanas por su gesti\u00f3n y por su presunta vinculaci\u00f3n con una investigaci\u00f3n por lavado de activos en una entidad bancaria de Belo Horizonte.<\/p>\n","protected":false},"excerpt":{"rendered":"<p>Momentos de fuerte tensi\u00f3n se vivieron en Atl\u00e9tico Mineiro luego de la \u00faltima pr\u00e1ctica del plantel profesional. Un grupo de hinchas, identificados con los sectores m\u00e1s duros de la torcida, se autoconvoc\u00f3 en el centro de entrenamientos para dialogar cara a cara con los futbolistas y expresar su malestar por el presente deportivo e institucional [&hellip;]<\/p>\n","protected":false},"author":1,"featured_media":46813,"comment_status":"closed","ping_status":"closed","sticky":false,"template":"","format":"standard","meta":{"om_disable_all_campaigns":false,"_monsterinsights_skip_tracking":false,"_monsterinsights_sitenote_active":false,"_monsterinsights_sitenote_note":"","_monsterinsights_sitenote_category":0},"categories":[18],"tags":[],"aioseo_notices":[],"_links":{"self":[{"href":"https:\/\/economiapoliticacba.com\/index.php?rest_route=\/wp\/v2\/posts\/46812"}],"collection":[{"href":"https:\/\/economiapoliticacba.com\/index.php?rest_route=\/wp\/v2\/posts"}],"about":[{"href":"https:\/\/economiapoliticacba.com\/index.php?rest_route=\/wp\/v2\/types\/post"}],"author":[{"embeddable":true,"href":"https:\/\/economiapoliticacba.com\/index.php?rest_route=\/wp\/v2\/users\/1"}],"replies":[{"embeddable":true,"href":"https:\/\/economiapoliticacba.com\/index.php?rest_route=%2Fwp%2Fv2%2Fcomments&post=46812"}],"version-history":[{"count":0,"href":"https:\/\/economiapoliticacba.com\/index.php?rest_route=\/wp\/v2\/posts\/46812\/revisions"}],"wp:featuredmedia":[{"embeddable":true,"href":"https:\/\/economiapoliticacba.com\/index.php?rest_route=\/wp\/v2\/media\/46813"}],"wp:attachment":[{"href":"https:\/\/economiapoliticacba.com\/index.php?rest_route=%2Fwp%2Fv2%2Fmedia&parent=46812"}],"wp:term":[{"taxonomy":"category","embeddable":true,"href":"https:\/\/economiapoliticacba.com\/index.php?rest_route=%2Fwp%2Fv2%2Fcategories&post=46812"},{"taxonomy":"post_tag","embeddable":true,"href":"https:\/\/economiapoliticacba.com\/index.php?rest_route=%2Fwp%2Fv2%2Ftags&post=46812"}],"curies":[{"name":"wp","href":"https:\/\/api.w.org\/{rel}","templated":true}]}}