{"id":46810,"date":"2026-01-11T03:10:34","date_gmt":"2026-01-11T03:10:34","guid":{"rendered":"http:\/\/696312db21287746610d1e03"},"modified":"2026-01-11T03:10:34","modified_gmt":"2026-01-11T03:10:34","slug":"mirta-legrand-inauguro-la-temporada-en-mar-del-plata-a-los-97-anos-brillo-musica-y-emocion-en-el-hotel-costa-galana","status":"publish","type":"post","link":"https:\/\/economiapoliticacba.com\/?p=46810","title":{"rendered":"Mirta Legrand inaugur\u00f3 la temporada en Mar del Plata a los 97 a\u00f1os: brillo, m\u00fasica y emoci\u00f3n en el Hotel Costa Galana"},"content":{"rendered":"<p><img src=\"http:\/\/economiapoliticacba.com\/wp-content\/uploads\/2026\/01\/mirta-legrand-inauguro-la-temporada-en-mar-del-plata-a-los-97-anos-brillo-musica-y-emocion-en-el-hotel-costa-galana.jpg\"><\/p>\n<p>En enero de 2026, la diva de la televisi\u00f3n <strong>inaugur\u00f3 oficialmente su temporada desde el Hotel Costa Galana en Mar del Plata<\/strong>, con una puesta especial para darle la bienvenida al p\u00fablico y a sus fieles televidentes.<\/p>\n<p>Durante su primera emisi\u00f3n de este verano, Mirta sorprendi\u00f3 no solo con su carisma intacto, sino tambi\u00e9n con un look moderno y brillante \u2014un conjunto de pantal\u00f3n y blusa que marc\u00f3 tendencia y fue destacado por la prensa especializada\u2014 que reflej\u00f3 su esp\u00edritu renovado a sus 97 a\u00f1os.<\/p>\n<p>El programa cont\u00f3 con invitados musicales de renombre, como <strong>Luc\u00eda y Joaqu\u00edn Gal\u00e1n<\/strong> y <strong>Soledad y Natalia Pastorutti<\/strong>, quienes pusieron ritmo y emoci\u00f3n en la apertura del ciclo, sumado al tradicional intercambio con figuras relevantes del espect\u00e1culo argentino.<\/p>\n<figure class=\"multimedia\" data-tadevel-template=\"web\/multimedia\" data-type=\"photo\">\n<div class=\"content\">\n<div class=\"sizer\" data-sizer=\"aspect-ratio\" data-tadevel-template=\"web\/aspect-ratio\"><img alt=\"Mirta Legrand y sus primeros invitados: hermanos y cantantes, los Pimpinela y Soledad y Natalia Pastorutti (Foto: redes)\" loading=\"lazy\"><\/div>\n<\/div><figcaption class=\"caption\">\n<div class=\"description\">Mirta Legrand y sus primeros invitados: hermanos y cantantes, los Pimpinela y Soledad y Natalia Pastorutti (Foto: redes)<\/div>\n<\/figcaption><\/figure>\n<h4><strong>La voz de la Chiqui: emoci\u00f3n y entusiasmo<\/strong><\/h4>\n<p>En di\u00e1logo con la prensa, Mirta destac\u00f3 no solo su alegr\u00eda por volver a Mar del Plata, sino el cari\u00f1o que siente por la ciudad: \u201cLa adoro, vengo desde que era chiquita, es un lugar que amo profundamente\u201d, dijo, invitando a todos a disfrutar de la oferta tur\u00edstica, cultural y art\u00edstica que ofrece La Feliz.<\/p>\n<p>Tambi\u00e9n subray\u00f3 la importancia del teatro, uno de los grandes atractivos de la temporada, y comparti\u00f3 su entusiasmo por la actividad cultural de la costa, destacando que disfruta asistir a las obras y conversar con colegas en este contexto veraniego.<\/p>\n<h4><strong>Una respuesta al reclamo de 2025<\/strong><\/h4>\n<p>El regreso al litoral bonaerense fue especialmente significativo porque responde a una demanda que la propia Mirta vocaliz\u00f3 en 2025, cuando faltaban definiciones sobre su programa desde Mar del Plata. En aquella oportunidad, confundida por la ausencia de su cl\u00e1sico ciclo en la ciudad, lanz\u00f3 un en\u00e9rgico reclamo p\u00fablico que termin\u00f3 impulsando la confirmaci\u00f3n de su regreso para la temporada siguiente.<\/p>\n<h4><strong>\u00bfQu\u00e9 sigue en esta temporada?<\/strong><\/h4>\n<p>Se espera que Mirta Legrand realice <strong>cuatro programas especiales<\/strong> desde Mar del Plata durante enero y febrero, con una lista de invitados destacados, combinando entretenimiento, conversaci\u00f3n y mirada social \u2014el sello que caracteriz\u00f3 todas sus temporadas desde La Feliz.<\/p>\n<p>Este retorno no solo representa la continuidad de un formato televisivo tradicional, sino tambi\u00e9n un <strong>homenaje a una carrera que mezcla historia, encanto y vigencia medi\u00e1tica<\/strong> tras m\u00e1s de siete d\u00e9cadas en la pantalla argentina.<\/p>\n","protected":false},"excerpt":{"rendered":"<p>En enero de 2026, la diva de la televisi\u00f3n inaugur\u00f3 oficialmente su temporada desde el Hotel Costa Galana en Mar del Plata, con una puesta especial para darle la bienvenida al p\u00fablico y a sus fieles televidentes. Durante su primera emisi\u00f3n de este verano, Mirta sorprendi\u00f3 no solo con su carisma intacto, sino tambi\u00e9n con [&hellip;]<\/p>\n","protected":false},"author":1,"featured_media":46811,"comment_status":"closed","ping_status":"closed","sticky":false,"template":"","format":"standard","meta":{"om_disable_all_campaigns":false,"_monsterinsights_skip_tracking":false,"_monsterinsights_sitenote_active":false,"_monsterinsights_sitenote_note":"","_monsterinsights_sitenote_category":0},"categories":[18],"tags":[],"aioseo_notices":[],"_links":{"self":[{"href":"https:\/\/economiapoliticacba.com\/index.php?rest_route=\/wp\/v2\/posts\/46810"}],"collection":[{"href":"https:\/\/economiapoliticacba.com\/index.php?rest_route=\/wp\/v2\/posts"}],"about":[{"href":"https:\/\/economiapoliticacba.com\/index.php?rest_route=\/wp\/v2\/types\/post"}],"author":[{"embeddable":true,"href":"https:\/\/economiapoliticacba.com\/index.php?rest_route=\/wp\/v2\/users\/1"}],"replies":[{"embeddable":true,"href":"https:\/\/economiapoliticacba.com\/index.php?rest_route=%2Fwp%2Fv2%2Fcomments&post=46810"}],"version-history":[{"count":0,"href":"https:\/\/economiapoliticacba.com\/index.php?rest_route=\/wp\/v2\/posts\/46810\/revisions"}],"wp:featuredmedia":[{"embeddable":true,"href":"https:\/\/economiapoliticacba.com\/index.php?rest_route=\/wp\/v2\/media\/46811"}],"wp:attachment":[{"href":"https:\/\/economiapoliticacba.com\/index.php?rest_route=%2Fwp%2Fv2%2Fmedia&parent=46810"}],"wp:term":[{"taxonomy":"category","embeddable":true,"href":"https:\/\/economiapoliticacba.com\/index.php?rest_route=%2Fwp%2Fv2%2Fcategories&post=46810"},{"taxonomy":"post_tag","embeddable":true,"href":"https:\/\/economiapoliticacba.com\/index.php?rest_route=%2Fwp%2Fv2%2Ftags&post=46810"}],"curies":[{"name":"wp","href":"https:\/\/api.w.org\/{rel}","templated":true}]}}