{"id":46781,"date":"2026-01-10T01:04:06","date_gmt":"2026-01-10T01:04:06","guid":{"rendered":"http:\/\/69619bfc2128774661e9453f"},"modified":"2026-01-10T01:04:06","modified_gmt":"2026-01-10T01:04:06","slug":"comenzo-el-60-o-festival-de-doma-y-folclore-en-jesus-maria-con-video-historico-acrobacias-aereas-y-drones","status":"publish","type":"post","link":"https:\/\/economiapoliticacba.com\/?p=46781","title":{"rendered":"Comenz\u00f3 el 60.\u00ba Festival de Doma y Folclore en Jes\u00fas Mar\u00eda con video hist\u00f3rico, acrobacias a\u00e9reas y drones"},"content":{"rendered":"<p><img src=\"http:\/\/economiapoliticacba.com\/wp-content\/uploads\/2026\/01\/comenzo-el-60-o-festival-de-doma-y-folclore-en-jesus-maria-con-video-historico-acrobacias-aereas-y-drones.jpg\"><\/p>\n<p>Ante un Anfiteatro colmado y atravesado por el entusiasmo del p\u00fablico, dio inicio el llamado \u201cCumplea\u00f1os m\u00e1s largo del mundo\u201d. Y no es para menos: el Festival Nacional de Doma y Folklore de Jes\u00fas Mar\u00eda celebra sus 60 a\u00f1os y lo hace a lo grande.<\/p>\n<p class=\"aside\">Prensa del Festival comunic\u00f3 que hasta las 23 h ingresaron 23.200 personas al Anfiteatro.<\/p>\n<p>La apertura fue impactante y emotiva. Un video hist\u00f3rico dio paso a un imponente cuadro de acrobacia a\u00e9rea sobre el campo de la doma, mientras en el escenario Facundo Toro interpretaba una chacarera. En simult\u00e1neo, un show de drones ilumin\u00f3 el cielo nocturno dibujando el n\u00famero 60, en un despliegue visual que despert\u00f3 la ovaci\u00f3n de los presentes. Una puesta del elenco de Bien Argentino, dirigido por \u00c1ngel Carabajar con dise\u00f1o de Nicol\u00e1s Totti.<\/p>\n<figure class=\"multimedia\" data-tadevel-template=\"web\/multimedia\" data-type=\"photo\">\n<div class=\"content\">\n<div class=\"sizer\" data-sizer=\"aspect-ratio\" data-tadevel-template=\"web\/aspect-ratio\"><img alt=\"Destino San Javier siguiendo la huella de sus padres: cantando el Himno del Festival (Foto: prensa del Festival)\" loading=\"lazy\"><\/div>\n<\/div><figcaption class=\"caption\">\n<div class=\"description\">Destino San Javier siguiendo la huella de sus padres: cantando el Himno del Festival (Foto: prensa del Festival)<\/div>\n<\/figcaption><\/figure>\n<p>Luego, mil bailarines ingresaron al campo y, a trav\u00e9s de sus coreograf\u00edas, formaron las iniciales del Festival, acompa\u00f1ados por la interpretaci\u00f3n del Himno del Festival a cargo de Destino San Javier.<\/p>\n<figure class=\"multimedia\" data-tadevel-template=\"web\/multimedia\" data-type=\"photo\">\n<div class=\"content\">\n<div class=\"sizer\" data-sizer=\"aspect-ratio\" data-tadevel-template=\"web\/aspect-ratio\"><img alt=\"Momento del Himno Nacional con el sentido canto de Jairo (Foto: prensa)\" loading=\"lazy\"><\/div>\n<\/div><figcaption class=\"caption\">\n<div class=\"description\">Momento del Himno Nacional con el sentido canto de Jairo (Foto: prensa)<\/div>\n<\/figcaption><\/figure>\n<p>El momento solemne lleg\u00f3 con la interpretaci\u00f3n del Himno Nacional Argentino, a cargo de Jairo, acompa\u00f1ado por piano y viol\u00edn.<\/p>\n<figure class=\"multimedia\" data-tadevel-template=\"web\/multimedia\" data-type=\"photo\">\n<div class=\"content\">\n<div class=\"sizer\" data-sizer=\"aspect-ratio\" data-tadevel-template=\"web\/aspect-ratio\"><img alt=\"Jairo interpreta nuestro Himno Nacional (Foto: prensa del Festival)\" loading=\"lazy\"><\/div>\n<\/div><figcaption class=\"caption\">\n<div class=\"description\">Jairo interpreta nuestro Himno Nacional (Foto: prensa del Festival)<\/div>\n<\/figcaption><\/figure>\n<p>A continuaci\u00f3n, la nueva dupla conductora compuesta por <strong>Alejandro Bustos y \u00c9rica Pereyra<\/strong> present\u00f3 al presidente de la Comisi\u00f3n Organizadora, <strong>Dr. Juan Ignacio L\u00f3pez<\/strong>, quien se dirigi\u00f3 al p\u00fablico con palabras de agradecimiento a la <strong>vicegobernadora Miriam Prunotto<\/strong>, a legisladores provinciales y a otras autoridades presentes, entre ellas el presidente de la <strong>Agencia C\u00f3rdoba Cultura, Marcelo Rodio<\/strong>, y el titular de la <strong>Agencia C\u00f3rdoba Turismo, Dar\u00edo Capitani<\/strong>.<\/p>\n<p>Ver: <a href=\"https:\/\/www.cba24n.com.ar\/espectaculos\/marcelo-rodio---los-festivales-son-motor-clave-de-la-economia-naranja-en-cordoba-_a6961b0c92128774661eb1471\">Marcelo Rodio: \u201cLos Festivales son motor clave en la econom\u00eda naranja en C\u00f3rdoba\u201d.<\/a><\/p>\n<figure class=\"multimedia\" data-tadevel-template=\"web\/multimedia\" data-type=\"photo\">\n<div class=\"content\">\n<div class=\"sizer\" data-sizer=\"aspect-ratio\" data-tadevel-template=\"web\/aspect-ratio\"><img alt=\"Dr. Juan Ignacio L\u00f3pez, Presidente de la Comisi\u00f3n organizadora dando inicio a la celebraci\u00f3n (Foto: prensa del Festival )\" loading=\"lazy\"><\/div>\n<\/div><figcaption class=\"caption\">\n<div class=\"description\">Dr. Juan Ignacio L\u00f3pez, Presidente de la Comisi\u00f3n organizadora dando inicio a la celebraci\u00f3n (Foto: prensa del Festival )<\/div>\n<\/figcaption><\/figure>\n<p>Durante el acto, la vicegobernadora hizo entrega a la Comisi\u00f3n de un aporte econ\u00f3mico del Gobierno provincial, destinado a colaborar con las 24 cooperadoras escolares que actualmente reciben los beneficios del Festival. Adem\u00e1s, los legisladores distinguieron a los integrantes de la Comisi\u00f3n Organizadora con una placa recordatoria, en reconocimiento al esfuerzo sostenido a lo largo de la historia del evento.<\/p>\n<p>Tras el saludo a los abanderados de los establecimientos educativos presentes sobre el escenario, dio comienzo el desfile art\u00edstico, con la presentaci\u00f3n de Lautaro Rojas, encargado de inaugurar el tramo musical de la noche con su repertorio.<\/p>\n<figure class=\"multimedia\" data-tadevel-template=\"web\/multimedia\" data-type=\"photo\">\n<div class=\"content\">\n<div class=\"sizer\" data-sizer=\"aspect-ratio\" data-tadevel-template=\"web\/aspect-ratio\"><img alt=\"Lautaro Rojas, hijo de Jorge, encargado de iniciar la suceci\u00f3n de artistas sobre el escenario (Foto: prensa del Festival)\" loading=\"lazy\"><\/div>\n<\/div><figcaption class=\"caption\">\n<div class=\"description\">Lautaro Rojas, hijo de Jorge, encargado de iniciar la suceci\u00f3n de artistas sobre el escenario (Foto: prensa del Festival)<\/div>\n<\/figcaption><\/figure>\n<p>Luego comenz\u00f3 la jineteada.<\/p>\n<p>Sugerimos leer:<\/p>\n<p><a href=\"https:\/\/www.cba24n.com.ar\/espectaculos\/25-delegaciones-confirmadas-en-el-certamen-de-jineteada--presencia-de-uruguay--paraguay--chile-y-brasil_a6961847d2128774661e736d2\">25 delegaciones confirmadas en el certamen de jineteada: presencia de Uruguay, Paraguay, Chile y Brasil.<\/a><\/p>\n<p>Los Cuatro de C\u00f3rdoba continuaron con la grilla musical, con invitados especiales: Pablo Lozano, el Negro Videla y el Toro Quevedo, quienes entonaron canciones acompa\u00f1ados por toda la concurrencia.<\/p>\n<figure class=\"multimedia\" data-tadevel-template=\"web\/multimedia\" data-type=\"photo\">\n<div class=\"content\">\n<div class=\"sizer\" data-sizer=\"aspect-ratio\" data-tadevel-template=\"web\/aspect-ratio\"><img alt=\"El Negro Videla y el Toro Quevedo invitados de Los 4 de C\u00f3rdoba, tambi\u00e9n estuvo Pablo Lozano (Foto: prensa del Festival)\" loading=\"lazy\"><\/div>\n<\/div><figcaption class=\"caption\">\n<div class=\"description\">El Negro Videla y el Toro Quevedo invitados de Los 4 de C\u00f3rdoba, tambi\u00e9n estuvo Pablo Lozano (Foto: prensa del Festival)<\/div>\n<\/figcaption><\/figure>\n<p>Luego de una nueva ronda de jineteada con el acostumbrado acompa\u00f1amiento y animaci\u00f3n de los payadores lleg\u00f3 con sus canciones desde Formosa <strong>\u00c1ngelo Aranda<\/strong>, talentoso m\u00fasico y compositor oriundo de Fort\u00edn Lugones, conocido por su estilo criollo, su profunda conexi\u00f3n con el monte y su voz que transmite mucha emoci\u00f3n.<\/p>\n<figure class=\"multimedia\" data-tadevel-template=\"web\/multimedia\" data-type=\"photo\">\n<div class=\"content\">\n<div class=\"sizer\" data-sizer=\"aspect-ratio\" data-tadevel-template=\"web\/aspect-ratio\"><img alt=\"\u00c1ngelo Aranda, formose\u00f1o, encendi\u00f3 el festival con canciones y sapucay gritados por la concurrencia (Foto: prensa del festival)\" loading=\"lazy\"><\/div>\n<\/div><figcaption class=\"caption\">\n<div class=\"description\">\u00c1ngelo Aranda, formose\u00f1o, encendi\u00f3 el festival con canciones y sapucay gritados por la concurrencia (Foto: prensa del festival)<\/div>\n<\/figcaption><\/figure>\n<p>(Noticia en desarrollo)<\/p>\n","protected":false},"excerpt":{"rendered":"<p>Ante un Anfiteatro colmado y atravesado por el entusiasmo del p\u00fablico, dio inicio el llamado \u201cCumplea\u00f1os m\u00e1s largo del mundo\u201d. Y no es para menos: el Festival Nacional de Doma y Folklore de Jes\u00fas Mar\u00eda celebra sus 60 a\u00f1os y lo hace a lo grande. Prensa del Festival comunic\u00f3 que hasta las 23 h ingresaron [&hellip;]<\/p>\n","protected":false},"author":1,"featured_media":46782,"comment_status":"closed","ping_status":"closed","sticky":false,"template":"","format":"standard","meta":{"om_disable_all_campaigns":false,"_monsterinsights_skip_tracking":false,"_monsterinsights_sitenote_active":false,"_monsterinsights_sitenote_note":"","_monsterinsights_sitenote_category":0},"categories":[18],"tags":[],"aioseo_notices":[],"_links":{"self":[{"href":"https:\/\/economiapoliticacba.com\/index.php?rest_route=\/wp\/v2\/posts\/46781"}],"collection":[{"href":"https:\/\/economiapoliticacba.com\/index.php?rest_route=\/wp\/v2\/posts"}],"about":[{"href":"https:\/\/economiapoliticacba.com\/index.php?rest_route=\/wp\/v2\/types\/post"}],"author":[{"embeddable":true,"href":"https:\/\/economiapoliticacba.com\/index.php?rest_route=\/wp\/v2\/users\/1"}],"replies":[{"embeddable":true,"href":"https:\/\/economiapoliticacba.com\/index.php?rest_route=%2Fwp%2Fv2%2Fcomments&post=46781"}],"version-history":[{"count":0,"href":"https:\/\/economiapoliticacba.com\/index.php?rest_route=\/wp\/v2\/posts\/46781\/revisions"}],"wp:featuredmedia":[{"embeddable":true,"href":"https:\/\/economiapoliticacba.com\/index.php?rest_route=\/wp\/v2\/media\/46782"}],"wp:attachment":[{"href":"https:\/\/economiapoliticacba.com\/index.php?rest_route=%2Fwp%2Fv2%2Fmedia&parent=46781"}],"wp:term":[{"taxonomy":"category","embeddable":true,"href":"https:\/\/economiapoliticacba.com\/index.php?rest_route=%2Fwp%2Fv2%2Fcategories&post=46781"},{"taxonomy":"post_tag","embeddable":true,"href":"https:\/\/economiapoliticacba.com\/index.php?rest_route=%2Fwp%2Fv2%2Ftags&post=46781"}],"curies":[{"name":"wp","href":"https:\/\/api.w.org\/{rel}","templated":true}]}}