{"id":46779,"date":"2026-01-10T01:59:07","date_gmt":"2026-01-10T01:59:07","guid":{"rendered":"http:\/\/6961b0c92128774661eb1471"},"modified":"2026-01-10T01:59:07","modified_gmt":"2026-01-10T01:59:07","slug":"marcelo-rodio-los-festivales-son-motor-clave-de-la-economia-naranja-en-cordoba","status":"publish","type":"post","link":"https:\/\/economiapoliticacba.com\/?p=46779","title":{"rendered":"Marcelo Rodio: \u201cLos festivales son motor clave de la econom\u00eda naranja en C\u00f3rdoba\u201d"},"content":{"rendered":"<p><img src=\"http:\/\/economiapoliticacba.com\/wp-content\/uploads\/2026\/01\/marcelo-rodio-los-festivales-son-motor-clave-de-la-economia-naranja-en-cordoba.jpg\"><\/p>\n<p>El presidente de la Agencia C\u00f3rdoba Cultura, Marcelo Rodio, puso en valor el impacto cultural, social y econ\u00f3mico del calendario estival de festivales de la provincia al participar de la primera jornada de la 60.\u00aa edici\u00f3n del Festival Nacional e Internacional de la Doma y el Folclore de Jes\u00fas Mar\u00eda, uno de los eventos m\u00e1s representativos de la identidad cordobesa.<\/p>\n<p>\u201cLos festivales que se celebran durante el verano en todo el territorio provincial son un motor clave de la econom\u00eda naranja, que constituye la principal fuente de ingresos para cientos de miles de cordobeses\u201d, afirm\u00f3 Rodio.<\/p>\n<p>Durante el acto inaugural, el funcionario acompa\u00f1\u00f3 a la vicegobernadora Myrian Prunotto, junto a autoridades nacionales, provinciales y municipales, reafirmando el acompa\u00f1amiento del Gobierno de C\u00f3rdoba a las expresiones culturales que fortalecen el desarrollo regional y el turismo.<\/p>\n<p>\u201cCon m\u00e1s de 400 festivales a lo largo y ancho de la provincia, C\u00f3rdoba se ha consolidado como Tierra de Festivales, una marca identitaria que crece y se proyecta a\u00f1o tras a\u00f1o a nivel nacional e internacional\u201d, agreg\u00f3 el titular de la Agencia C\u00f3rdoba Cultura.<\/p>\n<p>En el marco del 60.\u00ba aniversario del tradicional encuentro, se realiz\u00f3 la entrega de una placa conmemorativa en reconocimiento a su trayectoria, su compromiso con la preservaci\u00f3n de las tradiciones y su invaluable aporte al patrimonio cultural de la provincia.<\/p>\n<p>El Festival Nacional de la Doma y el Folclore de Jes\u00fas Mar\u00eda se desarrolla desde hoy y hasta el 18 de enero, con una destacada programaci\u00f3n que re\u00fane a figuras consagradas y referentes hist\u00f3ricos del folclore nacional, consolidando a la ciudad como uno de los principales polos culturales del verano argentino.<\/p>\n<figure class=\"multimedia\" data-tadevel-template=\"web\/multimedia\" data-type=\"photo\">\n<div class=\"content\">\n<div class=\"sizer\" data-sizer=\"aspect-ratio\" data-tadevel-template=\"web\/aspect-ratio\"><img alt=\"Las autoridades junto al Presidente de la comisi\u00f3n organizadora (Foto: prensa del Gobierno de Cba)\" loading=\"lazy\"><\/div>\n<\/div><figcaption class=\"caption\">\n<div class=\"description\">Las autoridades junto al Presidente de la comisi\u00f3n organizadora (Foto: prensa del Gobierno de Cba)<\/div>\n<\/figcaption><\/figure>\n","protected":false},"excerpt":{"rendered":"<p>El presidente de la Agencia C\u00f3rdoba Cultura, Marcelo Rodio, puso en valor el impacto cultural, social y econ\u00f3mico del calendario estival de festivales de la provincia al participar de la primera jornada de la 60.\u00aa edici\u00f3n del Festival Nacional e Internacional de la Doma y el Folclore de Jes\u00fas Mar\u00eda, uno de los eventos m\u00e1s [&hellip;]<\/p>\n","protected":false},"author":1,"featured_media":46780,"comment_status":"closed","ping_status":"closed","sticky":false,"template":"","format":"standard","meta":{"om_disable_all_campaigns":false,"_monsterinsights_skip_tracking":false,"_monsterinsights_sitenote_active":false,"_monsterinsights_sitenote_note":"","_monsterinsights_sitenote_category":0},"categories":[18],"tags":[],"aioseo_notices":[],"_links":{"self":[{"href":"https:\/\/economiapoliticacba.com\/index.php?rest_route=\/wp\/v2\/posts\/46779"}],"collection":[{"href":"https:\/\/economiapoliticacba.com\/index.php?rest_route=\/wp\/v2\/posts"}],"about":[{"href":"https:\/\/economiapoliticacba.com\/index.php?rest_route=\/wp\/v2\/types\/post"}],"author":[{"embeddable":true,"href":"https:\/\/economiapoliticacba.com\/index.php?rest_route=\/wp\/v2\/users\/1"}],"replies":[{"embeddable":true,"href":"https:\/\/economiapoliticacba.com\/index.php?rest_route=%2Fwp%2Fv2%2Fcomments&post=46779"}],"version-history":[{"count":0,"href":"https:\/\/economiapoliticacba.com\/index.php?rest_route=\/wp\/v2\/posts\/46779\/revisions"}],"wp:featuredmedia":[{"embeddable":true,"href":"https:\/\/economiapoliticacba.com\/index.php?rest_route=\/wp\/v2\/media\/46780"}],"wp:attachment":[{"href":"https:\/\/economiapoliticacba.com\/index.php?rest_route=%2Fwp%2Fv2%2Fmedia&parent=46779"}],"wp:term":[{"taxonomy":"category","embeddable":true,"href":"https:\/\/economiapoliticacba.com\/index.php?rest_route=%2Fwp%2Fv2%2Fcategories&post=46779"},{"taxonomy":"post_tag","embeddable":true,"href":"https:\/\/economiapoliticacba.com\/index.php?rest_route=%2Fwp%2Fv2%2Ftags&post=46779"}],"curies":[{"name":"wp","href":"https:\/\/api.w.org\/{rel}","templated":true}]}}