{"id":46743,"date":"2026-01-09T00:16:00","date_gmt":"2026-01-09T00:16:00","guid":{"rendered":"http:\/\/695f82ca2128774661d61736"},"modified":"2026-01-09T00:16:00","modified_gmt":"2026-01-09T00:16:00","slug":"sigue-vigente-el-alerta-por-tormentas-y-probabilidad-de-granizo-en-cordoba","status":"publish","type":"post","link":"https:\/\/economiapoliticacba.com\/?p=46743","title":{"rendered":"Sigue vigente el alerta por tormentas y probabilidad de granizo en C\u00f3rdoba"},"content":{"rendered":"<p><img src=\"http:\/\/economiapoliticacba.com\/wp-content\/uploads\/2026\/01\/sigue-vigente-el-alerta-por-tormentas-y-probabilidad-de-granizo-en-cordoba.jpg\"><\/p>\n<p>Tal como se anticipaba, el jueves arranc\u00f3 pasado por agua en la ciudad. Fue una jornada pasada por agua, con crecidas de r\u00edos y algunas ca\u00eddas de \u00e1rboles.<\/p>\n<p>El cambio de tiempo lleg\u00f3 primero en la <strong>zona sur cerca de las 5:30<\/strong>, y media hora m\u00e1s tarde, <strong>a las 6:00<\/strong>, las precipitaciones ya cubr\u00edan gran parte de la zona norte y el \u00e1rea metropolitana.<\/p>\n<p>El <strong>Servicio Meteorol\u00f3gico Nacional<\/strong> hab\u00eda emitido un <strong>Alerta Naranja<\/strong>, advirtiendo que la inestabilidad ser\u00e1 un poco m\u00e1s severa por horas de la tarde.&nbsp;<\/p>\n<figure class=\"multimedia\" data-html data-tadevel-template=\"web\/multimedia\" data-type=\"rich\" data-url=\"https:\/\/twitter.com\/SMN_Cordoba\/status\/2009188906005369250\"><figcaption class=\"caption\">\n<div class=\"description\">X de Observatorio C\u00f3rdoba<\/div>\n<\/figcaption><\/figure>\n<p>Hubo muy poca amplitud t\u00e9rmica y la m\u00e1xima no super\u00f3 los 21\u00ba C.<\/p>\n<p>Para la noche de este jueves y madrugada del viernes, tambi\u00e9n se esperan tormentas de variada intensidad, acompa\u00f1adas por actividad el\u00e9ctrica, granizo, r\u00e1fagas de hasta 90 km\/h y abundante ca\u00edda de agua en cortos per\u00edodos.&nbsp;<\/p>\n<h4>El pron\u00f3stico extendido<\/h4>\n<figure class=\"multimedia\" data-tadevel-template=\"web\/multimedia\" data-type=\"photo\">\n<div class=\"content\">\n<div class=\"sizer\" data-sizer=\"aspect-ratio\" data-tadevel-template=\"web\/aspect-ratio\"><img alt=\"Sigue vigente el alerta por tormentas y probabilidad de granizo en C\u00f3rdoba\" loading=\"lazy\"><\/div>\n<\/div>\n<\/figure>\n<p>Seg\u00fan el reporte extendido, la inestabilidad se mantendr\u00e1 durante todo el jueves y reci\u00e9n empezar\u00eda a mejorar hacia la media tarde del viernes.<\/p>\n","protected":false},"excerpt":{"rendered":"<p>Tal como se anticipaba, el jueves arranc\u00f3 pasado por agua en la ciudad. Fue una jornada pasada por agua, con crecidas de r\u00edos y algunas ca\u00eddas de \u00e1rboles. El cambio de tiempo lleg\u00f3 primero en la zona sur cerca de las 5:30, y media hora m\u00e1s tarde, a las 6:00, las precipitaciones ya cubr\u00edan gran [&hellip;]<\/p>\n","protected":false},"author":1,"featured_media":46744,"comment_status":"closed","ping_status":"closed","sticky":false,"template":"","format":"standard","meta":{"om_disable_all_campaigns":false,"_monsterinsights_skip_tracking":false,"_monsterinsights_sitenote_active":false,"_monsterinsights_sitenote_note":"","_monsterinsights_sitenote_category":0},"categories":[18],"tags":[],"aioseo_notices":[],"_links":{"self":[{"href":"https:\/\/economiapoliticacba.com\/index.php?rest_route=\/wp\/v2\/posts\/46743"}],"collection":[{"href":"https:\/\/economiapoliticacba.com\/index.php?rest_route=\/wp\/v2\/posts"}],"about":[{"href":"https:\/\/economiapoliticacba.com\/index.php?rest_route=\/wp\/v2\/types\/post"}],"author":[{"embeddable":true,"href":"https:\/\/economiapoliticacba.com\/index.php?rest_route=\/wp\/v2\/users\/1"}],"replies":[{"embeddable":true,"href":"https:\/\/economiapoliticacba.com\/index.php?rest_route=%2Fwp%2Fv2%2Fcomments&post=46743"}],"version-history":[{"count":0,"href":"https:\/\/economiapoliticacba.com\/index.php?rest_route=\/wp\/v2\/posts\/46743\/revisions"}],"wp:featuredmedia":[{"embeddable":true,"href":"https:\/\/economiapoliticacba.com\/index.php?rest_route=\/wp\/v2\/media\/46744"}],"wp:attachment":[{"href":"https:\/\/economiapoliticacba.com\/index.php?rest_route=%2Fwp%2Fv2%2Fmedia&parent=46743"}],"wp:term":[{"taxonomy":"category","embeddable":true,"href":"https:\/\/economiapoliticacba.com\/index.php?rest_route=%2Fwp%2Fv2%2Fcategories&post=46743"},{"taxonomy":"post_tag","embeddable":true,"href":"https:\/\/economiapoliticacba.com\/index.php?rest_route=%2Fwp%2Fv2%2Ftags&post=46743"}],"curies":[{"name":"wp","href":"https:\/\/api.w.org\/{rel}","templated":true}]}}