{"id":46712,"date":"2026-01-07T22:07:41","date_gmt":"2026-01-07T22:07:41","guid":{"rendered":"http:\/\/695ed8782128774661d29a64"},"modified":"2026-01-07T22:07:41","modified_gmt":"2026-01-07T22:07:41","slug":"la-provincia-retira-leches-infantiles-de-la-marca-nestle-por-posible-contaminacion","status":"publish","type":"post","link":"https:\/\/economiapoliticacba.com\/?p=46712","title":{"rendered":"La Provincia retira leches infantiles de la marca Nestl\u00e9 por posible contaminaci\u00f3n"},"content":{"rendered":"<p><img src=\"http:\/\/economiapoliticacba.com\/wp-content\/uploads\/2026\/01\/la-provincia-retira-leches-infantiles-de-la-marca-nestle-por-posible-contaminacion.jpg\"><\/p>\n<p>Este martes, la <strong>Administraci\u00f3n Nacional de Medicamentos, Alimentos y Tecnolog\u00eda M\u00e9dica (ANMAT)<\/strong> anunci\u00f3 el <strong>retiro voluntario y preventivo de varios lotes de f\u00f3rmulas infantiles de la marca Nestl\u00e9<\/strong>.&nbsp;<\/p>\n<p>La orden fue efectuada luego de que se detectara la presencia de la toxina <strong>cereulida<\/strong>, producida por la bacteria <i>Bacillus cereus<\/i>, que puede poner en riesgo la salud de los lactantes.<\/p>\n<p>Este mi\u00e9rcoles, el gobierno provincial inform\u00f3 que la empresa \u201cinici\u00f3 un retiro voluntario y preventivo del mercado de determinados lotes de productos destinados a lactantes\u201d y que la situaci\u00f3n fue comunicada a los municipios y comunas de la provincia.<\/p>\n<h3><strong>Productos afectados<\/strong><\/h3>\n<p>Productos de elaboraci\u00f3n nacional (Provincia de Santa Fe)<\/p>\n<p><strong>F\u00f3rmula l\u00e1ctea para lactantes en polvo<\/strong><br \/>Marca: Nestl\u00e9 NAN Optipro 1 c\/HMO<br \/>RNE N\u00b0: 21-114032<br \/>RNPA N\u00b0: 21-130136<br \/>Presentaci\u00f3n: 400 g.<\/p>\n<p><strong>Lotes y fechas de vencimiento:<\/strong><\/p>\n<ul>\n<li>Lote 517628872A \u2013 Vencimiento 31\/12\/2026<\/li>\n<li>Lote 524128872A \u2013 Vencimiento 28\/02\/2027<\/li>\n<li>Lote 524728872A \u2013 Vencimiento 31\/03\/2027<\/li>\n<\/ul>\n<p>Presentaci\u00f3n: 800 g.<\/p>\n<p><strong>Lotes y fechas de vencimiento:<\/strong><\/p>\n<ul>\n<li>Lote 517628872A \u2013 Vencimiento 31\/12\/2026<\/li>\n<li>Lote 522828872A \u2013 Vencimiento 28\/02\/2027<\/li>\n<li>Lote 524128872A \u2013 Vencimiento 28\/02\/2027<\/li>\n<li>Lote 528928872A \u2013 Vencimiento 30\/04\/2027<\/li>\n<li>Lote 528928872B \u2013 Vencimiento 30\/04\/2027<\/li>\n<li>Lote 529028872A \u2013 Vencimiento 30\/04\/2027<\/li>\n<li>Lote 533228872B \u2013 Vencimiento 31\/05\/2027<\/li>\n<li>Lote 533328872A \u2013 Vencimiento 31\/05\/2027<\/li>\n<\/ul>\n<figure class=\"multimedia\" data-tadevel-template=\"web\/multimedia\" data-type=\"photo\">\n<div class=\"content\">\n<div class=\"sizer\" data-sizer=\"aspect-ratio\" data-tadevel-template=\"web\/aspect-ratio\"><img alt=\"La Provincia retira leches infantiles de la marca Nestl\u00e9 por posible contaminaci\u00f3n\" loading=\"lazy\"><\/div>\n<\/div>\n<\/figure>\n<p><strong>Producto importado<\/strong><br \/>Origen: Suiza<\/p>\n<p>Alimento para prop\u00f3sitos m\u00e9dicos espec\u00edficos en polvo para lactantes<br \/>Marca: Nestl\u00e9 Alfamino<br \/>Presentaci\u00f3n: 400 g<br \/>RNE N\u00b0: 00-014591<br \/>RNPA N\u00b0: 079-00-022965<\/p>\n<p><strong>Lote y fecha de vencimiento:<\/strong><\/p>\n<p>Lote 51690017Y1 \u2013 Vencimiento 30\/06\/2027<\/p>\n","protected":false},"excerpt":{"rendered":"<p>Este martes, la Administraci\u00f3n Nacional de Medicamentos, Alimentos y Tecnolog\u00eda M\u00e9dica (ANMAT) anunci\u00f3 el retiro voluntario y preventivo de varios lotes de f\u00f3rmulas infantiles de la marca Nestl\u00e9.&nbsp; La orden fue efectuada luego de que se detectara la presencia de la toxina cereulida, producida por la bacteria Bacillus cereus, que puede poner en riesgo la [&hellip;]<\/p>\n","protected":false},"author":1,"featured_media":46713,"comment_status":"closed","ping_status":"closed","sticky":false,"template":"","format":"standard","meta":{"om_disable_all_campaigns":false,"_monsterinsights_skip_tracking":false,"_monsterinsights_sitenote_active":false,"_monsterinsights_sitenote_note":"","_monsterinsights_sitenote_category":0},"categories":[18],"tags":[],"aioseo_notices":[],"_links":{"self":[{"href":"https:\/\/economiapoliticacba.com\/index.php?rest_route=\/wp\/v2\/posts\/46712"}],"collection":[{"href":"https:\/\/economiapoliticacba.com\/index.php?rest_route=\/wp\/v2\/posts"}],"about":[{"href":"https:\/\/economiapoliticacba.com\/index.php?rest_route=\/wp\/v2\/types\/post"}],"author":[{"embeddable":true,"href":"https:\/\/economiapoliticacba.com\/index.php?rest_route=\/wp\/v2\/users\/1"}],"replies":[{"embeddable":true,"href":"https:\/\/economiapoliticacba.com\/index.php?rest_route=%2Fwp%2Fv2%2Fcomments&post=46712"}],"version-history":[{"count":0,"href":"https:\/\/economiapoliticacba.com\/index.php?rest_route=\/wp\/v2\/posts\/46712\/revisions"}],"wp:featuredmedia":[{"embeddable":true,"href":"https:\/\/economiapoliticacba.com\/index.php?rest_route=\/wp\/v2\/media\/46713"}],"wp:attachment":[{"href":"https:\/\/economiapoliticacba.com\/index.php?rest_route=%2Fwp%2Fv2%2Fmedia&parent=46712"}],"wp:term":[{"taxonomy":"category","embeddable":true,"href":"https:\/\/economiapoliticacba.com\/index.php?rest_route=%2Fwp%2Fv2%2Fcategories&post=46712"},{"taxonomy":"post_tag","embeddable":true,"href":"https:\/\/economiapoliticacba.com\/index.php?rest_route=%2Fwp%2Fv2%2Ftags&post=46712"}],"curies":[{"name":"wp","href":"https:\/\/api.w.org\/{rel}","templated":true}]}}