{"id":46709,"date":"2026-01-07T22:36:00","date_gmt":"2026-01-07T22:36:00","guid":{"rendered":"http:\/\/695edf552128774661d2cca8"},"modified":"2026-01-07T22:36:00","modified_gmt":"2026-01-07T22:36:00","slug":"centurion-llega-a-cordoba-racing-de-nueva-italia-va-a-la-carga-por-el-ex-boca","status":"publish","type":"post","link":"https:\/\/economiapoliticacba.com\/?p=46709","title":{"rendered":"\u00bfCenturi\u00f3n llega a C\u00f3rdoba?: Racing de Nueva Italia va a la carga por el ex Boca"},"content":{"rendered":"<p><img src=\"http:\/\/economiapoliticacba.com\/wp-content\/uploads\/2026\/01\/centurion-llega-a-cordoba-racing-de-nueva-italia-va-a-la-carga-por-el-ex-boca.jpg\"><\/p>\n<p><strong>Racing de Nueva Italia<\/strong> est\u00e1 decidido a dar la nota en este mercado de pases y apunt\u00f3 a la contrataci\u00f3n del volante <strong>Ricardo Centuri\u00f3n<\/strong>.<\/p>\n<p>La noticia sali\u00f3 en las \u00faltimas horas luego de que el propio futbolista declarara que &#8220;no se le caer\u00edan los anillos&#8221; por bajar a jugar a la segunda categor\u00eda.&nbsp;<\/p>\n<p>R\u00e1pido de reflejos, la dirigencia acad\u00e9mica levant\u00f3 el tel\u00e9fono. Seg\u00fan inform\u00f3 el periodista Germ\u00e1n Garc\u00eda Grova, el inter\u00e9s es real y busca sumar jerarqu\u00eda para el plantel.<\/p>\n<figure class=\"multimedia\" data-tadevel-template=\"web\/multimedia\" data-type=\"photo\">\n<div class=\"content\">\n<div class=\"sizer\" data-sizer=\"aspect-ratio\" data-tadevel-template=\"web\/aspect-ratio\"><img alt=\"\u00bfCenturi\u00f3n llega a C\u00f3rdoba?: Racing de Nueva Italia va a la carga por el ex Boca\" loading=\"lazy\"><\/div>\n<\/div>\n<\/figure>\n<p><strong>La confirmaci\u00f3n oficial<\/strong><\/p>\n<p>Lejos de esconder las cartas, el presidente del club, <strong>Manuel P\u00e9rez<\/strong>, blanque\u00f3 la negociaci\u00f3n en di\u00e1logo con Cadena 3.<\/p>\n<p><strong>&#8220;Hablamos con el representante y le comentamos que podr\u00eda estar la posibilidad si quer\u00eda jugar el Nacional B. Ya le bajamos la propuesta econ\u00f3mica&#8221;<\/strong>.<\/p>\n<p>El dirigente adelant\u00f3 que las pr\u00f3ximas horas ser\u00e1n claves para definir la llegada del ex Racing y Boca.<\/p>\n<p>&nbsp;<strong>&#8220;Quedamos en charlar mano a mano, seguramente ma\u00f1ana (jueves) hablaremos con Ricky. Ser\u00eda un impacto fuerte para la categor\u00eda. Queremos un salto de calidad y pelear por el ascenso&#8221;<\/strong>.<\/p>\n","protected":false},"excerpt":{"rendered":"<p>Racing de Nueva Italia est\u00e1 decidido a dar la nota en este mercado de pases y apunt\u00f3 a la contrataci\u00f3n del volante Ricardo Centuri\u00f3n. La noticia sali\u00f3 en las \u00faltimas horas luego de que el propio futbolista declarara que &#8220;no se le caer\u00edan los anillos&#8221; por bajar a jugar a la segunda categor\u00eda.&nbsp; R\u00e1pido de [&hellip;]<\/p>\n","protected":false},"author":1,"featured_media":46710,"comment_status":"closed","ping_status":"closed","sticky":false,"template":"","format":"standard","meta":{"om_disable_all_campaigns":false,"_monsterinsights_skip_tracking":false,"_monsterinsights_sitenote_active":false,"_monsterinsights_sitenote_note":"","_monsterinsights_sitenote_category":0},"categories":[18],"tags":[],"aioseo_notices":[],"_links":{"self":[{"href":"https:\/\/economiapoliticacba.com\/index.php?rest_route=\/wp\/v2\/posts\/46709"}],"collection":[{"href":"https:\/\/economiapoliticacba.com\/index.php?rest_route=\/wp\/v2\/posts"}],"about":[{"href":"https:\/\/economiapoliticacba.com\/index.php?rest_route=\/wp\/v2\/types\/post"}],"author":[{"embeddable":true,"href":"https:\/\/economiapoliticacba.com\/index.php?rest_route=\/wp\/v2\/users\/1"}],"replies":[{"embeddable":true,"href":"https:\/\/economiapoliticacba.com\/index.php?rest_route=%2Fwp%2Fv2%2Fcomments&post=46709"}],"version-history":[{"count":0,"href":"https:\/\/economiapoliticacba.com\/index.php?rest_route=\/wp\/v2\/posts\/46709\/revisions"}],"wp:featuredmedia":[{"embeddable":true,"href":"https:\/\/economiapoliticacba.com\/index.php?rest_route=\/wp\/v2\/media\/46710"}],"wp:attachment":[{"href":"https:\/\/economiapoliticacba.com\/index.php?rest_route=%2Fwp%2Fv2%2Fmedia&parent=46709"}],"wp:term":[{"taxonomy":"category","embeddable":true,"href":"https:\/\/economiapoliticacba.com\/index.php?rest_route=%2Fwp%2Fv2%2Fcategories&post=46709"},{"taxonomy":"post_tag","embeddable":true,"href":"https:\/\/economiapoliticacba.com\/index.php?rest_route=%2Fwp%2Fv2%2Ftags&post=46709"}],"curies":[{"name":"wp","href":"https:\/\/api.w.org\/{rel}","templated":true}]}}