{"id":46668,"date":"2026-01-06T23:06:00","date_gmt":"2026-01-06T23:06:00","guid":{"rendered":"http:\/\/695d94132128774661ca7962"},"modified":"2026-01-06T23:06:00","modified_gmt":"2026-01-06T23:06:00","slug":"confirmaron-los-dias-para-el-debut-de-los-siete-cordobeses-en-la-copa-argentina","status":"publish","type":"post","link":"https:\/\/economiapoliticacba.com\/?p=46668","title":{"rendered":"Confirmaron los d\u00edas para el debut de los siete cordobeses en la Copa Argentina"},"content":{"rendered":"<p><img src=\"http:\/\/economiapoliticacba.com\/wp-content\/uploads\/2026\/01\/confirmaron-los-dias-para-el-debut-de-los-siete-cordobeses-en-la-copa-argentina.jpg\"><\/p>\n<p>Si bien la organizaci\u00f3n todav\u00eda mantiene en suspenso las sedes y los horarios definitivos de los encuentros, este martes se oficializ\u00f3 el cronograma de d\u00edas para la fase de 32avos de final de la Copa Argentina. El arranque ser\u00e1 movido en febrero para algunos, mientras que otros tendr\u00e1n m\u00e1s tiempo de preparaci\u00f3n.<\/p>\n<p>Ser\u00e1 una edici\u00f3n especial que contar\u00e1 con una participaci\u00f3n hist\u00f3rica de <strong>siete equipos<\/strong> de la provincia.<\/p>\n<p>As\u00ed qued\u00f3 la agenda para los representantes de C\u00f3rdoba:<\/p>\n<ul>\n<li><strong>Mi\u00e9rcoles 4 de febrero:<\/strong> Talleres pone primera frente a Argentino de Merlo. Ese mismo d\u00eda, Argentino de Monte Ma\u00edz tendr\u00e1 un duelo hist\u00f3rico midi\u00e9ndose ante Platense.<\/li>\n<\/ul>\n<figure class=\"multimedia\" data-tadevel-template=\"web\/multimedia\" data-type=\"photo\">\n<div class=\"content\">\n<div class=\"sizer\" data-sizer=\"aspect-ratio\" data-tadevel-template=\"web\/aspect-ratio\"><img alt=\"Confirmaron los d\u00edas para el debut de los siete cordobeses en la Copa Argentina\" loading=\"lazy\"><\/div>\n<\/div>\n<\/figure>\n<ul>\n<li><strong>Mi\u00e9rcoles 11 de febrero:<\/strong> Ser\u00e1 el turno de Sportivo Belgrano. El Verde de San Francisco afrontar\u00e1 una parada brav\u00edsima contra Rosario Central.<\/li>\n<li><strong>Viernes 27 de marzo:<\/strong> Jornada doble y de alto voltaje. Belgrano debutar\u00e1 contra Atl\u00e9tico de Rafaela, mientras que Atenas de R\u00edo Cuarto buscar\u00e1 el gran batacazo enfrentando nada menos que a Independiente.<\/li>\n<\/ul>\n<figure class=\"multimedia\" data-tadevel-template=\"web\/multimedia\" data-type=\"photo\">\n<div class=\"content\">\n<div class=\"sizer\" data-sizer=\"aspect-ratio\" data-tadevel-template=\"web\/aspect-ratio\"><img alt=\"Confirmaron los d\u00edas para el debut de los siete cordobeses en la Copa Argentina\" loading=\"lazy\"><\/div>\n<\/div>\n<\/figure>\n<ul>\n<li><strong>Mi\u00e9rcoles 1 de abril: <\/strong>Instituto sale a la cancha para jugar su llave frente a Atlanta.<\/li>\n<\/ul>\n<figure class=\"multimedia\" data-tadevel-template=\"web\/multimedia\" data-type=\"photo\">\n<div class=\"content\">\n<div class=\"sizer\" data-sizer=\"aspect-ratio\" data-tadevel-template=\"web\/aspect-ratio\"><img alt=\"Confirmaron los d\u00edas para el debut de los siete cordobeses en la Copa Argentina\" loading=\"lazy\"><\/div>\n<\/div>\n<\/figure>\n<ul>\n<li><strong>Martes 7 de abril: <\/strong>Cierra la n\u00f3mina cordobesa Estudiantes de R\u00edo Cuarto, que tendr\u00e1 un choque con pica de ascenso ante San Mart\u00edn de Tucum\u00e1n.<\/li>\n<\/ul>\n","protected":false},"excerpt":{"rendered":"<p>Si bien la organizaci\u00f3n todav\u00eda mantiene en suspenso las sedes y los horarios definitivos de los encuentros, este martes se oficializ\u00f3 el cronograma de d\u00edas para la fase de 32avos de final de la Copa Argentina. El arranque ser\u00e1 movido en febrero para algunos, mientras que otros tendr\u00e1n m\u00e1s tiempo de preparaci\u00f3n. Ser\u00e1 una edici\u00f3n [&hellip;]<\/p>\n","protected":false},"author":1,"featured_media":46669,"comment_status":"closed","ping_status":"closed","sticky":false,"template":"","format":"standard","meta":{"om_disable_all_campaigns":false,"_monsterinsights_skip_tracking":false,"_monsterinsights_sitenote_active":false,"_monsterinsights_sitenote_note":"","_monsterinsights_sitenote_category":0},"categories":[18],"tags":[],"aioseo_notices":[],"_links":{"self":[{"href":"https:\/\/economiapoliticacba.com\/index.php?rest_route=\/wp\/v2\/posts\/46668"}],"collection":[{"href":"https:\/\/economiapoliticacba.com\/index.php?rest_route=\/wp\/v2\/posts"}],"about":[{"href":"https:\/\/economiapoliticacba.com\/index.php?rest_route=\/wp\/v2\/types\/post"}],"author":[{"embeddable":true,"href":"https:\/\/economiapoliticacba.com\/index.php?rest_route=\/wp\/v2\/users\/1"}],"replies":[{"embeddable":true,"href":"https:\/\/economiapoliticacba.com\/index.php?rest_route=%2Fwp%2Fv2%2Fcomments&post=46668"}],"version-history":[{"count":0,"href":"https:\/\/economiapoliticacba.com\/index.php?rest_route=\/wp\/v2\/posts\/46668\/revisions"}],"wp:featuredmedia":[{"embeddable":true,"href":"https:\/\/economiapoliticacba.com\/index.php?rest_route=\/wp\/v2\/media\/46669"}],"wp:attachment":[{"href":"https:\/\/economiapoliticacba.com\/index.php?rest_route=%2Fwp%2Fv2%2Fmedia&parent=46668"}],"wp:term":[{"taxonomy":"category","embeddable":true,"href":"https:\/\/economiapoliticacba.com\/index.php?rest_route=%2Fwp%2Fv2%2Fcategories&post=46668"},{"taxonomy":"post_tag","embeddable":true,"href":"https:\/\/economiapoliticacba.com\/index.php?rest_route=%2Fwp%2Fv2%2Ftags&post=46668"}],"curies":[{"name":"wp","href":"https:\/\/api.w.org\/{rel}","templated":true}]}}