{"id":46635,"date":"2026-01-06T00:13:14","date_gmt":"2026-01-06T00:13:14","guid":{"rendered":"http:\/\/695c51b52128774661c116f7"},"modified":"2026-01-06T00:13:14","modified_gmt":"2026-01-06T00:13:14","slug":"estas-en-deuda-el-tenso-momento-que-vivio-gabigol-con-los-barras-en-su-regreso-a-santos","status":"publish","type":"post","link":"https:\/\/economiapoliticacba.com\/?p=46635","title":{"rendered":"\u201cEst\u00e1s en deuda\u201d: el tenso momento que vivi\u00f3 Gabigol con los barras en su regreso a Santos"},"content":{"rendered":"<p><img src=\"http:\/\/economiapoliticacba.com\/wp-content\/uploads\/2026\/01\/estas-en-deuda-el-tenso-momento-que-vivio-gabigol-con-los-barras-en-su-regreso-a-santos.jpg\"><\/p>\n<p>Gabigol volvi\u00f3 oficialmente a Santos, el club que lo vio nacer futbol\u00edsticamente, pero su presentaci\u00f3n dist\u00f3 mucho de ser un acto protocolar habitual. En un hecho tan sorpresivo como in\u00e9dito, la barra organizada del Peixe irrumpi\u00f3 en plena conferencia de prensa y le dej\u00f3 un mensaje contundente al delantero brasile\u00f1o, delante de periodistas, dirigentes y cuerpo t\u00e9cnico.<\/p>\n<p>Gabriel Barbosa, ex Flamengo y con \u00faltimo paso por Cruzeiro, ya se entrena bajo las \u00f3rdenes del argentino Juan Pablo Vojvoda y fue presentado como refuerzo estelar para la temporada 2026. Sin embargo, cuando el atacante se dispon\u00eda a posar para las fotos oficiales con la camiseta n\u00famero nueve, un grupo de barrabravas ingres\u00f3 al lugar y tom\u00f3 protagonismo.<\/p>\n<figure class=\"multimedia\" data-tadevel-template=\"web\/multimedia\" data-type=\"photo\">\n<div class=\"content\">\n<div class=\"sizer\" data-sizer=\"aspect-ratio\" data-tadevel-template=\"web\/aspect-ratio\"><img alt=\"\u201cEst\u00e1s en deuda\u201d: el tenso momento que vivi\u00f3 Gabigol con los barras en su regreso a Santos\" loading=\"lazy\"><\/div>\n<\/div>\n<\/figure>\n<p>Los hinchas se acercaron al jugador, le colocaron una gorra y una camiseta identificada con el movimiento \u201cSangue Jovem do Santos\u201d y, mientras lo rodeaban, le dejaron una advertencia sin rodeos: \u201cEst\u00e1s en deuda con nosotros. Vos sab\u00e9s c\u00f3mo son las cosas\u201d. La frase, pronunciada en un tono firme, hizo referencia al flojo presente futbol\u00edstico del delantero, que llega tras una temporada negativa en Cruzeiro, donde casi no sum\u00f3 minutos pese a percibir un salario cercano a los cuatro millones de d\u00f3lares anuales.<\/p>\n<p>El momento gener\u00f3 incomodidad visible en Gabigol, que respondi\u00f3 con gestos de respeto, palme\u00f3 a los hinchas y pos\u00f3 para una foto, incluso siguiendo indicaciones de uno de ellos sobre hacia d\u00f3nde mirar. La situaci\u00f3n llam\u00f3 la atenci\u00f3n por la naturalidad con la que la barra se movi\u00f3 dentro de un evento oficial, sin que hubiera reacci\u00f3n alguna por parte de los dirigentes presentes.<\/p>\n<p>Antes de la interrupci\u00f3n, el delantero hab\u00eda dejado varias definiciones importantes. Sobre su reencuentro con Neymar, recientemente renovado hasta diciembre de 2026, expres\u00f3: \u201cEstoy ac\u00e1 para ayudarlo a estar en plena forma, dentro y fuera del campo. Estamos muy contentos de volver a compartir vestuario\u201d. Adem\u00e1s, valor\u00f3 el proyecto deportivo y el tiempo de trabajo que tendr\u00e1 Vojvoda para consolidar un equipo competitivo.<\/p>\n<p>Gabigol lleg\u00f3 a Santos a pr\u00e9stamo por un a\u00f1o, hasta diciembre de 2026, aunque su v\u00ednculo con Cruzeiro se extiende hasta 2028. Al respecto, agradeci\u00f3 a la dirigencia del club de Belo Horizonte por facilitar su salida y permitirle concretar un regreso que, seg\u00fan admiti\u00f3, deseaba desde hace tiempo.<\/p>\n<figure class=\"multimedia\" data-tadevel-template=\"web\/multimedia\" data-type=\"video\"><figcaption class=\"caption\">\n<div class=\"description\">X de Santos FC<\/div>\n<\/figcaption><\/figure>\n<p>Para Santos, el retorno de Gabriel Barbosa representa una apuesta fuerte tras un 2025 decepcionante. Con la dupla Neymar\u2013Gabigol como bandera, el Peixe buscar\u00e1 pelear en lo m\u00e1s alto del Brasileirao y ser protagonista en la Copa Sudamericana. Sin embargo, la tensa escena vivida en la presentaci\u00f3n dej\u00f3 en claro que, m\u00e1s all\u00e1 del nombre y la jerarqu\u00eda, la exigencia ser\u00e1 inmediata.<\/p>\n<figure class=\"multimedia\" data-tadevel-template=\"web\/multimedia\" data-type=\"photo\">\n<div class=\"content\">\n<div class=\"sizer\" data-sizer=\"aspect-ratio\" data-tadevel-template=\"web\/aspect-ratio\"><img alt=\"\u201cEst\u00e1s en deuda\u201d: el tenso momento que vivi\u00f3 Gabigol con los barras en su regreso a Santos\" loading=\"lazy\"><\/div>\n<\/div>\n<\/figure>\n<p>Ser\u00e1 la tercera etapa de Gabigol en Santos. En su \u00faltimo paso, en 2018, disput\u00f3 35 partidos y convirti\u00f3 27 goles. Hoy, con el Mundial 2026 como horizonte lejano pero posible, el delantero sabe que deber\u00e1 responder r\u00e1pido dentro de la cancha para saldar una deuda que ya le fue recordada, incluso antes de tocar la pelota.<\/p>\n","protected":false},"excerpt":{"rendered":"<p>Gabigol volvi\u00f3 oficialmente a Santos, el club que lo vio nacer futbol\u00edsticamente, pero su presentaci\u00f3n dist\u00f3 mucho de ser un acto protocolar habitual. En un hecho tan sorpresivo como in\u00e9dito, la barra organizada del Peixe irrumpi\u00f3 en plena conferencia de prensa y le dej\u00f3 un mensaje contundente al delantero brasile\u00f1o, delante de periodistas, dirigentes y [&hellip;]<\/p>\n","protected":false},"author":1,"featured_media":46636,"comment_status":"closed","ping_status":"closed","sticky":false,"template":"","format":"standard","meta":{"om_disable_all_campaigns":false,"_monsterinsights_skip_tracking":false,"_monsterinsights_sitenote_active":false,"_monsterinsights_sitenote_note":"","_monsterinsights_sitenote_category":0},"categories":[18],"tags":[],"aioseo_notices":[],"_links":{"self":[{"href":"https:\/\/economiapoliticacba.com\/index.php?rest_route=\/wp\/v2\/posts\/46635"}],"collection":[{"href":"https:\/\/economiapoliticacba.com\/index.php?rest_route=\/wp\/v2\/posts"}],"about":[{"href":"https:\/\/economiapoliticacba.com\/index.php?rest_route=\/wp\/v2\/types\/post"}],"author":[{"embeddable":true,"href":"https:\/\/economiapoliticacba.com\/index.php?rest_route=\/wp\/v2\/users\/1"}],"replies":[{"embeddable":true,"href":"https:\/\/economiapoliticacba.com\/index.php?rest_route=%2Fwp%2Fv2%2Fcomments&post=46635"}],"version-history":[{"count":0,"href":"https:\/\/economiapoliticacba.com\/index.php?rest_route=\/wp\/v2\/posts\/46635\/revisions"}],"wp:featuredmedia":[{"embeddable":true,"href":"https:\/\/economiapoliticacba.com\/index.php?rest_route=\/wp\/v2\/media\/46636"}],"wp:attachment":[{"href":"https:\/\/economiapoliticacba.com\/index.php?rest_route=%2Fwp%2Fv2%2Fmedia&parent=46635"}],"wp:term":[{"taxonomy":"category","embeddable":true,"href":"https:\/\/economiapoliticacba.com\/index.php?rest_route=%2Fwp%2Fv2%2Fcategories&post=46635"},{"taxonomy":"post_tag","embeddable":true,"href":"https:\/\/economiapoliticacba.com\/index.php?rest_route=%2Fwp%2Fv2%2Ftags&post=46635"}],"curies":[{"name":"wp","href":"https:\/\/api.w.org\/{rel}","templated":true}]}}