{"id":46611,"date":"2026-01-04T19:10:00","date_gmt":"2026-01-04T19:10:00","guid":{"rendered":"http:\/\/695ab9472128774661b53ae1"},"modified":"2026-01-04T19:10:00","modified_gmt":"2026-01-04T19:10:00","slug":"dolor-en-el-deporte-cordobes-murio-raul-bellido-un-emblema-de-la-fotografia","status":"publish","type":"post","link":"https:\/\/economiapoliticacba.com\/?p=46611","title":{"rendered":"Dolor en el deporte cordob\u00e9s: muri\u00f3 Ra\u00fal Bellido, un emblema de la fotograf\u00eda"},"content":{"rendered":"<p><img src=\"http:\/\/economiapoliticacba.com\/wp-content\/uploads\/2026\/01\/dolor-en-el-deporte-cordobes-murio-raul-bellido-un-emblema-de-la-fotografia.jpg\"><\/p>\n<p>La muerte de <strong>Ra\u00fal Bellido<\/strong> gener\u00f3 una profunda conmoci\u00f3n en el ambiente del deporte y, muy especialmente, en el automovilismo de C\u00f3rdoba y Argentina.&nbsp;<\/p>\n<p>El hist\u00f3rico fot\u00f3grafo, considerado un verdadero referente del periodismo gr\u00e1fico deportivo, falleci\u00f3 en las \u00faltimas horas. Bellido fue testigo privilegiado de las grandes gestas deportivas de las \u00faltimas d\u00e9cadas.&nbsp;<\/p>\n<figure class=\"multimedia\" data-html data-tadevel-template=\"web\/multimedia\" data-type=\"rich\" data-url=\"https:\/\/www.instagram.com\/luifaartime\/p\/DTF5VeggGi1\/\"><figcaption class=\"caption\">\n<div class=\"description\">Luis Fabian Artime<\/div>\n<\/figcaption><\/figure>\n<p>El presidente de Belgrano record\u00f3 al hist\u00f3rico fot\u00f3grafo: \u201cTe fuiste Campe\u00f3n!!! Gracias por tu amistad incondicional!!! Por estar siempre desde el 92, cuando llegue a Cba, hasta el \u00faltimo d\u00eda!! Se te va a extra\u00f1ar Gordo!!! Seguro el de arriba necesitaba al mejor Fot\u00f3grafo del mundo!! Abrazo de Gol!!!!\u201d.<\/p>\n<figure class=\"multimedia\" data-html data-tadevel-template=\"web\/multimedia\" data-type=\"rich\" data-url=\"https:\/\/twitter.com\/Belgrano\/status\/2007826904531746863\"><figcaption class=\"caption\">\n<div class=\"description\">X de Belgrano<\/div>\n<\/figcaption><\/figure>\n<p>La noticia de su partida desat\u00f3 una ola de mensajes de afecto y reconocimiento. Instituciones, colegas, pilotos y clubes se volcaron a las redes para despedirlo y destacar su trayectoria intachable.&nbsp;<\/p>\n<figure class=\"multimedia\" data-html data-tadevel-template=\"web\/multimedia\" data-type=\"rich\" data-url=\"https:\/\/twitter.com\/DanielBasterra\/status\/2007840916309213629\"><figcaption class=\"caption\">\n<div class=\"description\">X de Daniel Basterra<\/div>\n<\/figcaption><\/figure>\n<p>El deporte cordob\u00e9s pierde a uno de sus ojos m\u00e1s l\u00facidos, pero guarda para siempre el archivo inmenso de su trabajo.<\/p>\n<h3><strong>Galer\u00eda de fotos hist\u00f3ricas de Ra\u00fal Bellido<\/strong><\/h3>\n<figure class=\"multimedia\" data-tadevel-template=\"web\/multimedia\" data-type=\"photo\">\n<div class=\"content\">\n<div class=\"sizer\" data-sizer=\"aspect-ratio\" data-tadevel-template=\"web\/aspect-ratio\"><img alt=\"Jorge Recalde.\" loading=\"lazy\"><\/div>\n<\/div><figcaption class=\"caption\">\n<div class=\"description\">Jorge Recalde.<\/div>\n<div class=\"attribution\">Foto: Ra\u00fal Bellido.<\/div>\n<\/figcaption><\/figure>\n<figure class=\"multimedia\" data-tadevel-template=\"web\/multimedia\" data-type=\"photo\">\n<div class=\"content\">\n<div class=\"sizer\" data-sizer=\"aspect-ratio\" data-tadevel-template=\"web\/aspect-ratio\"><img alt=\"Dolor en el deporte cordob\u00e9s: muri\u00f3 Ra\u00fal Bellido, un emblema de la fotograf\u00eda\" loading=\"lazy\"><\/div>\n<\/div><figcaption class=\"caption\">\n<div class=\"attribution\">Foto: Ra\u00fal Bellido.<\/div>\n<\/figcaption><\/figure>\n<figure class=\"multimedia\" data-tadevel-template=\"web\/multimedia\" data-type=\"photo\">\n<div class=\"content\">\n<div class=\"sizer\" data-sizer=\"aspect-ratio\" data-tadevel-template=\"web\/aspect-ratio\"><img alt=\"Dolor en el deporte cordob\u00e9s: muri\u00f3 Ra\u00fal Bellido, un emblema de la fotograf\u00eda\" loading=\"lazy\"><\/div>\n<\/div><figcaption class=\"caption\">\n<div class=\"attribution\">Foto: Ra\u00fal Bellido.<\/div>\n<\/figcaption><\/figure>\n<figure class=\"multimedia\" data-tadevel-template=\"web\/multimedia\" data-type=\"photo\">\n<div class=\"content\">\n<div class=\"sizer\" data-sizer=\"aspect-ratio\" data-tadevel-template=\"web\/aspect-ratio\"><img alt=\"El \u201cCoyote\u201d Villagra en acci\u00f3n.\" loading=\"lazy\"><\/div>\n<\/div><figcaption class=\"caption\">\n<div class=\"description\">El \u201cCoyote\u201d Villagra en acci\u00f3n.<\/div>\n<div class=\"attribution\">Foto: Ra\u00fal Bellido.<\/div>\n<\/figcaption><\/figure>\n<figure class=\"multimedia\" data-tadevel-template=\"web\/multimedia\" data-type=\"photo\">\n<div class=\"content\">\n<div class=\"sizer\" data-sizer=\"aspect-ratio\" data-tadevel-template=\"web\/aspect-ratio\"><img alt=\"Marcos Ligato en suelo argentino.\" loading=\"lazy\"><\/div>\n<\/div><figcaption class=\"caption\">\n<div class=\"description\">Marcos Ligato en suelo argentino.<\/div>\n<div class=\"attribution\">Foto: Ra\u00fal Bellido.<\/div>\n<\/figcaption><\/figure>\n<figure class=\"multimedia\" data-tadevel-template=\"web\/multimedia\" data-type=\"photo\">\n<div class=\"content\">\n<div class=\"sizer\" data-sizer=\"aspect-ratio\" data-tadevel-template=\"web\/aspect-ratio\"><img alt=\"Gabriel Raies.\" loading=\"lazy\"><\/div>\n<\/div><figcaption class=\"caption\">\n<div class=\"description\">Gabriel Raies.<\/div>\n<div class=\"attribution\">Foto: Ra\u00fal Bellido.<\/div>\n<\/figcaption><\/figure>\n<figure class=\"multimedia\" data-tadevel-template=\"web\/multimedia\" data-type=\"photo\">\n<div class=\"content\">\n<div class=\"sizer\" data-sizer=\"aspect-ratio\" data-tadevel-template=\"web\/aspect-ratio\"><img alt=\"Jorge Recalde.\" loading=\"lazy\"><\/div>\n<\/div><figcaption class=\"caption\">\n<div class=\"description\">Jorge Recalde.<\/div>\n<div class=\"attribution\">Foto: Ra\u00fal Bellido.<\/div>\n<\/figcaption><\/figure>\n","protected":false},"excerpt":{"rendered":"<p>La muerte de Ra\u00fal Bellido gener\u00f3 una profunda conmoci\u00f3n en el ambiente del deporte y, muy especialmente, en el automovilismo de C\u00f3rdoba y Argentina.&nbsp; El hist\u00f3rico fot\u00f3grafo, considerado un verdadero referente del periodismo gr\u00e1fico deportivo, falleci\u00f3 en las \u00faltimas horas. Bellido fue testigo privilegiado de las grandes gestas deportivas de las \u00faltimas d\u00e9cadas.&nbsp; Luis Fabian [&hellip;]<\/p>\n","protected":false},"author":1,"featured_media":46612,"comment_status":"closed","ping_status":"closed","sticky":false,"template":"","format":"standard","meta":{"om_disable_all_campaigns":false,"_monsterinsights_skip_tracking":false,"_monsterinsights_sitenote_active":false,"_monsterinsights_sitenote_note":"","_monsterinsights_sitenote_category":0},"categories":[18],"tags":[],"aioseo_notices":[],"_links":{"self":[{"href":"https:\/\/economiapoliticacba.com\/index.php?rest_route=\/wp\/v2\/posts\/46611"}],"collection":[{"href":"https:\/\/economiapoliticacba.com\/index.php?rest_route=\/wp\/v2\/posts"}],"about":[{"href":"https:\/\/economiapoliticacba.com\/index.php?rest_route=\/wp\/v2\/types\/post"}],"author":[{"embeddable":true,"href":"https:\/\/economiapoliticacba.com\/index.php?rest_route=\/wp\/v2\/users\/1"}],"replies":[{"embeddable":true,"href":"https:\/\/economiapoliticacba.com\/index.php?rest_route=%2Fwp%2Fv2%2Fcomments&post=46611"}],"version-history":[{"count":0,"href":"https:\/\/economiapoliticacba.com\/index.php?rest_route=\/wp\/v2\/posts\/46611\/revisions"}],"wp:featuredmedia":[{"embeddable":true,"href":"https:\/\/economiapoliticacba.com\/index.php?rest_route=\/wp\/v2\/media\/46612"}],"wp:attachment":[{"href":"https:\/\/economiapoliticacba.com\/index.php?rest_route=%2Fwp%2Fv2%2Fmedia&parent=46611"}],"wp:term":[{"taxonomy":"category","embeddable":true,"href":"https:\/\/economiapoliticacba.com\/index.php?rest_route=%2Fwp%2Fv2%2Fcategories&post=46611"},{"taxonomy":"post_tag","embeddable":true,"href":"https:\/\/economiapoliticacba.com\/index.php?rest_route=%2Fwp%2Fv2%2Ftags&post=46611"}],"curies":[{"name":"wp","href":"https:\/\/api.w.org\/{rel}","templated":true}]}}