{"id":46588,"date":"2026-01-03T22:16:31","date_gmt":"2026-01-03T22:16:31","guid":{"rendered":"http:\/\/695993472128774661a3ba26"},"modified":"2026-01-03T22:16:31","modified_gmt":"2026-01-03T22:16:31","slug":"argentina-ya-eligio-al-mejor-auto-del-ano","status":"publish","type":"post","link":"https:\/\/economiapoliticacba.com\/?p=46588","title":{"rendered":"Argentina ya eligi\u00f3 al mejor auto del a\u00f1o"},"content":{"rendered":"<p><img src=\"http:\/\/economiapoliticacba.com\/wp-content\/uploads\/2026\/01\/argentina-ya-eligio-al-mejor-auto-del-ano.jpg\"><\/p>\n<p>El mercado automotor argentino ya tiene a su gran protagonista del a\u00f1o. En una definici\u00f3n ajustada y con fuerte presencia de modelos de diversas categor\u00edas, el Volkswagen Tera fue elegido <strong>Auto del A\u00f1o 2026<\/strong>, el galard\u00f3n que cada temporada distingue al veh\u00edculo m\u00e1s destacado entre los lanzamientos recientes del pa\u00eds.<\/p>\n<figure class=\"multimedia\" data-tadevel-template=\"web\/multimedia\" data-type=\"photo\">\n<div class=\"content\">\n<div class=\"sizer\" data-sizer=\"aspect-ratio\" data-tadevel-template=\"web\/aspect-ratio\"><img alt=\"Argentina ya eligi\u00f3 al mejor auto del a\u00f1o\" loading=\"lazy\"><\/div>\n<\/div>\n<\/figure>\n<p>La elecci\u00f3n estuvo a cargo de <strong>Grupo Premia<\/strong>, un jurado integrado por periodistas especializados de la industria, que por sexto a\u00f1o consecutivo evalu\u00f3 los modelos debutantes en el mercado local. El Tera, presentado en 2025 y se\u00f1alado por la propia marca como uno de sus proyectos estrat\u00e9gicos a futuro, logr\u00f3 imponerse por sobre otros seis finalistas y se convirti\u00f3 en el segundo crossover compacto en ganar el premio, luego del Renault Kardian en la edici\u00f3n anterior.<\/p>\n<figure class=\"multimedia\" data-tadevel-template=\"web\/multimedia\" data-type=\"photo\">\n<div class=\"content\">\n<div class=\"sizer\" data-sizer=\"aspect-ratio\" data-tadevel-template=\"web\/aspect-ratio\"><img alt=\"Argentina ya eligi\u00f3 al mejor auto del a\u00f1o\" loading=\"lazy\"><\/div>\n<\/div>\n<\/figure>\n<p>Con este reconocimiento, Volkswagen suma un nuevo hito en la historia del premio y consolida la presencia de modelos importados entre los ganadores recientes, una lista que tambi\u00e9n integran el Ford Maverick y el propio Kardian, junto a producciones nacionales como Ranger, Taos y Peugeot 208.<\/p>\n<h4><strong>Una votaci\u00f3n pareja y un ganador por margen reducido<\/strong><\/h4>\n<p>La definici\u00f3n fue ajustada. El Tera acumul\u00f3 <strong>51 puntos<\/strong>, suficiente para quedarse con el primer puesto, pero con competidores que se mantuvieron muy cerca en la consideraci\u00f3n del jurado. El <strong>Kia K3<\/strong> finaliz\u00f3 segundo, mientras que el <strong>Renault Koleos<\/strong> complet\u00f3 el podio.<\/p>\n<figure class=\"multimedia\" data-tadevel-template=\"web\/multimedia\" data-type=\"photo\">\n<div class=\"content\">\n<div class=\"sizer\" data-sizer=\"aspect-ratio\" data-tadevel-template=\"web\/aspect-ratio\"><img alt=\"Argentina ya eligi\u00f3 al mejor auto del a\u00f1o\" loading=\"lazy\"><\/div>\n<\/div>\n<\/figure>\n<p>El sistema de votaci\u00f3n contempla que cada jurado disponga de 25 puntos para repartir entre los siete finalistas, con un m\u00e1ximo de 10 puntos por modelo y la obligaci\u00f3n de asignar al menos una unidad a cada candidato. Este mecanismo busca reflejar el equilibrio entre dise\u00f1o, tecnolog\u00eda, precio, propuesta comercial y proyecci\u00f3n de mercado.<\/p>\n<figure class=\"multimedia\" data-tadevel-template=\"web\/multimedia\" data-type=\"photo\">\n<div class=\"content\">\n<div class=\"sizer\" data-sizer=\"aspect-ratio\" data-tadevel-template=\"web\/aspect-ratio\"><img alt=\"Argentina ya eligi\u00f3 al mejor auto del a\u00f1o\" loading=\"lazy\"><\/div>\n<\/div>\n<\/figure>\n<h5><strong>\ud83d\udcca Puntaje final \u2013 Auto del A\u00f1o Argentina 2026<\/strong><\/h5>\n<figure class=\"table\">\n<table>\n<tbody>\n<tr>\n<td><strong>Modelo<\/strong><\/td>\n<td><strong>Puntos<\/strong><\/p>\n<tr>\n<td>Volkswagen Tera<\/td>\n<td>51<\/p>\n<tr>\n<td>Kia K3<\/td>\n<td>39<\/p>\n<tr>\n<td>Renault Koleos<\/td>\n<td>32<\/p>\n<tr>\n<td>Fiat Titano<\/td>\n<td>27<\/p>\n<tr>\n<td>Nissan Kicks<\/td>\n<td>27<\/p>\n<tr>\n<td>Ford Everest<\/td>\n<td>26<\/p>\n<tr>\n<td>BAIC BJ30<\/td>\n<td>23<\/td>\n<\/tr>\n<\/td>\n<\/tr>\n<\/td>\n<\/tr>\n<\/td>\n<\/tr>\n<\/td>\n<\/tr>\n<\/td>\n<\/tr>\n<\/td>\n<\/tr>\n<\/td>\n<\/tr>\n<\/tbody>\n<\/table>\n<\/figure>\n<h4><strong>Qu\u00e9 se evalu\u00f3 y qui\u00e9nes participaron<\/strong><\/h4>\n<p>Solo pudieron competir los veh\u00edculos <strong>lanzados en Argentina entre el 1\u00b0 de enero y el 31 de diciembre de 2025<\/strong>, siempre que se tratara de modelos completamente nuevos, sin incluir restylings o actualizaciones. Adem\u00e1s de los siete finalistas, participaron decenas de modelos que quedaron en instancias previas, entre ellos propuestas de marcas premium, pickups, SUVs y autos el\u00e9ctricos.<\/p>\n<p>El jurado estuvo compuesto por referentes del periodismo automotor nacional, con la participaci\u00f3n de medios gr\u00e1ficos, digitales y televisivos, lo que le da al premio un car\u00e1cter plural y representativo del sector.<\/p>\n<h4><strong>El perfil del modelo ganador<\/strong><\/h4>\n<p>El <strong>Volkswagen Tera<\/strong> se posiciona como el veh\u00edculo m\u00e1s accesible de la marca en el mercado argentino, con una gama de cuatro versiones que se superpone en precio con el Polo. Su est\u00e9tica combina rasgos de SUV y crossover, con protecciones pl\u00e1sticas, mayor despeje visual y una silueta cercana a la del Nivus, aunque sin el remate tipo fastback.<\/p>\n<figure class=\"multimedia\" data-tadevel-template=\"web\/multimedia\" data-type=\"photo\">\n<div class=\"content\">\n<div class=\"sizer\" data-sizer=\"aspect-ratio\" data-tadevel-template=\"web\/aspect-ratio\"><img alt=\"Argentina ya eligi\u00f3 al mejor auto del a\u00f1o\" loading=\"lazy\"><\/div>\n<\/div>\n<\/figure>\n<p>En cuanto a la mec\u00e1nica, ofrece dos alternativas: un motor <strong>1.6 de 110 CV<\/strong> y un <strong>1.0 turbo de 101 CV<\/strong>, ambos asociados a cajas manuales de cinco marchas o autom\u00e1ticas de seis. Las versiones m\u00e1s completas incorporan sistemas de asistencia a la conducci\u00f3n y conectividad avanzada, que permite monitorear funciones del veh\u00edculo desde una aplicaci\u00f3n m\u00f3vil.<\/p>\n<figure class=\"multimedia\" data-tadevel-template=\"web\/multimedia\" data-type=\"photo\">\n<div class=\"content\">\n<div class=\"sizer\" data-sizer=\"aspect-ratio\" data-tadevel-template=\"web\/aspect-ratio\"><img alt=\"Argentina ya eligi\u00f3 al mejor auto del a\u00f1o\" loading=\"lazy\"><\/div>\n<\/div>\n<\/figure>\n<p>Con <strong>4,15 metros de largo<\/strong>, <strong>2,75 metros de distancia entre ejes<\/strong> y un ba\u00fal de <strong>350 litros<\/strong>, el Tera apunta a un uso familiar y urbano, con una propuesta que combina dise\u00f1o, equipamiento y costo contenido. Su r\u00e1pido impacto comercial qued\u00f3 reflejado en Brasil, donde registr\u00f3 miles de pedidos en pocas horas tras su lanzamiento.<\/p>\n<figure class=\"multimedia\" data-tadevel-template=\"web\/multimedia\" data-type=\"photo\">\n<div class=\"content\">\n<div class=\"sizer\" data-sizer=\"aspect-ratio\" data-tadevel-template=\"web\/aspect-ratio\"><img alt=\"Argentina ya eligi\u00f3 al mejor auto del a\u00f1o\" loading=\"lazy\"><\/div>\n<\/div>\n<\/figure>\n<p>La elecci\u00f3n como Auto del A\u00f1o 2026 refuerza esa apuesta y lo posiciona como uno de los modelos llamados a marcar tendencia en el mercado regional durante los pr\u00f3ximos a\u00f1os.<\/p>\n","protected":false},"excerpt":{"rendered":"<p>El mercado automotor argentino ya tiene a su gran protagonista del a\u00f1o. En una definici\u00f3n ajustada y con fuerte presencia de modelos de diversas categor\u00edas, el Volkswagen Tera fue elegido Auto del A\u00f1o 2026, el galard\u00f3n que cada temporada distingue al veh\u00edculo m\u00e1s destacado entre los lanzamientos recientes del pa\u00eds. La elecci\u00f3n estuvo a cargo [&hellip;]<\/p>\n","protected":false},"author":1,"featured_media":46589,"comment_status":"closed","ping_status":"closed","sticky":false,"template":"","format":"standard","meta":{"om_disable_all_campaigns":false,"_monsterinsights_skip_tracking":false,"_monsterinsights_sitenote_active":false,"_monsterinsights_sitenote_note":"","_monsterinsights_sitenote_category":0},"categories":[18],"tags":[],"aioseo_notices":[],"_links":{"self":[{"href":"https:\/\/economiapoliticacba.com\/index.php?rest_route=\/wp\/v2\/posts\/46588"}],"collection":[{"href":"https:\/\/economiapoliticacba.com\/index.php?rest_route=\/wp\/v2\/posts"}],"about":[{"href":"https:\/\/economiapoliticacba.com\/index.php?rest_route=\/wp\/v2\/types\/post"}],"author":[{"embeddable":true,"href":"https:\/\/economiapoliticacba.com\/index.php?rest_route=\/wp\/v2\/users\/1"}],"replies":[{"embeddable":true,"href":"https:\/\/economiapoliticacba.com\/index.php?rest_route=%2Fwp%2Fv2%2Fcomments&post=46588"}],"version-history":[{"count":0,"href":"https:\/\/economiapoliticacba.com\/index.php?rest_route=\/wp\/v2\/posts\/46588\/revisions"}],"wp:featuredmedia":[{"embeddable":true,"href":"https:\/\/economiapoliticacba.com\/index.php?rest_route=\/wp\/v2\/media\/46589"}],"wp:attachment":[{"href":"https:\/\/economiapoliticacba.com\/index.php?rest_route=%2Fwp%2Fv2%2Fmedia&parent=46588"}],"wp:term":[{"taxonomy":"category","embeddable":true,"href":"https:\/\/economiapoliticacba.com\/index.php?rest_route=%2Fwp%2Fv2%2Fcategories&post=46588"},{"taxonomy":"post_tag","embeddable":true,"href":"https:\/\/economiapoliticacba.com\/index.php?rest_route=%2Fwp%2Fv2%2Ftags&post=46588"}],"curies":[{"name":"wp","href":"https:\/\/api.w.org\/{rel}","templated":true}]}}