{"id":46586,"date":"2026-01-03T22:58:02","date_gmt":"2026-01-03T22:58:02","guid":{"rendered":"http:\/\/69599ce62128774661a4a8ff"},"modified":"2026-01-03T22:58:02","modified_gmt":"2026-01-03T22:58:02","slug":"pre-cosquin-2026-comienza-este-sabado-3-de-enero-con-mas-de-60-sedes-en-todo-el-pais","status":"publish","type":"post","link":"https:\/\/economiapoliticacba.com\/?p=46586","title":{"rendered":"Pre-Cosqu\u00edn 2026 comienza este s\u00e1bado 3 de enero con m\u00e1s de 60 sedes en todo el pa\u00eds"},"content":{"rendered":"<p><img src=\"http:\/\/economiapoliticacba.com\/wp-content\/uploads\/2026\/01\/pre-cosquin-2026-comienza-este-sabado-3-de-enero-con-mas-de-60-sedes-en-todo-el-pais.jpg\"><\/p>\n<p>El Festival Nacional de Folclore de Cosqu\u00edn, reconocido como el \u201cMayor Festival de Am\u00e9rica\u201d, ya comienza a palpitar su 66.\u00aa edici\u00f3n, que se desarrollar\u00e1 del 24 de enero al 1 de febrero de 2026 en la tradicional Plaza Pr\u00f3spero Molina. Como antesala imprescindible, desde el 3 de enero se pone en marcha el Pre-Cosqu\u00edn 2026, el hist\u00f3rico certamen destinado a descubrir y proyectar a los nuevos valores del folclore argentino.<\/p>\n<p>El intendente de Cosqu\u00edn, Ra\u00fal Cardinali, remarc\u00f3 el fortalecimiento organizativo del Pre-Cosqu\u00edn, que este a\u00f1o contar\u00e1 con m\u00e1s de 60 sedes distribuidas en todo el pa\u00eds. La competencia ser\u00e1 evaluada por un jurado de reconocida trayectoria, integrado por Silvia Lallana, Marcelo del R\u00edo, Joel Tortul, Vidal Barbosa, Juan Pelletier y Fernando Rodr\u00edguez, responsables de calificar las distintas categor\u00edas de canto y danza.<\/p>\n<p>\u201cCreemos que hay que darles todas las posibilidades y cumplir las expectativas para que el futuro recambio del folclore argentino est\u00e9 basado en este sector\u201d, expres\u00f3 Cardinali a un medio capitalino, subrayando el compromiso del festival con los artistas emergentes. En este sentido, la edici\u00f3n 2026 llega acompa\u00f1ada de importantes mejoras en materia de accesibilidad, entre ellas la reciente inauguraci\u00f3n de la autov\u00eda, que facilita el arribo de visitantes desde C\u00f3rdoba capital y otras provincias.<\/p>\n<p>Entre las novedades del festival principal se destaca la incorporaci\u00f3n de una terraza gastron\u00f3mica, un espacio elevado con vista privilegiada al escenario, mesas asignadas, gastronom\u00eda premium y bebidas incluidas. Este sector, pensado para quienes buscan mayor comodidad, tendr\u00e1 un valor estimado de entre 200 y 250 mil pesos por noche. Desde la organizaci\u00f3n aclararon que no se trata de una propuesta exclusiva, sino de una opci\u00f3n para quienes prefieren disfrutar del espect\u00e1culo sentados y con mayores servicios, sin perder el esp\u00edritu popular del festival.<\/p>\n<p>En cuanto a la venta de entradas, las noches m\u00e1s requeridas son la \u00faltima luna, con la actuaci\u00f3n de Jorge Rojas, que encabeza la demanda tras su reciente y exitosa incursi\u00f3n en el g\u00e9nero, y la pen\u00faltima, protagonizada por Soledad Pastorutti, quien celebrar\u00e1 sus 30 a\u00f1os de trayectoria con invitados especiales a\u00fan por anunciar.<\/p>\n<p>\u201cSe viene un Cosqu\u00edn de lujo. Prep\u00e1rense, que lo estamos esperando\u201d, adelantaron desde la Comisi\u00f3n Municipal de Folklore, anticipando nueve lunas cargadas de tradici\u00f3n, renovaci\u00f3n y grandes figuras de la m\u00fasica popular.<\/p>\n<p>El cronograma del Pre-Cosqu\u00edn prev\u00e9 rondas clasificatorias del 3 al 16 de enero, las finales los d\u00edas 17 y 18, y una gala de ganadores el 19. De este modo, Cosqu\u00edn vuelve a convocar a artistas y p\u00fablico de todo el pa\u00eds para celebrar, una vez m\u00e1s, lo mejor de nuestra identidad cultural.<\/p>\n<figure class=\"multimedia\" data-tadevel-template=\"web\/multimedia\" data-type=\"photo\">\n<div class=\"content\">\n<div class=\"sizer\" data-sizer=\"aspect-ratio\" data-tadevel-template=\"web\/aspect-ratio\"><img alt=\"Desde el 3 al 16 de enero participan representantes de las sedes de todo el pa\u00eds (Foto: logo del evento)\" loading=\"lazy\"><\/div>\n<\/div><figcaption class=\"caption\">\n<div class=\"description\">Desde el 3 al 16 de enero participan representantes de las sedes de todo el pa\u00eds (Foto: logo del evento)<\/div>\n<\/figcaption><\/figure>\n","protected":false},"excerpt":{"rendered":"<p>El Festival Nacional de Folclore de Cosqu\u00edn, reconocido como el \u201cMayor Festival de Am\u00e9rica\u201d, ya comienza a palpitar su 66.\u00aa edici\u00f3n, que se desarrollar\u00e1 del 24 de enero al 1 de febrero de 2026 en la tradicional Plaza Pr\u00f3spero Molina. Como antesala imprescindible, desde el 3 de enero se pone en marcha el Pre-Cosqu\u00edn 2026, [&hellip;]<\/p>\n","protected":false},"author":1,"featured_media":46587,"comment_status":"closed","ping_status":"closed","sticky":false,"template":"","format":"standard","meta":{"om_disable_all_campaigns":false,"_monsterinsights_skip_tracking":false,"_monsterinsights_sitenote_active":false,"_monsterinsights_sitenote_note":"","_monsterinsights_sitenote_category":0},"categories":[18],"tags":[],"aioseo_notices":[],"_links":{"self":[{"href":"https:\/\/economiapoliticacba.com\/index.php?rest_route=\/wp\/v2\/posts\/46586"}],"collection":[{"href":"https:\/\/economiapoliticacba.com\/index.php?rest_route=\/wp\/v2\/posts"}],"about":[{"href":"https:\/\/economiapoliticacba.com\/index.php?rest_route=\/wp\/v2\/types\/post"}],"author":[{"embeddable":true,"href":"https:\/\/economiapoliticacba.com\/index.php?rest_route=\/wp\/v2\/users\/1"}],"replies":[{"embeddable":true,"href":"https:\/\/economiapoliticacba.com\/index.php?rest_route=%2Fwp%2Fv2%2Fcomments&post=46586"}],"version-history":[{"count":0,"href":"https:\/\/economiapoliticacba.com\/index.php?rest_route=\/wp\/v2\/posts\/46586\/revisions"}],"wp:featuredmedia":[{"embeddable":true,"href":"https:\/\/economiapoliticacba.com\/index.php?rest_route=\/wp\/v2\/media\/46587"}],"wp:attachment":[{"href":"https:\/\/economiapoliticacba.com\/index.php?rest_route=%2Fwp%2Fv2%2Fmedia&parent=46586"}],"wp:term":[{"taxonomy":"category","embeddable":true,"href":"https:\/\/economiapoliticacba.com\/index.php?rest_route=%2Fwp%2Fv2%2Fcategories&post=46586"},{"taxonomy":"post_tag","embeddable":true,"href":"https:\/\/economiapoliticacba.com\/index.php?rest_route=%2Fwp%2Fv2%2Ftags&post=46586"}],"curies":[{"name":"wp","href":"https:\/\/api.w.org\/{rel}","templated":true}]}}