{"id":46575,"date":"2026-01-02T12:34:53","date_gmt":"2026-01-02T12:34:53","guid":{"rendered":"https:\/\/camcomcba.com.ar\/?p=18741"},"modified":"2026-01-02T12:34:53","modified_gmt":"2026-01-02T12:34:53","slug":"fernando-faraco-es-el-nuevo-director-ejecutivo-de-la-camara-de-comercio-de-cordoba","status":"publish","type":"post","link":"https:\/\/economiapoliticacba.com\/?p=46575","title":{"rendered":"Fernando Faraco es el nuevo Director Ejecutivo de la C\u00e1mara de Comercio de C\u00f3rdoba"},"content":{"rendered":"<p><img loading=\"lazy\" width=\"1280\" height=\"720\" src=\"http:\/\/economiapoliticacba.com\/wp-content\/uploads\/2026\/01\/fernando-faraco-es-el-nuevo-director-ejecutivo-de-la-camara-de-comercio-de-cordoba.png\" class=\"imgres wp-post-image\" alt decoding=\"async\" fetchpriority=\"high\" srcset=\"http:\/\/economiapoliticacba.com\/wp-content\/uploads\/2026\/01\/fernando-faraco-es-el-nuevo-director-ejecutivo-de-la-camara-de-comercio-de-cordoba.png 1280w, http:\/\/economiapoliticacba.com\/wp-content\/uploads\/2026\/01\/fernando-faraco-es-el-nuevo-director-ejecutivo-de-la-camara-de-comercio-de-cordoba-1.png 640w, http:\/\/economiapoliticacba.com\/wp-content\/uploads\/2026\/01\/fernando-faraco-es-el-nuevo-director-ejecutivo-de-la-camara-de-comercio-de-cordoba-2.png 320w, http:\/\/economiapoliticacba.com\/wp-content\/uploads\/2026\/01\/fernando-faraco-es-el-nuevo-director-ejecutivo-de-la-camara-de-comercio-de-cordoba-3.png 768w, http:\/\/economiapoliticacba.com\/wp-content\/uploads\/2026\/01\/fernando-faraco-es-el-nuevo-director-ejecutivo-de-la-camara-de-comercio-de-cordoba-4.png 1536w, http:\/\/economiapoliticacba.com\/wp-content\/uploads\/2026\/01\/fernando-faraco-es-el-nuevo-director-ejecutivo-de-la-camara-de-comercio-de-cordoba-5.png 1920w\" sizes=\"(max-width: 1280px) 100vw, 1280px\"><small class=\"text-right\">02\/01\/2026<\/small> <\/p>\n<hr>\n<p><small><span class=\"badge\"><a href=\"https:\/\/camcomcba.com.ar\/tag\/novedades-institucionales\/\" rel=\"tag\">Novedades Institucionales<\/a><\/span><\/small><\/p>\n<hr>\n<p><span>La<\/span><b> C\u00e1mara de Comercio de C\u00f3rdoba<\/b><span> informa la designaci\u00f3n de<\/span><b> Fernando Faraco <\/b><span>como nuevo <\/span><b>director ejecutivo de la entidad<\/b><span>, en sustituci\u00f3n de Carlota Greco, quien concluye su gesti\u00f3n.<\/span><\/p>\n<p><span>Faraco asume la direcci\u00f3n ejecutiva con una agenda centrada en fortalecer la participaci\u00f3n comercial, consolidar el rol institucional de la C\u00e1mara y transformar las demandas del sector en soluciones concretas, en un contexto marcado por la transformaci\u00f3n del comercio y los servicios, la incertidumbre econ\u00f3mica y los desaf\u00edos globales.<\/span><\/p>\n<h3><span>\u201c<\/span><span>La nueva hoja de ruta pondr\u00e1 \u00e9nfasis en la eficiencia, la participaci\u00f3n, el consenso, la generaci\u00f3n de propuestas estrat\u00e9gicas y viables, la creaci\u00f3n de nuevos beneficios y el impulso a la innovaci\u00f3n tecnol\u00f3gica y territorial\u201d, expres\u00f3 Fernando.<\/span><\/h3>\n<p><span>Con esta designaci\u00f3n, la&nbsp; entidad inicia una nueva etapa institucional, reafirmando su compromiso con el desarrollo y la competitividad del sector comercial y de servicios.<\/span><\/p>\n<hr>\n","protected":false},"excerpt":{"rendered":"<p>02\/01\/2026 Novedades Institucionales La C\u00e1mara de Comercio de C\u00f3rdoba informa la designaci\u00f3n de Fernando Faraco como nuevo director ejecutivo de la entidad, en sustituci\u00f3n de Carlota Greco, quien concluye su gesti\u00f3n. Faraco asume la direcci\u00f3n ejecutiva con una agenda centrada en fortalecer la participaci\u00f3n comercial, consolidar el rol institucional de la C\u00e1mara y transformar las [&hellip;]<\/p>\n","protected":false},"author":1,"featured_media":46576,"comment_status":"closed","ping_status":"closed","sticky":false,"template":"","format":"standard","meta":{"om_disable_all_campaigns":false,"_monsterinsights_skip_tracking":false,"_monsterinsights_sitenote_active":false,"_monsterinsights_sitenote_note":"","_monsterinsights_sitenote_category":0},"categories":[17,19],"tags":[],"aioseo_notices":[],"_links":{"self":[{"href":"https:\/\/economiapoliticacba.com\/index.php?rest_route=\/wp\/v2\/posts\/46575"}],"collection":[{"href":"https:\/\/economiapoliticacba.com\/index.php?rest_route=\/wp\/v2\/posts"}],"about":[{"href":"https:\/\/economiapoliticacba.com\/index.php?rest_route=\/wp\/v2\/types\/post"}],"author":[{"embeddable":true,"href":"https:\/\/economiapoliticacba.com\/index.php?rest_route=\/wp\/v2\/users\/1"}],"replies":[{"embeddable":true,"href":"https:\/\/economiapoliticacba.com\/index.php?rest_route=%2Fwp%2Fv2%2Fcomments&post=46575"}],"version-history":[{"count":0,"href":"https:\/\/economiapoliticacba.com\/index.php?rest_route=\/wp\/v2\/posts\/46575\/revisions"}],"wp:featuredmedia":[{"embeddable":true,"href":"https:\/\/economiapoliticacba.com\/index.php?rest_route=\/wp\/v2\/media\/46576"}],"wp:attachment":[{"href":"https:\/\/economiapoliticacba.com\/index.php?rest_route=%2Fwp%2Fv2%2Fmedia&parent=46575"}],"wp:term":[{"taxonomy":"category","embeddable":true,"href":"https:\/\/economiapoliticacba.com\/index.php?rest_route=%2Fwp%2Fv2%2Fcategories&post=46575"},{"taxonomy":"post_tag","embeddable":true,"href":"https:\/\/economiapoliticacba.com\/index.php?rest_route=%2Fwp%2Fv2%2Ftags&post=46575"}],"curies":[{"name":"wp","href":"https:\/\/api.w.org\/{rel}","templated":true}]}}