{"id":46527,"date":"2026-01-02T01:38:53","date_gmt":"2026-01-02T01:38:53","guid":{"rendered":"http:\/\/69571f912128774661856fe5"},"modified":"2026-01-02T01:38:53","modified_gmt":"2026-01-02T01:38:53","slug":"guinness-valida-a-rio-como-la-mayor-fiesta-de-ano-nuevo-tras-reunir-a-mas-de-5-millones-de-personas","status":"publish","type":"post","link":"https:\/\/economiapoliticacba.com\/?p=46527","title":{"rendered":"Guinness valida a R\u00edo como la mayor fiesta de A\u00f1o Nuevo tras reunir a m\u00e1s de 5 millones de personas"},"content":{"rendered":"<p><img src=\"http:\/\/economiapoliticacba.com\/wp-content\/uploads\/2026\/01\/guinness-valida-a-rio-como-la-mayor-fiesta-de-ano-nuevo-tras-reunir-a-mas-de-5-millones-de-personas.jpg\"><\/p>\n<p>R\u00edo de Janeiro volvi\u00f3 a hacer historia en el <strong>inicio del a\u00f1o 2026<\/strong> al consolidar su tradicional celebraci\u00f3n de A\u00f1o Nuevo como <strong>la mayor fiesta de fin de a\u00f1o del mundo<\/strong>. La ciudad brasile\u00f1a reuni\u00f3 <strong>m\u00e1s de 5,1 millones de personas<\/strong> entre locales y turistas durante las festividades, un n\u00famero que le permiti\u00f3 renovar su t\u00edtulo y romper su propio r\u00e9cord hist\u00f3rico.<\/p>\n<p><strong>Un evento monumental<\/strong><\/p>\n<p>El epicentro de la celebraci\u00f3n fue la ic\u00f3nica <strong>playa de Copacabana<\/strong>, donde <strong>aproximadamente 2,6 millones de personas<\/strong> se congregaron para vivir la llegada del nuevo a\u00f1o con un impresionante show de fuegos artificiales y espect\u00e1culos musicales frente al mar.<\/p>\n<p>La fiesta fue oficialmente reconocida por el <strong>Guinness World Records<\/strong>, que le otorg\u00f3 a la ciudad el t\u00edtulo de <i>\u201cla mayor fiesta de A\u00f1o Nuevo del planeta\u201d<\/i> no solo por la multitud presente, sino tambi\u00e9n por la magnitud y diversidad de su programaci\u00f3n cultural.<\/p>\n<p><strong>Fuegos artificiales, drones y espect\u00e1culo visual<\/strong><\/p>\n<p>La puesta en escena fue espectacular:<\/p>\n<ul>\n<li>12 minutos de fuegos artificiales, lanzados desde 19 balsas situadas frente a la playa, casi el doble de embarcaciones comparado con la edici\u00f3n anterior.<\/li>\n<li>Un show a\u00e9reo con 1.200 drones que formaron figuras ic\u00f3nicas de R\u00edo, como el Cristo Redentor y el Pan de Az\u00facar, marcando uno de los despliegues tecnol\u00f3gicos m\u00e1s grandes en eventos latinos de este tipo.<\/li>\n<\/ul>\n<figure class=\"multimedia\" data-tadevel-template=\"web\/multimedia\" data-type=\"photo\">\n<div class=\"content\">\n<div class=\"sizer\" data-sizer=\"aspect-ratio\" data-tadevel-template=\"web\/aspect-ratio\"><img alt=\"Un despliegue impactante desde las playas (Foto: redes)\" loading=\"lazy\"><\/div>\n<\/div><figcaption class=\"caption\">\n<div class=\"description\">Un despliegue impactante desde las playas (Foto: redes)<\/div>\n<\/figcaption><\/figure>\n<p><strong>M\u00fasica en todos los rincones: 13 escenarios vibrantes<\/strong><\/p>\n<p>La celebraci\u00f3n no se limit\u00f3 a una sola zona: por toda la ciudad se instalaron <strong>13 escenarios musicales<\/strong>, con una diversidad cultural que abarc\u00f3 g\u00e9neros y p\u00fablicos distintos.<\/p>\n<p>Entre los espect\u00e1culos y artistas destacados se incluyeron:<\/p>\n<ul>\n<li>Gilberto Gil y Ney Matogrosso \u2014 \u00edconos de la M\u00fasica Popular Brasile\u00f1a (MPB).<\/li>\n<li>Artistas emblem\u00e1ticos de samba, como Belo, Alcione, Roberta S\u00e1, Mart&#8217;n\u00e1lia y Diogo Nogueira.<\/li>\n<li>DJ Alok, representando la escena de m\u00fasica electr\u00f3nica.<\/li>\n<li>Un escenario completamente dedicado al g\u00f3spel, ampliando la oferta musical del evento.<\/li>\n<li>La fiesta culmin\u00f3 con la potente actuaci\u00f3n de la bater\u00eda de la escola de samba Beija-Flor, cuya percusi\u00f3n mantuvo a miles vibrando hasta la madrugada siguiente.<\/li>\n<\/ul>\n<p><strong>M\u00e1s que una fiesta: tradici\u00f3n, cultura y comunidad<\/strong><\/p>\n<p>Adem\u00e1s de la m\u00fasica y los espect\u00e1culos visuales, miles de asistentes siguieron la tradici\u00f3n de vestirse de blanco y participar en rituales culturales, como ofrendas a <strong>Yemay\u00e1<\/strong>, destacando la mezcla de celebraci\u00f3n popular, m\u00fasica y ra\u00edces religiosas presentes en R\u00edo de Janeiro.<\/p>\n<p>En s\u00edntesis, el <i>R\u00e9veillon 2026<\/i> de R\u00edo de Janeiro no solo bati\u00f3 r\u00e9cords de asistencia, sino que tambi\u00e9n ofreci\u00f3 una <strong>programaci\u00f3n musical variada y de alto nivel<\/strong>, que fusion\u00f3 tradici\u00f3n y modernidad para dar la bienvenida al nuevo a\u00f1o en uno de los escenarios m\u00e1s emblem\u00e1ticos del mundo.<\/p>\n","protected":false},"excerpt":{"rendered":"<p>R\u00edo de Janeiro volvi\u00f3 a hacer historia en el inicio del a\u00f1o 2026 al consolidar su tradicional celebraci\u00f3n de A\u00f1o Nuevo como la mayor fiesta de fin de a\u00f1o del mundo. La ciudad brasile\u00f1a reuni\u00f3 m\u00e1s de 5,1 millones de personas entre locales y turistas durante las festividades, un n\u00famero que le permiti\u00f3 renovar su [&hellip;]<\/p>\n","protected":false},"author":1,"featured_media":46528,"comment_status":"closed","ping_status":"closed","sticky":false,"template":"","format":"standard","meta":{"om_disable_all_campaigns":false,"_monsterinsights_skip_tracking":false,"_monsterinsights_sitenote_active":false,"_monsterinsights_sitenote_note":"","_monsterinsights_sitenote_category":0},"categories":[18],"tags":[],"aioseo_notices":[],"_links":{"self":[{"href":"https:\/\/economiapoliticacba.com\/index.php?rest_route=\/wp\/v2\/posts\/46527"}],"collection":[{"href":"https:\/\/economiapoliticacba.com\/index.php?rest_route=\/wp\/v2\/posts"}],"about":[{"href":"https:\/\/economiapoliticacba.com\/index.php?rest_route=\/wp\/v2\/types\/post"}],"author":[{"embeddable":true,"href":"https:\/\/economiapoliticacba.com\/index.php?rest_route=\/wp\/v2\/users\/1"}],"replies":[{"embeddable":true,"href":"https:\/\/economiapoliticacba.com\/index.php?rest_route=%2Fwp%2Fv2%2Fcomments&post=46527"}],"version-history":[{"count":0,"href":"https:\/\/economiapoliticacba.com\/index.php?rest_route=\/wp\/v2\/posts\/46527\/revisions"}],"wp:featuredmedia":[{"embeddable":true,"href":"https:\/\/economiapoliticacba.com\/index.php?rest_route=\/wp\/v2\/media\/46528"}],"wp:attachment":[{"href":"https:\/\/economiapoliticacba.com\/index.php?rest_route=%2Fwp%2Fv2%2Fmedia&parent=46527"}],"wp:term":[{"taxonomy":"category","embeddable":true,"href":"https:\/\/economiapoliticacba.com\/index.php?rest_route=%2Fwp%2Fv2%2Fcategories&post=46527"},{"taxonomy":"post_tag","embeddable":true,"href":"https:\/\/economiapoliticacba.com\/index.php?rest_route=%2Fwp%2Fv2%2Ftags&post=46527"}],"curies":[{"name":"wp","href":"https:\/\/api.w.org\/{rel}","templated":true}]}}