{"id":46521,"date":"2025-12-31T18:35:00","date_gmt":"2025-12-31T18:35:00","guid":{"rendered":"https:\/\/www.iprofesional.com\/legales\/445111-compra-de-telefonica-por-telecom-sigue-sin-aval-oficial-a-diez-meses-de-operacion"},"modified":"2025-12-31T18:35:00","modified_gmt":"2025-12-31T18:35:00","slug":"la-compra-de-telefonica-por-telecom-sigue-sin-aval-oficial-a-diez-meses-de-cerrada-la-operacion","status":"publish","type":"post","link":"https:\/\/economiapoliticacba.com\/?p=46521","title":{"rendered":"La compra de Telef\u00f3nica por Telecom sigue sin aval oficial a diez meses de cerrada la operaci\u00f3n"},"content":{"rendered":"<p><img src=\"http:\/\/economiapoliticacba.com\/wp-content\/uploads\/2026\/01\/la-compra-de-telefonica-por-telecom-sigue-sin-aval-oficial-a-diez-meses-de-cerrada-la-operacion.jpg\"> La transacci\u00f3n, valuada en m\u00e1s de 1.200 millones de d\u00f3lares, permanece bajo an\u00e1lisis del Enacom y de la Comisi\u00f3n Nacional de Defensa de la Competencia <iframe width=\"0\" height=\"0\" border=\"0\"> <script> (function(i,s,o,g,r,a,m){i['GoogleAnalyticsObject']=r;i[r]=i[r]||function(){ (i[r].q=i[r].q||[]).push(arguments)},i[r].l=1*new Date();a=s.createElement(o), m=s.getElementsByTagName(o)[0];a.async=1;a.src=g;m.parentNode.insertBefore(a,m) })(window,document,'script','https:\/\/www.google-analytics.com\/analytics.js','ga'); ga('create', 'GTM-5LW5KQD', 'auto'); ga('require', 'displayfeatures'); ga('set', 'campaignSource', 'RSS Client for iProfesional'); ga('set', 'campaignMedium', 'RSS Client for iProfesional'); ga('set', {\"dataSource\": \"rss.atom.iprofesional.com\"}); ga('set', {\"referrer\": \"rss.atom.iprofesional.com\"}); ga('set', 'title', 'RSS Client for iProfesional'); ga('send', 'pageview'); <\/script> <!-- Begin comScore Tag --> <script> var _comscore = _comscore || []; _comscore.push({ c1: \"2\", c2: \"16597048\" }); (function() { var s = document.createElement(\"script\"), el = document.getElementsByTagName(\"script\")[0]; s.async = true; s.src = \"https:\/\/sb.scorecardresearch.com\/cs\/16597048\/beacon.js\"; el.parentNode.insertBefore(s, el); })(); <\/script> <noscript> <img src=\"http:\/\/economiapoliticacba.com\/wp-content\/uploads\/2026\/01\/la-compra-de-telefonica-por-telecom-sigue-sin-aval-oficial-a-diez-meses-de-cerrada-la-operacion.gif\"> <\/noscript> <!-- End comScore Tag --> <\/iframe> <iframe border=\"0px\" style=\"display: none\" width=0 height=0 src=\"https:\/\/www.iprofesional.com\/ga4.html?gtag_id=G-N13KWJP8BK&amp;title=La compra de Telef\u00f3nica por Telecom sigue sin aval oficial a diez meses de cerrada la operaci\u00f3n&amp;location=https:\/\/www.iprofesional.com\/legales\/445111-compra-de-telefonica-por-telecom-sigue-sin-aval-oficial-a-diez-meses-de-operacion&amp;referrer=rss.atom.iprofesional.com&amp;ci=RSS Client for iProfesional&amp;cs=RSS Client for iProfesional&amp;cm=RSS&amp;cn=RSS Client for iProfesional&amp;cc=RSS Client for iProfesional\"><\/iframe> <\/p>\n","protected":false},"excerpt":{"rendered":"<p>La transacci\u00f3n, valuada en m\u00e1s de 1.200 millones de d\u00f3lares, permanece bajo an\u00e1lisis del Enacom y de la Comisi\u00f3n Nacional de Defensa de la Competencia<\/p>\n","protected":false},"author":1,"featured_media":46522,"comment_status":"open","ping_status":"closed","sticky":false,"template":"","format":"standard","meta":{"om_disable_all_campaigns":false,"_monsterinsights_skip_tracking":false,"_monsterinsights_sitenote_active":false,"_monsterinsights_sitenote_note":"","_monsterinsights_sitenote_category":0},"categories":[19],"tags":[],"aioseo_notices":[],"_links":{"self":[{"href":"https:\/\/economiapoliticacba.com\/index.php?rest_route=\/wp\/v2\/posts\/46521"}],"collection":[{"href":"https:\/\/economiapoliticacba.com\/index.php?rest_route=\/wp\/v2\/posts"}],"about":[{"href":"https:\/\/economiapoliticacba.com\/index.php?rest_route=\/wp\/v2\/types\/post"}],"author":[{"embeddable":true,"href":"https:\/\/economiapoliticacba.com\/index.php?rest_route=\/wp\/v2\/users\/1"}],"replies":[{"embeddable":true,"href":"https:\/\/economiapoliticacba.com\/index.php?rest_route=%2Fwp%2Fv2%2Fcomments&post=46521"}],"version-history":[{"count":0,"href":"https:\/\/economiapoliticacba.com\/index.php?rest_route=\/wp\/v2\/posts\/46521\/revisions"}],"wp:featuredmedia":[{"embeddable":true,"href":"https:\/\/economiapoliticacba.com\/index.php?rest_route=\/wp\/v2\/media\/46522"}],"wp:attachment":[{"href":"https:\/\/economiapoliticacba.com\/index.php?rest_route=%2Fwp%2Fv2%2Fmedia&parent=46521"}],"wp:term":[{"taxonomy":"category","embeddable":true,"href":"https:\/\/economiapoliticacba.com\/index.php?rest_route=%2Fwp%2Fv2%2Fcategories&post=46521"},{"taxonomy":"post_tag","embeddable":true,"href":"https:\/\/economiapoliticacba.com\/index.php?rest_route=%2Fwp%2Fv2%2Ftags&post=46521"}],"curies":[{"name":"wp","href":"https:\/\/api.w.org\/{rel}","templated":true}]}}