{"id":46508,"date":"2025-12-31T16:38:15","date_gmt":"2025-12-31T16:38:15","guid":{"rendered":"http:\/\/69554ff32128774661798955"},"modified":"2025-12-31T16:38:15","modified_gmt":"2025-12-31T16:38:15","slug":"roberto-carlos-operacion-de-urgencia-y-preocupacion-por-su-salud","status":"publish","type":"post","link":"https:\/\/economiapoliticacba.com\/?p=46508","title":{"rendered":"Roberto Carlos: operaci\u00f3n de urgencia y preocupaci\u00f3n por su salud"},"content":{"rendered":"<p><img src=\"http:\/\/economiapoliticacba.com\/wp-content\/uploads\/2026\/01\/roberto-carlos-operacion-de-urgencia-y-preocupacion-por-su-salud.jpg\"><\/p>\n<p>Roberto Carlos da Silva Rocha se encuentra internado en un hospital de Brasil luego de haber sido sometido a una intervenci\u00f3n card\u00edaca de urgencia. El exlateral izquierdo del Real Madrid y de la selecci\u00f3n brasile\u00f1a estaba de vacaciones en su pa\u00eds cuando acudi\u00f3 a realizarse controles m\u00e9dicos a ra\u00edz de un peque\u00f1o trombo detectado en una de sus piernas.<\/p>\n<figure class=\"multimedia\" data-tadevel-template=\"web\/multimedia\" data-type=\"photo\">\n<div class=\"content\">\n<div class=\"sizer\" data-sizer=\"aspect-ratio\" data-tadevel-template=\"web\/aspect-ratio\"><img alt=\"Roberto Carlos: operaci\u00f3n de urgencia y preocupaci\u00f3n por su salud\" loading=\"lazy\"><\/div>\n<\/div>\n<\/figure>\n<p>Durante los estudios iniciales, los profesionales de la salud decidieron avanzar con una resonancia magn\u00e9tica de cuerpo completo. En ese examen se constat\u00f3 que el coraz\u00f3n del exfutbolista presentaba un rendimiento muy por debajo de los par\u00e1metros considerados normales, lo que motiv\u00f3 su internaci\u00f3n inmediata y la posterior derivaci\u00f3n al quir\u00f3fano.<\/p>\n<figure class=\"multimedia\" data-tadevel-template=\"web\/multimedia\" data-type=\"photo\">\n<div class=\"content\">\n<div class=\"sizer\" data-sizer=\"aspect-ratio\" data-tadevel-template=\"web\/aspect-ratio\"><img alt=\"Roberto Carlos: operaci\u00f3n de urgencia y preocupaci\u00f3n por su salud\" loading=\"lazy\"><\/div>\n<\/div>\n<\/figure>\n<p>La intervenci\u00f3n consisti\u00f3 en la colocaci\u00f3n de un cat\u00e9ter y, si bien estaba programada para una duraci\u00f3n aproximada de 40 minutos, se extendi\u00f3 por cerca de tres horas debido a una complicaci\u00f3n surgida durante el procedimiento. Finalmente, la cirug\u00eda se complet\u00f3 con \u00e9xito y el paciente evolucion\u00f3 de manera favorable.<\/p>\n<p>Seg\u00fan inform\u00f3 el diario espa\u00f1ol <i>As<\/i>, Roberto Carlos se encuentra fuera de peligro, aunque continuar\u00e1 bajo estricta vigilancia m\u00e9dica al menos durante las pr\u00f3ximas 48 horas, per\u00edodo clave para evaluar su recuperaci\u00f3n y una eventual alta.<\/p>\n<p>Desde su entorno llevaron tranquilidad y el propio exjugador, actual embajador del Real Madrid, envi\u00f3 un breve mensaje para confirmar su estado de salud: \u201cAhora ya estoy bien\u201d.<\/p>\n<figure class=\"multimedia\" data-tadevel-template=\"web\/multimedia\" data-type=\"photo\">\n<div class=\"content\">\n<div class=\"sizer\" data-sizer=\"aspect-ratio\" data-tadevel-template=\"web\/aspect-ratio\"><img alt=\"Roberto Carlos: operaci\u00f3n de urgencia y preocupaci\u00f3n por su salud\" loading=\"lazy\"><\/div>\n<\/div>\n<\/figure>\n<figure class=\"multimedia\" data-tadevel-template=\"web\/multimedia\" data-type=\"photo\">\n<div class=\"content\">\n<div class=\"sizer\" data-sizer=\"aspect-ratio\" data-tadevel-template=\"web\/aspect-ratio\"><img alt=\"Roberto Carlos: operaci\u00f3n de urgencia y preocupaci\u00f3n por su salud\" loading=\"lazy\"><\/div>\n<\/div>\n<\/figure>\n","protected":false},"excerpt":{"rendered":"<p>Roberto Carlos da Silva Rocha se encuentra internado en un hospital de Brasil luego de haber sido sometido a una intervenci\u00f3n card\u00edaca de urgencia. El exlateral izquierdo del Real Madrid y de la selecci\u00f3n brasile\u00f1a estaba de vacaciones en su pa\u00eds cuando acudi\u00f3 a realizarse controles m\u00e9dicos a ra\u00edz de un peque\u00f1o trombo detectado en [&hellip;]<\/p>\n","protected":false},"author":1,"featured_media":46509,"comment_status":"closed","ping_status":"closed","sticky":false,"template":"","format":"standard","meta":{"om_disable_all_campaigns":false,"_monsterinsights_skip_tracking":false,"_monsterinsights_sitenote_active":false,"_monsterinsights_sitenote_note":"","_monsterinsights_sitenote_category":0},"categories":[18],"tags":[],"aioseo_notices":[],"_links":{"self":[{"href":"https:\/\/economiapoliticacba.com\/index.php?rest_route=\/wp\/v2\/posts\/46508"}],"collection":[{"href":"https:\/\/economiapoliticacba.com\/index.php?rest_route=\/wp\/v2\/posts"}],"about":[{"href":"https:\/\/economiapoliticacba.com\/index.php?rest_route=\/wp\/v2\/types\/post"}],"author":[{"embeddable":true,"href":"https:\/\/economiapoliticacba.com\/index.php?rest_route=\/wp\/v2\/users\/1"}],"replies":[{"embeddable":true,"href":"https:\/\/economiapoliticacba.com\/index.php?rest_route=%2Fwp%2Fv2%2Fcomments&post=46508"}],"version-history":[{"count":0,"href":"https:\/\/economiapoliticacba.com\/index.php?rest_route=\/wp\/v2\/posts\/46508\/revisions"}],"wp:featuredmedia":[{"embeddable":true,"href":"https:\/\/economiapoliticacba.com\/index.php?rest_route=\/wp\/v2\/media\/46509"}],"wp:attachment":[{"href":"https:\/\/economiapoliticacba.com\/index.php?rest_route=%2Fwp%2Fv2%2Fmedia&parent=46508"}],"wp:term":[{"taxonomy":"category","embeddable":true,"href":"https:\/\/economiapoliticacba.com\/index.php?rest_route=%2Fwp%2Fv2%2Fcategories&post=46508"},{"taxonomy":"post_tag","embeddable":true,"href":"https:\/\/economiapoliticacba.com\/index.php?rest_route=%2Fwp%2Fv2%2Ftags&post=46508"}],"curies":[{"name":"wp","href":"https:\/\/api.w.org\/{rel}","templated":true}]}}