{"id":46486,"date":"2025-12-30T18:19:56","date_gmt":"2025-12-30T18:19:56","guid":{"rendered":"https:\/\/camcomcba.com.ar\/?p=18734"},"modified":"2025-12-30T18:19:56","modified_gmt":"2025-12-30T18:19:56","slug":"calendario-de-feriados-2026","status":"publish","type":"post","link":"https:\/\/economiapoliticacba.com\/?p=46486","title":{"rendered":"Calendario de feriados 2026"},"content":{"rendered":"<p><img loading=\"lazy\" width=\"1280\" height=\"720\" src=\"http:\/\/economiapoliticacba.com\/wp-content\/uploads\/2025\/12\/calendario-de-feriados-2026.png\" class=\"imgres wp-post-image\" alt decoding=\"async\" fetchpriority=\"high\" srcset=\"http:\/\/economiapoliticacba.com\/wp-content\/uploads\/2025\/12\/calendario-de-feriados-2026.png 1280w, http:\/\/economiapoliticacba.com\/wp-content\/uploads\/2025\/12\/calendario-de-feriados-2026-2.png 640w, http:\/\/economiapoliticacba.com\/wp-content\/uploads\/2025\/12\/calendario-de-feriados-2026-3.png 320w, http:\/\/economiapoliticacba.com\/wp-content\/uploads\/2025\/12\/calendario-de-feriados-2026-4.png 768w, http:\/\/economiapoliticacba.com\/wp-content\/uploads\/2025\/12\/calendario-de-feriados-2026-5.png 1536w, http:\/\/economiapoliticacba.com\/wp-content\/uploads\/2025\/12\/calendario-de-feriados-2026-6.png 1920w\" sizes=\"(max-width: 1280px) 100vw, 1280px\"><small class=\"text-right\">30\/12\/2025<\/small> <\/p>\n<hr>\n<p><small><\/small><\/p>\n<hr>\n<p data-start=\"317\" data-end=\"759\">Desde la <strong data-start=\"326\" data-end=\"359\">C\u00e1mara de Comercio de C\u00f3rdoba<\/strong> compartimos el <strong data-start=\"375\" data-end=\"441\">calendario de feriados nacionales establecido para el a\u00f1o 2026<\/strong>.<\/p>\n<p data-start=\"761\" data-end=\"817\">De acuerdo con el <strong data-start=\"779\" data-end=\"801\">calendario oficial<\/strong>, en 2026 habr\u00e1:<\/p>\n<p data-start=\"317\" data-end=\"759\"><img loading=\"lazy\" decoding=\"async\" class=\"aligncenter wp-image-18735\" src=\"http:\/\/economiapoliticacba.com\/wp-content\/uploads\/2025\/12\/calendario-de-feriados-2026-1.png\" alt width=\"751\" height=\"422\" srcset=\"http:\/\/economiapoliticacba.com\/wp-content\/uploads\/2025\/12\/calendario-de-feriados-2026-1.png 640w, http:\/\/economiapoliticacba.com\/wp-content\/uploads\/2025\/12\/calendario-de-feriados-2026-7.png 1280w, http:\/\/economiapoliticacba.com\/wp-content\/uploads\/2025\/12\/calendario-de-feriados-2026-8.png 320w, http:\/\/economiapoliticacba.com\/wp-content\/uploads\/2025\/12\/calendario-de-feriados-2026-9.png 768w, http:\/\/economiapoliticacba.com\/wp-content\/uploads\/2025\/12\/calendario-de-feriados-2026-10.png 1536w, http:\/\/economiapoliticacba.com\/wp-content\/uploads\/2025\/12\/calendario-de-feriados-2026-11.png 1920w\" sizes=\"(max-width: 751px) 100vw, 751px\"><\/p>\n<h3 data-start=\"1233\" data-end=\"1276\">\u00bfQu\u00e9 fechas incluye el calendario 2026?<\/h3>\n<p data-start=\"1278\" data-end=\"1302\"><strong data-start=\"1278\" data-end=\"1302\">Feriados inamovibles<\/strong><\/p>\n<ul data-start=\"1303\" data-end=\"2001\" readability=\"8\">\n<li data-start=\"1303\" data-end=\"1338\" readability=\"-1\">\n<p data-start=\"1305\" data-end=\"1338\"><em data-start=\"1305\" data-end=\"1325\">Jueves 1\u00b0 de enero<\/em>: A\u00f1o Nuevo<\/p>\n<\/li>\n<li data-start=\"1339\" data-end=\"1386\" readability=\"-1\">\n<p data-start=\"1341\" data-end=\"1386\"><em data-start=\"1341\" data-end=\"1374\">Lunes 16 y martes 17 de febrero<\/em>: Carnaval<\/p>\n<\/li>\n<li data-start=\"1387\" data-end=\"1467\" readability=\"-1\">\n<p data-start=\"1389\" data-end=\"1467\"><em data-start=\"1389\" data-end=\"1409\">Martes 24 de marzo<\/em>: D\u00eda Nacional de la Memoria por la Verdad y la Justicia<\/p>\n<\/li>\n<li data-start=\"1468\" data-end=\"1550\" readability=\"-1\">\n<p data-start=\"1470\" data-end=\"1550\"><em data-start=\"1470\" data-end=\"1489\">Jueves 2 de abril<\/em>: D\u00eda del Veterano y de los Ca\u00eddos en la Guerra de Malvinas<\/p>\n<\/li>\n<li data-start=\"1551\" data-end=\"1590\" readability=\"-1\">\n<p data-start=\"1553\" data-end=\"1590\"><em data-start=\"1553\" data-end=\"1573\">Viernes 3 de abril<\/em>: Viernes Santo<\/p>\n<\/li>\n<li data-start=\"1591\" data-end=\"1635\" readability=\"-1\">\n<p data-start=\"1593\" data-end=\"1635\"><em data-start=\"1593\" data-end=\"1613\">Viernes 1\u00b0 de mayo<\/em>: D\u00eda del Trabajador<\/p>\n<\/li>\n<li data-start=\"1636\" data-end=\"1688\" readability=\"-1\">\n<p data-start=\"1638\" data-end=\"1688\"><em data-start=\"1638\" data-end=\"1656\">Lunes 25 de mayo<\/em>: D\u00eda de la Revoluci\u00f3n de Mayo<\/p>\n<\/li>\n<li data-start=\"1689\" data-end=\"1765\" readability=\"-1\">\n<p data-start=\"1691\" data-end=\"1765\"><em data-start=\"1691\" data-end=\"1711\">S\u00e1bado 20 de junio<\/em>: Paso a la Inmortalidad del General Manuel Belgrano<\/p>\n<\/li>\n<li data-start=\"1766\" data-end=\"1814\" readability=\"-1\">\n<p data-start=\"1768\" data-end=\"1814\"><em data-start=\"1768\" data-end=\"1787\">Jueves 9 de julio<\/em>: D\u00eda de la Independencia<\/p>\n<\/li>\n<li data-start=\"1815\" data-end=\"1884\" readability=\"-1\">\n<p data-start=\"1817\" data-end=\"1884\"><em data-start=\"1817\" data-end=\"1840\">Martes 8 de diciembre<\/em>: D\u00eda de la Inmaculada Concepci\u00f3n de Mar\u00eda<\/p>\n<\/li>\n<li data-start=\"1885\" data-end=\"2001\" readability=\"-1\">\n<p data-start=\"1887\" data-end=\"2001\"><em data-start=\"1887\" data-end=\"1912\">Viernes 25 de diciembre<\/em>: Navidad<\/p>\n<\/li>\n<\/ul>\n<p data-start=\"2003\" data-end=\"2028\"><strong data-start=\"2003\" data-end=\"2028\">Feriados trasladables<\/strong><\/p>\n<ul data-start=\"2029\" data-end=\"2477\" readability=\"2\">\n<li data-start=\"2029\" data-end=\"2120\" readability=\"0\">\n<p data-start=\"2031\" data-end=\"2120\"><em data-start=\"2031\" data-end=\"2054\">Feriado del 20 de junio pasa al Mi\u00e9rcoles 17 de junio<\/em>: Paso a la Inmortalidad del General Don Mart\u00edn Miguel de G\u00fcemes<\/p>\n<\/li>\n<li data-start=\"2121\" data-end=\"2204\" readability=\"0\">\n<p data-start=\"2123\" data-end=\"2204\"><em data-start=\"2123\" data-end=\"2143\">Lunes 17 de agosto se mantiene en la misma fecha<\/em>: Paso a la Inmortalidad del General Don Jos\u00e9 de San Mart\u00edn<\/p>\n<\/li>\n<li data-start=\"2205\" data-end=\"2272\" readability=\"-1\">\n<p data-start=\"2207\" data-end=\"2272\"><em data-start=\"2207\" data-end=\"2228\">Lunes 12 de octubre se mantiene en la misma fecha<\/em>: D\u00eda de la raza<\/p>\n<\/li>\n<li data-start=\"2273\" data-end=\"2477\" readability=\"-1\">\n<p data-start=\"2275\" data-end=\"2477\"><em data-start=\"2275\" data-end=\"2300\">Viernes 20 de noviembre se traslada al lunes 23 de noviembre<\/em>: D\u00eda de la Soberan\u00eda Nacional<\/p>\n<\/li>\n<\/ul>\n<p data-start=\"2479\" data-end=\"2522\"><strong data-start=\"2479\" data-end=\"2522\">D\u00edas no laborables con fines tur\u00edsticos<\/strong><\/p>\n<ul data-start=\"2523\" data-end=\"2846\" readability=\"0\">\n<li data-start=\"2523\" data-end=\"2546\">\n<p data-start=\"2525\" data-end=\"2546\"><em data-start=\"2525\" data-end=\"2544\">Lunes 23 de marzo<\/em><\/p>\n<\/li>\n<li data-start=\"2547\" data-end=\"2572\">\n<p data-start=\"2549\" data-end=\"2572\"><em data-start=\"2549\" data-end=\"2570\">Viernes 10 de julio<\/em><\/p>\n<\/li>\n<li data-start=\"2573\" data-end=\"2846\" readability=\"3\">\n<p data-start=\"2575\" data-end=\"2846\"><em data-start=\"2575\" data-end=\"2597\">Lunes 7 de diciembre<\/em><br data-start=\"2597\" data-end=\"2600\">Estos d\u00edas no son feriados nacionales obligatorios, pero fueron establecidos oficialmente para fomentar el turismo interno, promoviendo la extensi\u00f3n de fines de semana para descanso y actividades recreativas<\/p>\n<\/li>\n<\/ul>\n<hr>\n","protected":false},"excerpt":{"rendered":"<p>30\/12\/2025 Desde la C\u00e1mara de Comercio de C\u00f3rdoba compartimos el calendario de feriados nacionales establecido para el a\u00f1o 2026. De acuerdo con el calendario oficial, en 2026 habr\u00e1: \u00bfQu\u00e9 fechas incluye el calendario 2026? Feriados inamovibles Jueves 1\u00b0 de enero: A\u00f1o Nuevo Lunes 16 y martes 17 de febrero: Carnaval Martes 24 de marzo: D\u00eda [&hellip;]<\/p>\n","protected":false},"author":1,"featured_media":46487,"comment_status":"closed","ping_status":"closed","sticky":false,"template":"","format":"standard","meta":{"om_disable_all_campaigns":false,"_monsterinsights_skip_tracking":false,"_monsterinsights_sitenote_active":false,"_monsterinsights_sitenote_note":"","_monsterinsights_sitenote_category":0},"categories":[17,19],"tags":[],"aioseo_notices":[],"_links":{"self":[{"href":"https:\/\/economiapoliticacba.com\/index.php?rest_route=\/wp\/v2\/posts\/46486"}],"collection":[{"href":"https:\/\/economiapoliticacba.com\/index.php?rest_route=\/wp\/v2\/posts"}],"about":[{"href":"https:\/\/economiapoliticacba.com\/index.php?rest_route=\/wp\/v2\/types\/post"}],"author":[{"embeddable":true,"href":"https:\/\/economiapoliticacba.com\/index.php?rest_route=\/wp\/v2\/users\/1"}],"replies":[{"embeddable":true,"href":"https:\/\/economiapoliticacba.com\/index.php?rest_route=%2Fwp%2Fv2%2Fcomments&post=46486"}],"version-history":[{"count":0,"href":"https:\/\/economiapoliticacba.com\/index.php?rest_route=\/wp\/v2\/posts\/46486\/revisions"}],"wp:featuredmedia":[{"embeddable":true,"href":"https:\/\/economiapoliticacba.com\/index.php?rest_route=\/wp\/v2\/media\/46487"}],"wp:attachment":[{"href":"https:\/\/economiapoliticacba.com\/index.php?rest_route=%2Fwp%2Fv2%2Fmedia&parent=46486"}],"wp:term":[{"taxonomy":"category","embeddable":true,"href":"https:\/\/economiapoliticacba.com\/index.php?rest_route=%2Fwp%2Fv2%2Fcategories&post=46486"},{"taxonomy":"post_tag","embeddable":true,"href":"https:\/\/economiapoliticacba.com\/index.php?rest_route=%2Fwp%2Fv2%2Ftags&post=46486"}],"curies":[{"name":"wp","href":"https:\/\/api.w.org\/{rel}","templated":true}]}}