{"id":46475,"date":"2025-12-30T16:39:00","date_gmt":"2025-12-30T16:39:00","guid":{"rendered":"http:\/\/6953fe76212877466170b2d4"},"modified":"2025-12-30T16:39:00","modified_gmt":"2025-12-30T16:39:00","slug":"grave-lesion-en-belgrano-una-de-las-joyitas-del-club-se-rompio-los-cruzados","status":"publish","type":"post","link":"https:\/\/economiapoliticacba.com\/?p=46475","title":{"rendered":"Grave lesi\u00f3n en Belgrano: una de las \u201cjoyitas\u201d del club se rompi\u00f3 los cruzados"},"content":{"rendered":"<p><img src=\"http:\/\/economiapoliticacba.com\/wp-content\/uploads\/2025\/12\/grave-lesion-en-belgrano-una-de-las-joyitas-del-club-se-rompio-los-cruzados.jpg\"><\/p>\n<p>La \u00faltima pr\u00e1ctica del a\u00f1o en Villa Esqui\u00fa dej\u00f3 un sabor amargo para el mundo pirata. Es que, la jornada qued\u00f3 marcada por la confirmaci\u00f3n de una p\u00e9sima noticia en el parte m\u00e9dico.<\/p>\n<p><strong>Gast\u00f3n Mart\u00ednez<\/strong>, volante de 20 a\u00f1os que ven\u00eda alternando en Reserva y que hab\u00eda firmado su primer contrato profesional a mediados de diciembre, sufri\u00f3 la <strong>ruptura del ligamento cruzado anterior de su rodilla derecha<\/strong>, con compromiso del menisco interno.<\/p>\n<figure class=\"multimedia\" data-tadevel-template=\"web\/multimedia\" data-type=\"photo\">\n<div class=\"content\">\n<div class=\"sizer\" data-sizer=\"aspect-ratio\" data-tadevel-template=\"web\/aspect-ratio\"><img alt=\"Grave lesi\u00f3n en Belgrano: una de las \u201cjoyitas\u201d del club se rompi\u00f3 los cruzados\" loading=\"lazy\"><\/div>\n<\/div>\n<\/figure>\n<p>Seg\u00fan inform\u00f3 el club, el jugador ya comenz\u00f3 con el proceso de rehabilitaci\u00f3n prequir\u00fargica y tendr\u00e1 para un largo tiempo de recuperaci\u00f3n fuera de las canchas.<\/p>\n<h3><strong>Licencia del plantel y salidas<\/strong><\/h3>\n<p>En cuanto a lo estrictamente deportivo, el plantel entren\u00f3 este martes por la ma\u00f1ana y qued\u00f3 licenciado hasta el <strong>viernes 2 de enero<\/strong>, cuando retomar\u00e1n los trabajos pensando en el inicio de la competencia.<\/p>\n<figure class=\"multimedia\" data-tadevel-template=\"web\/multimedia\" data-type=\"photo\">\n<div class=\"content\">\n<div class=\"sizer\" data-sizer=\"aspect-ratio\" data-tadevel-template=\"web\/aspect-ratio\"><img alt=\"Grave lesi\u00f3n en Belgrano: una de las \u201cjoyitas\u201d del club se rompi\u00f3 los cruzados\" loading=\"lazy\"><\/div>\n<\/div><figcaption class=\"caption\">\n<div class=\"attribution\">Foto: Prensa Belgrano.<\/div>\n<\/figcaption><\/figure>\n<p>El club oficializ\u00f3 que <strong>Lucas Menossi<\/strong> y <strong>El\u00edas L\u00f3pez<\/strong> finalizaron sus v\u00ednculos con la instituci\u00f3n y no seguir\u00e1n vistiendo la celeste. Estas bajas se suman a la salida de Gabriel Compagnucci.<\/p>\n<figure class=\"multimedia\" data-tadevel-template=\"web\/multimedia\" data-type=\"photo\">\n<div class=\"content\">\n<div class=\"sizer\" data-sizer=\"aspect-ratio\" data-tadevel-template=\"web\/aspect-ratio\"><img alt=\"Pedro Milans suena en la \u201cB\u201d.\" loading=\"lazy\"><\/div>\n<\/div><figcaption class=\"caption\">\n<div class=\"description\">Pedro Milans suena en la \u201cB\u201d.<\/div>\n<\/figcaption><\/figure>\n<p>Con el lateral derecho despoblado tras las partidas de L\u00f3pez y Compagnucci, el &#8220;Ruso&#8221; busca opciones urgentes. En la carpeta de la dirigencia aparecen <strong>Marcelo Weigandt<\/strong> y el uruguayo <strong>Pedro Milans<\/strong> (actualmente en Pe\u00f1arol) para cubrir el puesto.<\/p>\n<figure class=\"multimedia\" data-tadevel-template=\"web\/multimedia\" data-type=\"photo\">\n<div class=\"content\">\n<div class=\"sizer\" data-sizer=\"aspect-ratio\" data-tadevel-template=\"web\/aspect-ratio\"><img alt=\"Emiliano Rigoni, el sue\u00f1o del \u201cPirata\u201d para este mercado de pases.\" loading=\"lazy\"><\/div>\n<\/div><figcaption class=\"caption\">\n<div class=\"description\">Emiliano Rigoni, el sue\u00f1o del \u201cPirata\u201d para este mercado de pases.<\/div>\n<div class=\"attribution\">Foto: San Pablo.<\/div>\n<\/figcaption><\/figure>\n<p>Sin embargo, el rumor que m\u00e1s ilusiona a los hinchas es el de <strong>Emiliano Rigoni<\/strong>.&nbsp;<\/p>\n<p>El volante queda libre ma\u00f1ana del San Pablo de Brasil y, seg\u00fan trascendi\u00f3, Belgrano ya habr\u00eda realizado una oferta formal para repatriarlo, aunque la negociaci\u00f3n no ser\u00e1 sencilla.<\/p>\n","protected":false},"excerpt":{"rendered":"<p>La \u00faltima pr\u00e1ctica del a\u00f1o en Villa Esqui\u00fa dej\u00f3 un sabor amargo para el mundo pirata. Es que, la jornada qued\u00f3 marcada por la confirmaci\u00f3n de una p\u00e9sima noticia en el parte m\u00e9dico. Gast\u00f3n Mart\u00ednez, volante de 20 a\u00f1os que ven\u00eda alternando en Reserva y que hab\u00eda firmado su primer contrato profesional a mediados de [&hellip;]<\/p>\n","protected":false},"author":1,"featured_media":46476,"comment_status":"closed","ping_status":"closed","sticky":false,"template":"","format":"standard","meta":{"om_disable_all_campaigns":false,"_monsterinsights_skip_tracking":false,"_monsterinsights_sitenote_active":false,"_monsterinsights_sitenote_note":"","_monsterinsights_sitenote_category":0},"categories":[18],"tags":[],"aioseo_notices":[],"_links":{"self":[{"href":"https:\/\/economiapoliticacba.com\/index.php?rest_route=\/wp\/v2\/posts\/46475"}],"collection":[{"href":"https:\/\/economiapoliticacba.com\/index.php?rest_route=\/wp\/v2\/posts"}],"about":[{"href":"https:\/\/economiapoliticacba.com\/index.php?rest_route=\/wp\/v2\/types\/post"}],"author":[{"embeddable":true,"href":"https:\/\/economiapoliticacba.com\/index.php?rest_route=\/wp\/v2\/users\/1"}],"replies":[{"embeddable":true,"href":"https:\/\/economiapoliticacba.com\/index.php?rest_route=%2Fwp%2Fv2%2Fcomments&post=46475"}],"version-history":[{"count":0,"href":"https:\/\/economiapoliticacba.com\/index.php?rest_route=\/wp\/v2\/posts\/46475\/revisions"}],"wp:featuredmedia":[{"embeddable":true,"href":"https:\/\/economiapoliticacba.com\/index.php?rest_route=\/wp\/v2\/media\/46476"}],"wp:attachment":[{"href":"https:\/\/economiapoliticacba.com\/index.php?rest_route=%2Fwp%2Fv2%2Fmedia&parent=46475"}],"wp:term":[{"taxonomy":"category","embeddable":true,"href":"https:\/\/economiapoliticacba.com\/index.php?rest_route=%2Fwp%2Fv2%2Fcategories&post=46475"},{"taxonomy":"post_tag","embeddable":true,"href":"https:\/\/economiapoliticacba.com\/index.php?rest_route=%2Fwp%2Fv2%2Ftags&post=46475"}],"curies":[{"name":"wp","href":"https:\/\/api.w.org\/{rel}","templated":true}]}}