{"id":46470,"date":"2025-12-30T19:07:56","date_gmt":"2025-12-30T19:07:56","guid":{"rendered":"http:\/\/695419172128774661718e2c"},"modified":"2025-12-30T19:07:56","modified_gmt":"2025-12-30T19:07:56","slug":"un-informe-revela-que-la-pobreza-no-bajo-como-establece-el-gobierno-nacional","status":"publish","type":"post","link":"https:\/\/economiapoliticacba.com\/?p=46470","title":{"rendered":"Un informe revela que la pobreza no baj\u00f3 como establece el gobierno nacional"},"content":{"rendered":"<p><img src=\"http:\/\/economiapoliticacba.com\/wp-content\/uploads\/2025\/12\/un-informe-revela-que-la-pobreza-no-bajo-como-establece-el-gobierno-nacional.jpg\"><\/p>\n<p>Contin\u00faan los debates por los n\u00fameros de la pobreza en el pa\u00eds. El presidente Javier Milei repite que han sacado a 12 millones de personas de esa situaci\u00f3n. Pero a los reclamos metodol\u00f3gicos de la Universidad Cat\u00f3lica Argentina (UCA), ahora se sum\u00f3 el \u00faltimo estudio realizado por la consultora Equilibra que advierte que los n\u00edveles de pobreza en Argentina son considerablemente m\u00e1s altos que los informados por el gobierno y no distan del \u00faltimo a\u00f1o de la administraci\u00f3n de Alberto Fern\u00e1ndez.<\/p>\n<p>Seg\u00fan los c\u00e1lculos del trabajo elaborado por Lorenzo Sigaut Gravina, Sebasti\u00e1n Lastiri, Gonzalo Carrera y Micaela Bassi, al actualizar la Canasta B\u00e1sica Total ( CBT) y aplicar correcciones por subdeclaraci\u00f3n de ingresos , la tasa correspondiente al semestre comprendido entre octubre del 2024 y marzo del 2025, la pobreza se ubicar\u00eda en el 43,3%, hasta 8,6 puntos porcentuales por encima de los guarismos oficiales del INDEC.<\/p>\n<figure class=\"multimedia\" data-tadevel-template=\"web\/multimedia\" data-type=\"photo\">\n<div class=\"content\">\n<div class=\"sizer\" data-sizer=\"aspect-ratio\" data-tadevel-template=\"web\/aspect-ratio\"><img alt=\"Un informe revela que la pobreza no baj\u00f3 como establece el gobierno nacional \" loading=\"lazy\"><\/div>\n<\/div>\n<\/figure>\n<p>Los autores remarcan que el INDEC a\u00fan usa ponderaciones del gasto de la Encuesta Nacional de Gastos de los Hogares (ENGHo) del per\u00edodo 2004\/2005, que no refleja ni los nuevos h\u00e1bitos de consumo y, sobre todo, las variaciones de precios de los \u00faltimos a\u00f1os. Situaci\u00f3n que termina subestimando los n\u00edveles de pobreza en un contexto de fuerte inestabilidad econ\u00f3mica y cambios en la modalidad del consumo.<\/p>\n<p>La discusi\u00f3n ocurre justo cuando el organismo que preside el economista vinculado con el massismo, Marco Lavagna, anunci\u00f3 una nueva canasta para el \u00cdndice de Precios al Consumidor (IPC). La \u00faltima revisi\u00f3n fue en el a\u00f1o 2016, aunque tambi\u00e9n con los datos del 2004.<\/p>\n<p>Equilibra por \u00faltimo destaca que la medici\u00f3n oficial de la incidencia de la pobreza en el pa\u00eds enfrenta diversos problemas que conviene corregir para poder obtener una serie m\u00e1s precisa de su evoluci\u00f3n.&nbsp;<\/p>\n","protected":false},"excerpt":{"rendered":"<p>Contin\u00faan los debates por los n\u00fameros de la pobreza en el pa\u00eds. El presidente Javier Milei repite que han sacado a 12 millones de personas de esa situaci\u00f3n. Pero a los reclamos metodol\u00f3gicos de la Universidad Cat\u00f3lica Argentina (UCA), ahora se sum\u00f3 el \u00faltimo estudio realizado por la consultora Equilibra que advierte que los n\u00edveles [&hellip;]<\/p>\n","protected":false},"author":1,"featured_media":46471,"comment_status":"closed","ping_status":"closed","sticky":false,"template":"","format":"standard","meta":{"om_disable_all_campaigns":false,"_monsterinsights_skip_tracking":false,"_monsterinsights_sitenote_active":false,"_monsterinsights_sitenote_note":"","_monsterinsights_sitenote_category":0},"categories":[18],"tags":[],"aioseo_notices":[],"_links":{"self":[{"href":"https:\/\/economiapoliticacba.com\/index.php?rest_route=\/wp\/v2\/posts\/46470"}],"collection":[{"href":"https:\/\/economiapoliticacba.com\/index.php?rest_route=\/wp\/v2\/posts"}],"about":[{"href":"https:\/\/economiapoliticacba.com\/index.php?rest_route=\/wp\/v2\/types\/post"}],"author":[{"embeddable":true,"href":"https:\/\/economiapoliticacba.com\/index.php?rest_route=\/wp\/v2\/users\/1"}],"replies":[{"embeddable":true,"href":"https:\/\/economiapoliticacba.com\/index.php?rest_route=%2Fwp%2Fv2%2Fcomments&post=46470"}],"version-history":[{"count":0,"href":"https:\/\/economiapoliticacba.com\/index.php?rest_route=\/wp\/v2\/posts\/46470\/revisions"}],"wp:featuredmedia":[{"embeddable":true,"href":"https:\/\/economiapoliticacba.com\/index.php?rest_route=\/wp\/v2\/media\/46471"}],"wp:attachment":[{"href":"https:\/\/economiapoliticacba.com\/index.php?rest_route=%2Fwp%2Fv2%2Fmedia&parent=46470"}],"wp:term":[{"taxonomy":"category","embeddable":true,"href":"https:\/\/economiapoliticacba.com\/index.php?rest_route=%2Fwp%2Fv2%2Fcategories&post=46470"},{"taxonomy":"post_tag","embeddable":true,"href":"https:\/\/economiapoliticacba.com\/index.php?rest_route=%2Fwp%2Fv2%2Ftags&post=46470"}],"curies":[{"name":"wp","href":"https:\/\/api.w.org\/{rel}","templated":true}]}}